{"id":8381,"date":"2024-06-14T14:00:43","date_gmt":"2024-06-14T17:00:43","guid":{"rendered":"https:\/\/guialimeira.com.br\/2024\/06\/14\/casos-de-coqueluche-aumentam-em-sp-e-chegam-a-139\/"},"modified":"2024-06-14T14:00:43","modified_gmt":"2024-06-14T17:00:43","slug":"casos-de-coqueluche-aumentam-em-sp-e-chegam-a-139","status":"publish","type":"post","link":"https:\/\/guialimeira.com.br\/news\/casos-de-coqueluche-aumentam-em-sp-e-chegam-a-139\/","title":{"rendered":"Casos de coqueluche aumentam em SP e chegam a 139"},"content":{"rendered":"<p> <br \/>\n<\/p>\n<div>\n<p>Os casos de coqueluche no estado de S\u00e3o Paulo chegaram a 139 de janeiro ao in\u00edcio de junho, um aumento de 768,7% na compara\u00e7\u00e3o com o mesmo per\u00edodo do ano passado, quando houve 16 registros, de acordo com dados da Secretaria Estadual de Sa\u00fade. Causada pela bact\u00e9ria Borderella, a coqueluche, <em>pertussis<\/em> ou tosse comprida, como \u00e9 popularmente conhecida, \u00e9 uma infec\u00e7\u00e3o respirat\u00f3ria.<img data-recalc-dims=\"1\" decoding=\"async\" src=\"https:\/\/i0.wp.com\/agenciabrasil.ebc.com.br\/ebc.png?w=696&#038;ssl=1\" style=\"width:1px; height:1px; display:inline;\"\/><img data-recalc-dims=\"1\" decoding=\"async\" src=\"https:\/\/i0.wp.com\/agenciabrasil.ebc.com.br\/ebc.gif?w=696&#038;ssl=1\" style=\"width:1px; height:1px; display:inline;\"\/><\/p>\n<p>A bact\u00e9ria se aloja na garganta e, em crian\u00e7as, pode ser fatal ao causar insufici\u00eancia respirat\u00f3ria. Como preven\u00e7\u00e3o, existe a vacina pentavalente, oferecida gratuitamente pelo Sistema \u00danico de Sa\u00fade (SUS) aos 2, 4 e 6 meses de vida. Mais dois refor\u00e7os com a vacina DTP (difteria, t\u00e9tano e <em>pertussis<\/em>), conhecida tamb\u00e9m como tr\u00edplice bacteriana infantil, s\u00e3o indicados aos 15 meses e aos quatro anos.<\/p>\n<p>A doen\u00e7a tende a se alastrar mais em tempos de clima ameno ou frio, como na primavera e no inverno, quando as pessoas permanecem mais em ambientes fechados. Basta um contato com a tosse ou secre\u00e7\u00e3o da pessoa com a enfermidade para se infectar. Altamente transmiss\u00edvel, a coqueluche pode gerar, a cada infec\u00e7\u00e3o, 17 casos secund\u00e1rios. O potencial de transmiss\u00e3o \u00e9 semelhante ao do sarampo e da varicela e muito maior do que o da covid-19, que gera em torno de tr\u00eas casos secund\u00e1rios a cada infec\u00e7\u00e3o.<\/p>\n<h2>Vacina<\/h2>\n<p>Segundo a Secretaria de Sa\u00fade, a vacina\u00e7\u00e3o \u00e9 a melhor forma de preven\u00e7\u00e3o e deve ser realizada nos primeiros meses de vida, aos 2, 4 e 6 meses de idade, com intervalo de 60 dias entre as doses. A imuniza\u00e7\u00e3o &#8211; conhecida como pentavalente &#8211; est\u00e1 dispon\u00edvel nas Unidades B\u00e1sicas de Sa\u00fade (UBSs) e Assist\u00eancias M\u00e9dicas Ambulatoriais (AMAs)\/UBSs Integradas e \u00e9 distribu\u00edda pelo Departamento do Programa Nacional de Imuniza\u00e7\u00f5es (DPNI).<\/p>\n<p>A recomenda\u00e7\u00e3o da Secretaria Estadual de Sa\u00fade \u00e9 que gestantes e profissionais de sa\u00fade tamb\u00e9m tomem a vacina. O DPNI ampliou de forma excepcional e tempor\u00e1ria a vacina\u00e7\u00e3o dos profissionais de ber\u00e7\u00e1rio e creches que atendem crian\u00e7as de at\u00e9 quatro anos, com a vacina adsorvida difteria, t\u00e9tano e coqueluche (dTpa).<\/p>\n<p>A diretora do Centro de Vigil\u00e2ncia Epidemiol\u00f3gica (CVE), da Secretaria de Sa\u00fade de S\u00e3o Paulo (SES-SP), Tatiana Lang, explica que, apesar da efic\u00e1cia em prevenir surtos da doen\u00e7a, a vacina\u00e7\u00e3o precisa de refor\u00e7os peri\u00f3dicos.<\/p>\n<p>\u201cA imunidade n\u00e3o \u00e9 duradoura, por isso, \u00e9 importante refor\u00e7ar a vacina\u00e7\u00e3o, que est\u00e1 dispon\u00edvel em todos os 645 munic\u00edpios do estado de S\u00e3o Paulo\u201d, enfatiza. Neste ano, a cobertura vacinal para o imunizante atinge 76,3% do estado.<\/p>\n<h2>Fases<\/h2>\n<p>A coqueluche come\u00e7a com a fase catarral, que dura at\u00e9 duas semanas, marcada por febre pouco intensa, mal-estar geral, coriza e tosse seca, sendo a mais infectante quando a frequ\u00eancia e a intensidade dos acessos de tosse aumentam gradualmente. A segunda fase, que dura de duas a seis semanas, \u00e9 a parox\u00edstica, com febre que se mant\u00e9m baixa, seguida de crises de tosse s\u00fabitas, r\u00e1pidas e curtas, que podem comprometer a respira\u00e7\u00e3o.<\/p>\n<p>Na fase final, de convalescen\u00e7a, os sintomas anteriores diminuem em frequ\u00eancia e intensidade, embora a tosse possa persistir por v\u00e1rios meses.<\/p>\n<p>Quem tiver d\u00favidas sobre a vacina\u00e7\u00e3o pode acessar o portal \u201cVacina 100 D\u00favidas\u201d com as 100 perguntas mais frequentes sobre vacina\u00e7\u00e3o nos buscadores da internet. A ferramenta esclarece quest\u00f5es como efeitos colaterais, efic\u00e1cia das vacinas, doen\u00e7as imunopreven\u00edveis e quais os perigos ao n\u00e3o se imunizar.<a href=\"http:\/\/www.vacina100duvidas.sp.gov.br\" target=\"_blank\" rel=\"noopener\"> O acesso est\u00e1 dispon\u00edvel no link<\/a>.<\/p>\n<\/p><\/div>\n<p><br \/>\n<br \/><a href=\"https:\/\/agenciabrasil.ebc.com.br\/saude\/noticia\/2024-06\/casos-de-coqueluche-aumentam-em-sp-e-chegam-a-139\" rel=\"noopener\">Ag\u00eancia Brasil <\/a><\/p>\n","protected":false},"excerpt":{"rendered":"<p>Os casos de coqueluche no estado de S\u00e3o Paulo chegaram a 139 de janeiro ao in\u00edcio de junho, um aumento de 768,7% na compara\u00e7\u00e3o com o mesmo per\u00edodo do ano passado, quando houve 16 registros, de acordo com dados da Secretaria Estadual de Sa\u00fade. Causada pela bact\u00e9ria Borderella, a coqueluche, pertussis ou tosse comprida, como [&hellip;]<\/p>\n","protected":false},"author":1,"featured_media":6086,"comment_status":"open","ping_status":"open","sticky":false,"template":"","format":"standard","meta":{"_jetpack_newsletter_access":"","_jetpack_dont_email_post_to_subs":false,"_jetpack_newsletter_tier_id":0,"_jetpack_memberships_contains_paywalled_content":false,"_mbp_banners":[],"_jetpack_feature_clip_id":0,"_jetpack_memberships_contains_paid_content":false,"footnotes":"","jetpack_publicize_message":"","jetpack_publicize_feature_enabled":true,"jetpack_social_post_already_shared":true,"jetpack_social_options":{"image_generator_settings":{"template":"highway","default_image_id":0,"font":"","enabled":false},"version":2},"jetpack_post_was_ever_published":false},"categories":[15],"tags":[],"class_list":["post-8381","post","type-post","status-publish","format-standard","has-post-thumbnail","category-saude"],"jetpack_publicize_connections":[],"jetpack-related-posts":[],"jetpack_shortlink":"https:\/\/wp.me\/p7Eq1F-2bb","jetpack_sharing_enabled":true,"jetpack_featured_media_url":"https:\/\/i0.wp.com\/guialimeira.com.br\/news\/wp-content\/uploads\/2024\/05\/dsc8088.jpg?fit=1600%2C800&ssl=1","_links":{"self":[{"href":"https:\/\/guialimeira.com.br\/news\/wp-json\/wp\/v2\/posts\/8381","targetHints":{"allow":["GET"]}}],"collection":[{"href":"https:\/\/guialimeira.com.br\/news\/wp-json\/wp\/v2\/posts"}],"about":[{"href":"https:\/\/guialimeira.com.br\/news\/wp-json\/wp\/v2\/types\/post"}],"author":[{"embeddable":true,"href":"https:\/\/guialimeira.com.br\/news\/wp-json\/wp\/v2\/users\/1"}],"replies":[{"embeddable":true,"href":"https:\/\/guialimeira.com.br\/news\/wp-json\/wp\/v2\/comments?post=8381"}],"version-history":[{"count":0,"href":"https:\/\/guialimeira.com.br\/news\/wp-json\/wp\/v2\/posts\/8381\/revisions"}],"wp:featuredmedia":[{"embeddable":true,"href":"https:\/\/guialimeira.com.br\/news\/wp-json\/wp\/v2\/media\/6086"}],"wp:attachment":[{"href":"https:\/\/guialimeira.com.br\/news\/wp-json\/wp\/v2\/media?parent=8381"}],"wp:term":[{"taxonomy":"category","embeddable":true,"href":"https:\/\/guialimeira.com.br\/news\/wp-json\/wp\/v2\/categories?post=8381"},{"taxonomy":"post_tag","embeddable":true,"href":"https:\/\/guialimeira.com.br\/news\/wp-json\/wp\/v2\/tags?post=8381"}],"curies":[{"name":"wp","href":"https:\/\/api.w.org\/{rel}","templated":true}]}}