{"id":8366,"date":"2024-06-14T11:26:21","date_gmt":"2024-06-14T14:26:21","guid":{"rendered":"https:\/\/guialimeira.com.br\/2024\/06\/14\/novo-plantao-de-vacinacao-acontece-neste-sabado-15-em-limeira\/"},"modified":"2024-06-14T11:26:21","modified_gmt":"2024-06-14T14:26:21","slug":"novo-plantao-de-vacinacao-acontece-neste-sabado-15-em-limeira","status":"publish","type":"post","link":"https:\/\/guialimeira.com.br\/news\/novo-plantao-de-vacinacao-acontece-neste-sabado-15-em-limeira\/","title":{"rendered":"Novo plant\u00e3o de vacina\u00e7\u00e3o acontece neste s\u00e1bado (15) em Limeira"},"content":{"rendered":"<p> <br \/>\n<br \/><img data-recalc-dims=\"1\" decoding=\"async\" src=\"https:\/\/i0.wp.com\/ecrie.com.br\/sistema\/conteudos\/imagem\/m_137_0_1_02032023105323.jpg?w=696&#038;ssl=1\" \/><\/p>\n<p style=\"text-align: justify\" align=\"justify\"><span style=\"font-family: Arial, sans-serif\">Acontece neste s&aacute;bado (15), das 8h &agrave;s 13h, um novo plant&atilde;o de vacina&ccedil;&atilde;o em Limeira. De acordo com a Secretaria de Sa&uacute;de, estar&atilde;o dispon&iacute;veis imunizantes contra Covid-19, gripe, febre amarela e aqueles previstos no Calend&aacute;rio de Vacina&ccedil;&atilde;o.<\/span><\/p>\n<p style=\"text-align: justify\" align=\"justify\"><span style=\"font-family: Arial, sans-serif\">A vacina&ccedil;&atilde;o contra Covid-19 ser&aacute; na UBS Morro Azul, para crian&ccedil;as de seis meses a 11 anos, e na UBS Hip&oacute;lito 1, para maiores de 12 anos. A atualiza&ccedil;&atilde;o vacinal e as doses contra a gripe estar&atilde;o dispon&iacute;veis nas UBSs Morro Azul e Hip&oacute;lito 1. J&aacute; no drive-thru do Parque Cidade ser&aacute; poss&iacute;vel se vacinar contra gripe, Covid-19 (maiores de 5 anos) e febre amarela.<\/span><\/p>\n<p style=\"text-align: justify\" align=\"justify\"><span style=\"font-family: Arial, sans-serif\">A Secretaria de Sa&uacute;de orienta que &eacute; necess&aacute;rio apresentar os documentos pessoais, Carteira de Vacina&ccedil;&atilde;o, comprovante de resid&ecirc;ncia e Cart&atilde;o SUS. Menores de 18 anos devem estar acompanhados pelos pais ou respons&aacute;veis. A vacina&ccedil;&atilde;o da gripe est&aacute; dispon&iacute;vel para toda popula&ccedil;&atilde;o maior de 6 meses.<\/span><\/p>\n<p style=\"text-align: justify\" align=\"justify\"><span style=\"font-family: Arial, sans-serif\"><strong>SERVI&Ccedil;O<\/strong><br \/><strong>Plant&atilde;o de vacina&ccedil;&atilde;o<\/strong><\/span><\/p>\n<p style=\"text-align: justify\" align=\"justify\"><span style=\"font-family: Arial, sans-serif\">S&aacute;bado, 15 de junho, das 8h &agrave;s 13h<\/span><\/p>\n<p style=\"text-align: justify\" align=\"justify\"><span style=\"font-family: Arial, sans-serif\">UBS Morro Azul &ndash; Rua Oswaldo Bertolini, 500 (Covid-19 &ndash; de seis meses a 11 anos, gripe e atualiza&ccedil;&atilde;o vacinal)<\/span><\/p>\n<p style=\"text-align: justify\" align=\"justify\"><span style=\"font-family: Arial, sans-serif\">UBS Hip&oacute;lito 1 &ndash; Rua Arlinda Abreu Ribeiro s\/n&ordm; (Covid-19 &ndash; maiores de 12 anos, gripe e atualiza&ccedil;&atilde;o vacinal)<\/span><\/p>\n<p style=\"text-align: justify\" align=\"justify\"><span style=\"font-family: Arial, sans-serif\">Drive-thru do Parque Cidade &ndash; entrada pelo anel vi&aacute;rio (Covid-19 &ndash; maiores de 5 anos, gripe e febre amarela)<\/span><\/p>\n<p><br \/>\n<br \/><a href=\"https:\/\/limeira.sp.gov.br\/novo-plantao-de-vacinacao-acontece-neste-sabado-15-em-limeira\" rel=\"noopener\">Informa\u00e7\u00f5es da PML <\/a><\/p>\n","protected":false},"excerpt":{"rendered":"<p>Acontece neste s&aacute;bado (15), das 8h &agrave;s 13h, um novo plant&atilde;o de vacina&ccedil;&atilde;o em Limeira. De acordo com a Secretaria de Sa&uacute;de, estar&atilde;o dispon&iacute;veis imunizantes contra Covid-19, gripe, febre amarela e aqueles previstos no Calend&aacute;rio de Vacina&ccedil;&atilde;o. A vacina&ccedil;&atilde;o contra Covid-19 ser&aacute; na UBS Morro Azul, para crian&ccedil;as de seis meses a 11 anos, e [&hellip;]<\/p>\n","protected":false},"author":1,"featured_media":3689,"comment_status":"open","ping_status":"open","sticky":false,"template":"","format":"standard","meta":{"_jetpack_newsletter_access":"","_jetpack_dont_email_post_to_subs":false,"_jetpack_newsletter_tier_id":0,"_jetpack_memberships_contains_paywalled_content":false,"_mbp_banners":[],"_jetpack_feature_clip_id":0,"_jetpack_memberships_contains_paid_content":false,"footnotes":"","jetpack_publicize_message":"","jetpack_publicize_feature_enabled":true,"jetpack_social_post_already_shared":true,"jetpack_social_options":{"image_generator_settings":{"template":"highway","default_image_id":0,"font":"","enabled":false},"version":2},"jetpack_post_was_ever_published":false},"categories":[16],"tags":[],"class_list":["post-8366","post","type-post","status-publish","format-standard","has-post-thumbnail","category-local"],"jetpack_publicize_connections":[],"jetpack-related-posts":[],"jetpack_shortlink":"https:\/\/wp.me\/p7Eq1F-2aW","jetpack_sharing_enabled":true,"jetpack_featured_media_url":"https:\/\/i0.wp.com\/guialimeira.com.br\/news\/wp-content\/uploads\/2024\/05\/m_137_0_1_02032023105323.jpg?fit=1280%2C852&ssl=1","_links":{"self":[{"href":"https:\/\/guialimeira.com.br\/news\/wp-json\/wp\/v2\/posts\/8366","targetHints":{"allow":["GET"]}}],"collection":[{"href":"https:\/\/guialimeira.com.br\/news\/wp-json\/wp\/v2\/posts"}],"about":[{"href":"https:\/\/guialimeira.com.br\/news\/wp-json\/wp\/v2\/types\/post"}],"author":[{"embeddable":true,"href":"https:\/\/guialimeira.com.br\/news\/wp-json\/wp\/v2\/users\/1"}],"replies":[{"embeddable":true,"href":"https:\/\/guialimeira.com.br\/news\/wp-json\/wp\/v2\/comments?post=8366"}],"version-history":[{"count":0,"href":"https:\/\/guialimeira.com.br\/news\/wp-json\/wp\/v2\/posts\/8366\/revisions"}],"wp:featuredmedia":[{"embeddable":true,"href":"https:\/\/guialimeira.com.br\/news\/wp-json\/wp\/v2\/media\/3689"}],"wp:attachment":[{"href":"https:\/\/guialimeira.com.br\/news\/wp-json\/wp\/v2\/media?parent=8366"}],"wp:term":[{"taxonomy":"category","embeddable":true,"href":"https:\/\/guialimeira.com.br\/news\/wp-json\/wp\/v2\/categories?post=8366"},{"taxonomy":"post_tag","embeddable":true,"href":"https:\/\/guialimeira.com.br\/news\/wp-json\/wp\/v2\/tags?post=8366"}],"curies":[{"name":"wp","href":"https:\/\/api.w.org\/{rel}","templated":true}]}}