{"id":836,"date":"2024-04-03T16:55:46","date_gmt":"2024-04-03T19:55:46","guid":{"rendered":"https:\/\/guialimeira.com.br\/2024\/04\/03\/russia-intensifica-criticas-a-thomas-bach-presidente-do-coi\/"},"modified":"2024-04-03T16:55:46","modified_gmt":"2024-04-03T19:55:46","slug":"russia-intensifica-criticas-a-thomas-bach-presidente-do-coi","status":"publish","type":"post","link":"https:\/\/guialimeira.com.br\/news\/russia-intensifica-criticas-a-thomas-bach-presidente-do-coi\/","title":{"rendered":"R\u00fassia intensifica cr\u00edticas a Thomas Bach, presidente do COI"},"content":{"rendered":"<p> <br \/>\n<\/p>\n<div>\n<p>A porta-voz do Minist\u00e9rio das Rela\u00e7\u00f5es Exteriores da R\u00fassia, Maria Zakharova, acusou o presidente do Comit\u00ea Ol\u00edmpico Internacional (COI), Thomas Bach, nesta quarta-feira (3), de desacreditar o esporte internacional e contradizer os princ\u00edpios do movimento ol\u00edmpico.<img data-recalc-dims=\"1\" decoding=\"async\" src=\"https:\/\/i0.wp.com\/agenciabrasil.ebc.com.br\/ebc.png?w=696&#038;ssl=1\" style=\"width:1px; height:1px; display:inline;\"\/><img data-recalc-dims=\"1\" decoding=\"async\" src=\"https:\/\/i0.wp.com\/agenciabrasil.ebc.com.br\/ebc.gif?w=696&#038;ssl=1\" style=\"width:1px; height:1px; display:inline;\"\/><\/p>\n<p>Em entrevista semanal, Zakharova tamb\u00e9m repetiu seu pedido de investiga\u00e7\u00e3o sobre as a\u00e7\u00f5es de Bach.<\/p>\n<p>Bach manteve uma conversa com comediantes russos pensando se tratar de um dirigente esportivo africano, publicada na ter\u00e7a-feira, na qual ele disse que o COI havia solicitado \u00e0 Ucr\u00e2nia que fornecesse informa\u00e7\u00f5es sobre atletas e dirigentes russos como parte de um processo de monitoramento.<\/p>\n<p>O objetivo era garantir que nenhum atleta que tivesse feito declara\u00e7\u00f5es pol\u00edticas em apoio ao governo pudesse participar dos Jogos Ol\u00edmpicos de Paris deste ano.<\/p>\n<p>Zakharova disse que isso representava uma &#8220;conspira\u00e7\u00e3o&#8221; entre o COI e a Ucr\u00e2nia para excluir atletas russos fortes dos Jogos.<\/p>\n<blockquote>\n<p>&#8220;Tudo isso exige an\u00e1lise, estudo e investiga\u00e7\u00e3o profundos e completos. Porque pessoas como Thomas Bach desacreditam o esporte mundial, desacreditam o movimento ol\u00edmpico&#8221;, afirmou ela aos rep\u00f3rteres.<\/p>\n<\/blockquote>\n<p>As rela\u00e7\u00f5es entre a R\u00fassia e o COI pioraram na prepara\u00e7\u00e3o para os Jogos Ol\u00edmpicos de Paris, que come\u00e7am em 26 de julho, onde os atletas russos e bielorrussos competir\u00e3o como neutros, sem suas bandeiras e hinos, e ser\u00e3o exclu\u00eddos do desfile de abertura.<\/p>\n<p>Eles foram inicialmente proibidos de competir internacionalmente ap\u00f3s a invas\u00e3o da Ucr\u00e2nia pela R\u00fassia em fevereiro de 2022, que Moscou chama de &#8220;opera\u00e7\u00e3o militar especial&#8221;.<\/p>\n<p>Bach tamb\u00e9m disse na liga\u00e7\u00e3o falsa que ficaria muito grato pela ajuda para limitar a participa\u00e7\u00e3o africana nos Jogos da Amizade que a R\u00fassia planeja sediar este ano.<\/p>\n<p>O COI disse no m\u00eas passado que o plano da R\u00fassia de realizar &#8220;eventos esportivos com motiva\u00e7\u00e3o puramente pol\u00edtica&#8221; violava os princ\u00edpios da Carta Ol\u00edmpica e que os pa\u00edses n\u00e3o deveriam participar deles.<\/p>\n<p>O porta-voz do Kremlin, Dmitry Peskov, disse na quarta-feira (3) que a atitude de Bach em rela\u00e7\u00e3o aos planos da R\u00fassia de sediar eventos esportivos internacionais era &#8220;inaceit\u00e1vel&#8221; e que o COI estava prejudicando o movimento ol\u00edmpico ao se recusar a se dissociar da pol\u00edtica.<\/p>\n<p><em><strong>* \u00c9 proibida a reprodu\u00e7\u00e3o deste conte\u00fado.<\/strong><\/em><\/p>\n<\/p><\/div>\n<p><br \/>\n<br \/><a href=\"https:\/\/agenciabrasil.ebc.com.br\/esportes\/noticia\/2024-04\/russia-intensifica-criticas-thomas-bach-presidente-do-coi\" rel=\"noopener\">Ag\u00eancia Brasil<\/a><\/p>\n","protected":false},"excerpt":{"rendered":"<p>A porta-voz do Minist\u00e9rio das Rela\u00e7\u00f5es Exteriores da R\u00fassia, Maria Zakharova, acusou o presidente do Comit\u00ea Ol\u00edmpico Internacional (COI), Thomas Bach, nesta quarta-feira (3), de desacreditar o esporte internacional e contradizer os princ\u00edpios do movimento ol\u00edmpico. Em entrevista semanal, Zakharova tamb\u00e9m repetiu seu pedido de investiga\u00e7\u00e3o sobre as a\u00e7\u00f5es de Bach. Bach manteve uma conversa [&hellip;]<\/p>\n","protected":false},"author":1,"featured_media":837,"comment_status":"open","ping_status":"open","sticky":false,"template":"","format":"standard","meta":{"_jetpack_newsletter_access":"","_jetpack_dont_email_post_to_subs":false,"_jetpack_newsletter_tier_id":0,"_jetpack_memberships_contains_paywalled_content":false,"_mbp_banners":[],"_jetpack_feature_clip_id":0,"_jetpack_memberships_contains_paid_content":false,"footnotes":"","jetpack_publicize_message":"","jetpack_publicize_feature_enabled":true,"jetpack_social_post_already_shared":true,"jetpack_social_options":{"image_generator_settings":{"template":"highway","default_image_id":0,"font":"","enabled":false},"version":2},"jetpack_post_was_ever_published":false},"categories":[22],"tags":[],"class_list":["post-836","post","type-post","status-publish","format-standard","has-post-thumbnail","category-nacional"],"jetpack_publicize_connections":[],"jetpack-related-posts":[],"jetpack_shortlink":"https:\/\/wp.me\/p7Eq1F-du","jetpack_sharing_enabled":true,"jetpack_featured_media_url":"https:\/\/i0.wp.com\/guialimeira.com.br\/news\/wp-content\/uploads\/2024\/04\/thomas_bach_presidente_coi_0.jpg?fit=1600%2C800&ssl=1","_links":{"self":[{"href":"https:\/\/guialimeira.com.br\/news\/wp-json\/wp\/v2\/posts\/836","targetHints":{"allow":["GET"]}}],"collection":[{"href":"https:\/\/guialimeira.com.br\/news\/wp-json\/wp\/v2\/posts"}],"about":[{"href":"https:\/\/guialimeira.com.br\/news\/wp-json\/wp\/v2\/types\/post"}],"author":[{"embeddable":true,"href":"https:\/\/guialimeira.com.br\/news\/wp-json\/wp\/v2\/users\/1"}],"replies":[{"embeddable":true,"href":"https:\/\/guialimeira.com.br\/news\/wp-json\/wp\/v2\/comments?post=836"}],"version-history":[{"count":0,"href":"https:\/\/guialimeira.com.br\/news\/wp-json\/wp\/v2\/posts\/836\/revisions"}],"wp:featuredmedia":[{"embeddable":true,"href":"https:\/\/guialimeira.com.br\/news\/wp-json\/wp\/v2\/media\/837"}],"wp:attachment":[{"href":"https:\/\/guialimeira.com.br\/news\/wp-json\/wp\/v2\/media?parent=836"}],"wp:term":[{"taxonomy":"category","embeddable":true,"href":"https:\/\/guialimeira.com.br\/news\/wp-json\/wp\/v2\/categories?post=836"},{"taxonomy":"post_tag","embeddable":true,"href":"https:\/\/guialimeira.com.br\/news\/wp-json\/wp\/v2\/tags?post=836"}],"curies":[{"name":"wp","href":"https:\/\/api.w.org\/{rel}","templated":true}]}}