{"id":8343,"date":"2024-06-13T23:04:42","date_gmt":"2024-06-14T02:04:42","guid":{"rendered":"https:\/\/guialimeira.com.br\/2024\/06\/13\/mesatenista-carla-maia-vai-disputar-paralimpiada-de-paris\/"},"modified":"2024-06-13T23:04:42","modified_gmt":"2024-06-14T02:04:42","slug":"mesatenista-carla-maia-vai-disputar-paralimpiada-de-paris","status":"publish","type":"post","link":"https:\/\/guialimeira.com.br\/news\/mesatenista-carla-maia-vai-disputar-paralimpiada-de-paris\/","title":{"rendered":"Mesatenista Carla Maia vai disputar Paralimp\u00edada de Paris"},"content":{"rendered":"<p> <br \/>\n<\/p>\n<div>\n<p>Ap\u00f3s 20 anos dedicados ao t\u00eanis de mesa, Carla Maia vai disputar\u00a0a primeira Paralimp\u00edada da carreira esportiva. Ir aos Jogos n\u00e3o \u00e9 novidade para a mesatenista, que tamb\u00e9m \u00e9 rep\u00f3rter\u00a0da <strong>TV Brasil<\/strong>, da\u00a0<strong>Empresa Brasil de Comunica\u00e7\u00e3o (EBC)<\/strong>, e cobriu <em>in\u00a0loco<\/em> tr\u00eas Paralimp\u00edadas (Atenas 2004, Londres 2012 e Rio de Janeiro 2016), mas desta vez ela integra a sele\u00e7\u00e3o do Brasil como atleta ap\u00f3s ser convidada pela Federa\u00e7\u00e3o Internacional de T\u00eanis de Mesa (ITTF) para competir nos Jogos de Paris 2024.<img data-recalc-dims=\"1\" decoding=\"async\" src=\"https:\/\/i0.wp.com\/agenciabrasil.ebc.com.br\/ebc.png?w=696&#038;ssl=1\" style=\"width:1px; height:1px; display:inline;\"\/><img data-recalc-dims=\"1\" decoding=\"async\" src=\"https:\/\/i0.wp.com\/agenciabrasil.ebc.com.br\/ebc.gif?w=696&#038;ssl=1\" style=\"width:1px; height:1px; display:inline;\"\/><\/p>\n<p>A not\u00edcia foi recebida com festa pela atleta e pela fam\u00edlia nesta quinta-feira (13).<\/p>\n<div class=\"dnd-widget-wrapper context-medio_4colunas type-image atom-align-left\">\n<div class=\"dnd-atom-rendered\"><!-- scald=389029:medio_4colunas {\"additionalClasses\":\"\"} --><\/p>\n<div class=\"shadow overflow-hidden rounded-lg d-block w-100\">\n            <img data-recalc-dims=\"1\" decoding=\"async\" src=\"https:\/\/i0.wp.com\/agenciabrasil.ebc.com.br\/sites\/default\/files\/thumbnails\/image\/loading_v2.gif?w=696&#038;ssl=1\" data-echo=\"https:\/\/imagens.ebc.com.br\/rcy5Dv-kF4WwN8vMVcj3ELR86Yc=\/365x0\/smart\/https:\/\/agenciabrasil.ebc.com.br\/sites\/default\/files\/thumbnails\/image\/2024\/06\/13\/carla_maia_2.jpg?itok=krb9AgTj\" alt=\"Mesatenista Carla Maia, que \u00e9 rep\u00f3rter da TV Brasil, vai disputar Paralimp\u00edada de Paris ap\u00f3s 20 anos no esporte. \" title=\"Divulga\u00e7\u00e3o\/Arquivo pessoal\" class=\"flex-fill img-cover\"\/><br \/>\n        <img data-recalc-dims=\"1\" decoding=\"async\" src=\"https:\/\/i0.wp.com\/imagens.ebc.com.br\/rcy5Dv-kF4WwN8vMVcj3ELR86Yc%3D\/365x0\/smart\/https%3A\/\/agenciabrasil.ebc.com.br\/sites\/default\/files\/thumbnails\/image\/2024\/06\/13\/carla_maia_2.jpg?w=696&#038;ssl=1\" alt=\"Mesatenista Carla Maia, que \u00e9 rep\u00f3rter da TV Brasil, vai disputar Paralimp\u00edada de Paris ap\u00f3s 20 anos no esporte. \" title=\"Divulga\u00e7\u00e3o\/Arquivo pessoal\" class=\"flex-fill img-cover\"\/>\n    <\/div>\n<p><!-- END scald=389029 --><\/div>\n<p><h6 class=\"meta\"><!--copyright=389029-->Mesatenista Carla Maia, que \u00e9 rep\u00f3rter da TV Brasil, vai disputar Paralimp\u00edada de Paris ap\u00f3s 20 anos no esporte. &#8211; <strong>Divulga\u00e7\u00e3o\/Arquivo pessoal<\/strong><!--END copyright=389029--><\/h6>\n<\/p>\n<\/div>\n<p>&#8220;Hoje de manh\u00e3 o gerente de sele\u00e7\u00f5es da Confedera\u00e7\u00e3o Brasileira de T\u00eanis de Mesa [Sandro Abr\u00e3o]\u00a0me mandou mensagem dando parab\u00e9ns. Quando abri o celular eu j\u00e1 sabia. Comecei a gritar! Acordei a casa toda. Foi um momento muito legal. Na reda\u00e7\u00e3o [da <strong>TV Brasil<\/strong>]\u00a0tamb\u00e9m. N\u00e3o \u00e9 apenas a realiza\u00e7\u00e3o de um sonho meu. \u00c9 mais algu\u00e9m do Brasil nos Jogos de Paris&#8221;, festejou a atleta.\u00a0<\/p>\n<p>Carla \u00e9 a quinta mesatenista do mundo na classe 1 e a n\u00famero 18 no ranking conjunto das classes 1 e 2. Ela foi oito vezes campe\u00e3 brasileira nas classes 1 e 2.<\/p>\n<p>O t\u00eanis de mesa paral\u00edmpico \u00e9 dividido em<a href=\"https:\/\/cpb.org.br\/modalidades\/tenis-de-mesa\/#:~:text=Classes%20no%20T\u00eanis%20de%20Mesa,comprometimento%20f%C3%ADsico%2Dmotor%20do%20atleta\" target=\"_blank\" rel=\"noopener\"> 11 classes<\/a>, as dez\u00a0primeiras voltadas para atletas com defici\u00eancia f\u00edsica. Quanto menor o n\u00famero da classe, maior \u00e9 o comprometimento f\u00edsico e motor do atleta. A classe 11 \u00e9 voltada para atletas com defici\u00eancia intelectual.\u00a0<\/p>\n<p>&#8220;Foram 20 anos tentando. Sempre fiquei perto, mas ainda n\u00e3o tinha conseguido&#8221;, lembrou Carla.<\/p>\n<p>Ela ressaltou ainda que o convite da ITTF para a Paralimp\u00edada foi muito disputado e que concorreu com atletas de todos os pa\u00edses. &#8220;Mais uma competi\u00e7\u00e3o&#8221;, acrescentou ela.<\/p>\n<p>Al\u00e9m de Carla, <a href=\"https:\/\/www.cbtm.org.br\/noticia\/detalhe\/101335\/lucas-arabian-sophia-kelmer-e-carla-maia-integrarao-o-time-brasileiro-que-disputara-os-jogos-paralimpicos-de-paris\" target=\"_blank\" rel=\"noopener\">outros dois atletas brasileiros <\/a>tamb\u00e9m foram convidados pela ITTF para a Paralimp\u00edada de Paris: Luccas Arabian, de 18 anos, da classe 5; e Sophia Kelmer, de 17 anos, da classe 8. Com os tr\u00eas convidados, a delega\u00e7\u00e3o brasileira no t\u00eanis de mesa\u00a0soma agora 15 atletas. Os Jogos Paral\u00edmpicos de Paris ser\u00e3o realizados entre os dias 28 de agosto e 8 de setembro.<\/p>\n<h2>&gt;&gt; Assista na TV Brasil<\/h2>\n<p><span class=\"embed-youtube\" style=\"text-align:center; display: block;\"><iframe loading=\"lazy\" class=\"youtube-player\" width=\"696\" height=\"392\" src=\"https:\/\/www.youtube.com\/embed\/52Q4IbDx7eA?version=3&#038;rel=1&#038;showsearch=0&#038;showinfo=1&#038;iv_load_policy=1&#038;fs=1&#038;hl=pt-BR&#038;autohide=2&#038;wmode=transparent\" allowfullscreen=\"true\" style=\"border:0;\" sandbox=\"allow-scripts allow-same-origin allow-popups allow-presentation allow-popups-to-escape-sandbox\"><\/iframe><\/span><\/p>\n<\/p><\/div>\n<p><br \/>\n<br \/><a href=\"https:\/\/agenciabrasil.ebc.com.br\/esportes\/noticia\/2024-06\/mesatenista-carla-maia-vai-disputar-paralimpiada-de-paris\" rel=\"noopener\">Ag\u00eancia Brasil<\/a><\/p>\n","protected":false},"excerpt":{"rendered":"<p>Ap\u00f3s 20 anos dedicados ao t\u00eanis de mesa, Carla Maia vai disputar\u00a0a primeira Paralimp\u00edada da carreira esportiva. Ir aos Jogos n\u00e3o \u00e9 novidade para a mesatenista, que tamb\u00e9m \u00e9 rep\u00f3rter\u00a0da TV Brasil, da\u00a0Empresa Brasil de Comunica\u00e7\u00e3o (EBC), e cobriu in\u00a0loco tr\u00eas Paralimp\u00edadas (Atenas 2004, Londres 2012 e Rio de Janeiro 2016), mas desta vez ela [&hellip;]<\/p>\n","protected":false},"author":1,"featured_media":8344,"comment_status":"open","ping_status":"open","sticky":false,"template":"","format":"standard","meta":{"_jetpack_newsletter_access":"","_jetpack_dont_email_post_to_subs":false,"_jetpack_newsletter_tier_id":0,"_jetpack_memberships_contains_paywalled_content":false,"_mbp_banners":[],"_jetpack_feature_clip_id":0,"_jetpack_memberships_contains_paid_content":false,"footnotes":"","jetpack_publicize_message":"","jetpack_publicize_feature_enabled":true,"jetpack_social_post_already_shared":true,"jetpack_social_options":{"image_generator_settings":{"template":"highway","default_image_id":0,"font":"","enabled":false},"version":2},"jetpack_post_was_ever_published":false},"categories":[23],"tags":[],"class_list":["post-8343","post","type-post","status-publish","format-standard","has-post-thumbnail","category-esportes"],"jetpack_publicize_connections":[],"jetpack-related-posts":[],"jetpack_shortlink":"https:\/\/wp.me\/p7Eq1F-2az","jetpack_sharing_enabled":true,"jetpack_featured_media_url":"https:\/\/i0.wp.com\/guialimeira.com.br\/news\/wp-content\/uploads\/2024\/06\/carla_maia_3_-_miriam_jeske_-_cbtm.jpg?fit=1600%2C800&ssl=1","_links":{"self":[{"href":"https:\/\/guialimeira.com.br\/news\/wp-json\/wp\/v2\/posts\/8343","targetHints":{"allow":["GET"]}}],"collection":[{"href":"https:\/\/guialimeira.com.br\/news\/wp-json\/wp\/v2\/posts"}],"about":[{"href":"https:\/\/guialimeira.com.br\/news\/wp-json\/wp\/v2\/types\/post"}],"author":[{"embeddable":true,"href":"https:\/\/guialimeira.com.br\/news\/wp-json\/wp\/v2\/users\/1"}],"replies":[{"embeddable":true,"href":"https:\/\/guialimeira.com.br\/news\/wp-json\/wp\/v2\/comments?post=8343"}],"version-history":[{"count":0,"href":"https:\/\/guialimeira.com.br\/news\/wp-json\/wp\/v2\/posts\/8343\/revisions"}],"wp:featuredmedia":[{"embeddable":true,"href":"https:\/\/guialimeira.com.br\/news\/wp-json\/wp\/v2\/media\/8344"}],"wp:attachment":[{"href":"https:\/\/guialimeira.com.br\/news\/wp-json\/wp\/v2\/media?parent=8343"}],"wp:term":[{"taxonomy":"category","embeddable":true,"href":"https:\/\/guialimeira.com.br\/news\/wp-json\/wp\/v2\/categories?post=8343"},{"taxonomy":"post_tag","embeddable":true,"href":"https:\/\/guialimeira.com.br\/news\/wp-json\/wp\/v2\/tags?post=8343"}],"curies":[{"name":"wp","href":"https:\/\/api.w.org\/{rel}","templated":true}]}}