{"id":8326,"date":"2024-06-13T18:58:38","date_gmt":"2024-06-13T21:58:38","guid":{"rendered":"https:\/\/guialimeira.com.br\/2024\/06\/13\/agencias-reguladoras-cancelam-votacoes-em-apoio-a-servidores\/"},"modified":"2024-06-13T18:58:38","modified_gmt":"2024-06-13T21:58:38","slug":"agencias-reguladoras-cancelam-votacoes-em-apoio-a-servidores","status":"publish","type":"post","link":"https:\/\/guialimeira.com.br\/news\/agencias-reguladoras-cancelam-votacoes-em-apoio-a-servidores\/","title":{"rendered":"Ag\u00eancias reguladoras cancelam vota\u00e7\u00f5es em apoio a servidores"},"content":{"rendered":"<p> <br \/>\n<\/p>\n<div>\n<p>O Conselho Diretor da Ag\u00eancia Nacional de Telecomunica\u00e7\u00f5es (Anatel) decidiu nesta quinta-feira (13) retirar de pauta todos os itens que estavam previstos para serem votados, em apoio aos servidores das ag\u00eancias reguladoras, que est\u00e3o em campanha pela valoriza\u00e7\u00e3o da categoria. Nesta semana, a Ag\u00eancia Nacional de Energia El\u00e9trica (Aneel) e a Ag\u00eancia Nacional de Sa\u00fade Suplementar (ANS) tamb\u00e9m deixaram de deliberar os itens da pauta para apoiar os servidores.<img data-recalc-dims=\"1\" decoding=\"async\" src=\"https:\/\/i0.wp.com\/agenciabrasil.ebc.com.br\/ebc.png?w=696&#038;ssl=1\" style=\"width:1px; height:1px; display:inline;\"\/><img data-recalc-dims=\"1\" decoding=\"async\" src=\"https:\/\/i0.wp.com\/agenciabrasil.ebc.com.br\/ebc.gif?w=696&#038;ssl=1\" style=\"width:1px; height:1px; display:inline;\"\/><\/p>\n<p>Os servidores das 11 ag\u00eancias reguladoras federais est\u00e3o em negocia\u00e7\u00e3o com o Minist\u00e9rio da Gest\u00e3o e da Inova\u00e7\u00e3o em Servi\u00e7os P\u00fablicos (MGI) desde fevereiro. Eles rejeitaram a proposta apresentada pelo governo, que previa reajuste de 9% em 2025 e de 3,5% em 2026.<\/p>\n<p>O Sindicato Nacional dos Servidores das Ag\u00eancias Nacionais de Regula\u00e7\u00e3o (Sinag\u00eancias) destaca que, al\u00e9m de estar abaixo do necess\u00e1rio para o nivelamento com as carreiras do ciclo de gest\u00e3o, a proposta do governo \u201cnem sequer recomp\u00f5e o preju\u00edzo de 17% que a categoria teve em rela\u00e7\u00e3o \u00e0s demais no acordo de 2015, uma vez que o mesmo se deu em apenas duas parcelas\u201d. Segundo a entidade, desde 2008, as ag\u00eancias reguladoras federais perderam mais de 3,8 mil servidores.<\/p>\n<p>Na reuni\u00e3o da Anatel de hoje, o presidente da Sinag\u00eancias, F\u00e1bio Gon\u00e7alves Rosa, destacou a necessidade de or\u00e7amento adequado para as ag\u00eancias, da valoriza\u00e7\u00e3o dos servidores e da abertura de concursos p\u00fablicos para a recomposi\u00e7\u00e3o de quadros. \u201cAl\u00e9m de garantir o desenvolvimento econ\u00f4mico sustent\u00e1vel do pa\u00eds, as ag\u00eancias reguladoras t\u00eam papel social fundamental de garantir a seguran\u00e7a jur\u00eddica para os consumidores, garantir o acesso a bens e servi\u00e7os de qualidade, com seguran\u00e7a\u201d, disse.<\/p>\n<p>A representante da Uni\u00e3o Nacional dos Servidores de Carreira das Ag\u00eancias Reguladoras Federais (UnaReg), Carla Pereira, informou que o \u00faltimo reajuste da categoria ocorreu em janeiro de 2017\u00a0e, desde ent\u00e3o, a infla\u00e7\u00e3o acumulada \u00e9 de mais de 40%. \u201cTal defasagem se torna um obst\u00e1culo para a manuten\u00e7\u00e3o de um quadro capacitado nas ag\u00eancias e para a atra\u00e7\u00e3o de novos servidores via concurso.\u201d<\/p>\n<p>Segundo o presidente da Anatel, Carlos Baigorri, atualmente a ag\u00eancia conta com o menor quadro de servidores de sua hist\u00f3ria, o que resulta em estresse, sobrecarga de trabalho e adoecimento. \u201cA cada dia, os assuntos est\u00e3o ficando mais complexos e desafiadores, e os servidores est\u00e3o cada vez mais sobrecarregados\u201d, disse.<\/p>\n<p>O MGI informou que foram realizadas duas reuni\u00f5es da Mesa Espec\u00edfica e Tempor\u00e1ria das Carreiras das Ag\u00eancias Reguladoras, com a apresenta\u00e7\u00e3o da proposta remunerat\u00f3ria. Ap\u00f3s a rejei\u00e7\u00e3o da proposta pela categoria, uma nova reuni\u00e3o ser\u00e1 agendada com as entidades representativas dos servidores at\u00e9 o m\u00eas de julho.<\/p>\n<p><em>*Mat\u00e9ria atualizada \u00e0s 18h25, para incluir posi\u00e7\u00e3o do MGI<\/em><\/p>\n<\/p><\/div>\n<p><br \/>\n<br \/><a href=\"https:\/\/agenciabrasil.ebc.com.br\/economia\/noticia\/2024-06\/agencias-reguladoras-cancelam-votacoes-em-apoio-servidores\" rel=\"noopener\">Ag\u00eancia Brasil<\/a><\/p>\n","protected":false},"excerpt":{"rendered":"<p>O Conselho Diretor da Ag\u00eancia Nacional de Telecomunica\u00e7\u00f5es (Anatel) decidiu nesta quinta-feira (13) retirar de pauta todos os itens que estavam previstos para serem votados, em apoio aos servidores das ag\u00eancias reguladoras, que est\u00e3o em campanha pela valoriza\u00e7\u00e3o da categoria. Nesta semana, a Ag\u00eancia Nacional de Energia El\u00e9trica (Aneel) e a Ag\u00eancia Nacional de Sa\u00fade [&hellip;]<\/p>\n","protected":false},"author":1,"featured_media":269,"comment_status":"open","ping_status":"open","sticky":false,"template":"","format":"standard","meta":{"_jetpack_newsletter_access":"","_jetpack_dont_email_post_to_subs":false,"_jetpack_newsletter_tier_id":0,"_jetpack_memberships_contains_paywalled_content":false,"_mbp_banners":[],"_jetpack_feature_clip_id":0,"_jetpack_memberships_contains_paid_content":false,"footnotes":"","jetpack_publicize_message":"","jetpack_publicize_feature_enabled":true,"jetpack_social_post_already_shared":true,"jetpack_social_options":{"image_generator_settings":{"template":"highway","default_image_id":0,"font":"","enabled":false},"version":2},"jetpack_post_was_ever_published":false},"categories":[24],"tags":[],"class_list":["post-8326","post","type-post","status-publish","format-standard","has-post-thumbnail","category-economia"],"jetpack_publicize_connections":[],"jetpack-related-posts":[],"jetpack_shortlink":"https:\/\/wp.me\/p7Eq1F-2ai","jetpack_sharing_enabled":true,"jetpack_featured_media_url":"https:\/\/i0.wp.com\/guialimeira.com.br\/news\/wp-content\/uploads\/2024\/03\/thumb_1200x600_agbrasil.png?fit=1200%2C600&ssl=1","_links":{"self":[{"href":"https:\/\/guialimeira.com.br\/news\/wp-json\/wp\/v2\/posts\/8326","targetHints":{"allow":["GET"]}}],"collection":[{"href":"https:\/\/guialimeira.com.br\/news\/wp-json\/wp\/v2\/posts"}],"about":[{"href":"https:\/\/guialimeira.com.br\/news\/wp-json\/wp\/v2\/types\/post"}],"author":[{"embeddable":true,"href":"https:\/\/guialimeira.com.br\/news\/wp-json\/wp\/v2\/users\/1"}],"replies":[{"embeddable":true,"href":"https:\/\/guialimeira.com.br\/news\/wp-json\/wp\/v2\/comments?post=8326"}],"version-history":[{"count":0,"href":"https:\/\/guialimeira.com.br\/news\/wp-json\/wp\/v2\/posts\/8326\/revisions"}],"wp:featuredmedia":[{"embeddable":true,"href":"https:\/\/guialimeira.com.br\/news\/wp-json\/wp\/v2\/media\/269"}],"wp:attachment":[{"href":"https:\/\/guialimeira.com.br\/news\/wp-json\/wp\/v2\/media?parent=8326"}],"wp:term":[{"taxonomy":"category","embeddable":true,"href":"https:\/\/guialimeira.com.br\/news\/wp-json\/wp\/v2\/categories?post=8326"},{"taxonomy":"post_tag","embeddable":true,"href":"https:\/\/guialimeira.com.br\/news\/wp-json\/wp\/v2\/tags?post=8326"}],"curies":[{"name":"wp","href":"https:\/\/api.w.org\/{rel}","templated":true}]}}