{"id":8322,"date":"2024-06-13T18:41:57","date_gmt":"2024-06-13T21:41:57","guid":{"rendered":"https:\/\/guialimeira.com.br\/2024\/06\/13\/nova-caderneta-da-crianca-atualiza-teste-para-deteccao-de-autismo\/"},"modified":"2024-06-13T18:41:57","modified_gmt":"2024-06-13T21:41:57","slug":"nova-caderneta-da-crianca-atualiza-teste-para-deteccao-de-autismo","status":"publish","type":"post","link":"https:\/\/guialimeira.com.br\/news\/nova-caderneta-da-crianca-atualiza-teste-para-deteccao-de-autismo\/","title":{"rendered":"Nova Caderneta da Crian\u00e7a atualiza teste para detec\u00e7\u00e3o de autismo"},"content":{"rendered":"<p> <br \/>\n<\/p>\n<div>\n<p>A nova edi\u00e7\u00e3o da Caderneta da Crian\u00e7a \u2013 Passaporte da Cidadania fornece um teste para detec\u00e7\u00e3o precoce de risco para transtorno do espectro autista (TEA) com orienta\u00e7\u00f5es adicionais para cuidadores e profissionais de sa\u00fade sobre a aplica\u00e7\u00e3o e a interpreta\u00e7\u00e3o do exame.<img data-recalc-dims=\"1\" decoding=\"async\" src=\"https:\/\/i0.wp.com\/agenciabrasil.ebc.com.br\/ebc.png?w=696&#038;ssl=1\" style=\"width:1px; height:1px; display:inline;\"\/><img data-recalc-dims=\"1\" decoding=\"async\" src=\"https:\/\/i0.wp.com\/agenciabrasil.ebc.com.br\/ebc.gif?w=696&#038;ssl=1\" style=\"width:1px; height:1px; display:inline;\"\/><\/p>\n<p>Agora, foi acrescentada \u00e0 publica\u00e7\u00e3o o <em>link <\/em>da entrevista de seguimento que deve ser aplicada quando a primeira etapa do teste \u00e9 positiva. Em nota, o <a href=\"https:\/\/bvsms.saude.gov.br\/bvs\/publicacoes\/caderneta_crianca_menino_passaporte_cidadania_7ed.pdf\" target=\"_blank\" rel=\"noopener\">Minist\u00e9rio da Sa\u00fade<\/a> refor\u00e7ou que se trata de um teste de triagem, n\u00e3o de confirma\u00e7\u00e3o de diagn\u00f3stico.<\/p>\n<p>No comunicado, a pasta\u00a0avaliou a atualiza\u00e7\u00e3o da caderneta com a ferramenta como fundamental para o cuidado com as crian\u00e7as, al\u00e9m de trazer informa\u00e7\u00f5es relevantes para os pais, respons\u00e1veis, profissionais de sa\u00fade, de educa\u00e7\u00e3o e de assist\u00eancia social.<\/p>\n<p>\u201cAs informa\u00e7\u00f5es tamb\u00e9m s\u00e3o relevantes para que as fam\u00edlias compreendam o significado do teste e que o diagn\u00f3stico de crian\u00e7as com <a href=\"https:\/\/bvsms.saude.gov.br\/bvs\/publicacoes\/caderneta_crianca_menina_passaporte_cidadania_7ed.pdf\" target=\"_blank\" rel=\"noopener\">autismo<\/a> necessita de uma equipe multiprofissional\u201d, destacou o minist\u00e9rio, ao citar que o diagn\u00f3stico precoce permite interven\u00e7\u00f5es em tempo oportuno.<\/p>\n<h2>Covid-19<\/h2>\n<p>A nova edi\u00e7\u00e3o da caderneta traz ainda o calend\u00e1rio de vacina\u00e7\u00e3o infantil atualizado, com a dose contra a covid-19 inclu\u00edda.<\/p>\n<p>O Minist\u00e9rio da Sa\u00fade informou que prepara a impress\u00e3o de cerca de 3\u00a0milh\u00f5es de novas cadernetas para distribui\u00e7\u00e3o em todos os estados e capitais. A previs\u00e3o \u00e9 que o material seja encaminhado no segundo semestre de 2024. O formato <em>online<\/em>\u00a0&#8211; com uma vers\u00e3o para <a href=\"https:\/\/bvsms.saude.gov.br\/bvs\/publicacoes\/caderneta_crianca_menino_passaporte_cidadania_7ed.pdf\" target=\"_blank\" rel=\"noopener\">meninos<\/a> e outra para <a href=\"https:\/\/bvsms.saude.gov.br\/bvs\/publicacoes\/caderneta_crianca_menina_passaporte_cidadania_7ed.pdf\" target=\"_blank\" rel=\"noopener\">meninas<\/a> &#8211; j\u00e1 est\u00e1 dispon\u00edvel no site da pasta.<\/p>\n<\/p><\/div>\n<p><br \/>\n<br \/><a href=\"https:\/\/agenciabrasil.ebc.com.br\/saude\/noticia\/2024-06\/nova-caderneta-da-crianca-atualiza-teste-para-deteccao-de-autismo\" rel=\"noopener\">Ag\u00eancia Brasil <\/a><\/p>\n","protected":false},"excerpt":{"rendered":"<p>A nova edi\u00e7\u00e3o da Caderneta da Crian\u00e7a \u2013 Passaporte da Cidadania fornece um teste para detec\u00e7\u00e3o precoce de risco para transtorno do espectro autista (TEA) com orienta\u00e7\u00f5es adicionais para cuidadores e profissionais de sa\u00fade sobre a aplica\u00e7\u00e3o e a interpreta\u00e7\u00e3o do exame. Agora, foi acrescentada \u00e0 publica\u00e7\u00e3o o link da entrevista de seguimento que deve [&hellip;]<\/p>\n","protected":false},"author":1,"featured_media":8323,"comment_status":"open","ping_status":"open","sticky":false,"template":"","format":"standard","meta":{"_jetpack_newsletter_access":"","_jetpack_dont_email_post_to_subs":false,"_jetpack_newsletter_tier_id":0,"_jetpack_memberships_contains_paywalled_content":false,"_mbp_banners":[],"_jetpack_feature_clip_id":0,"_jetpack_memberships_contains_paid_content":false,"footnotes":"","jetpack_publicize_message":"","jetpack_publicize_feature_enabled":true,"jetpack_social_post_already_shared":true,"jetpack_social_options":{"image_generator_settings":{"template":"highway","default_image_id":0,"font":"","enabled":false},"version":2},"jetpack_post_was_ever_published":false},"categories":[15],"tags":[],"class_list":["post-8322","post","type-post","status-publish","format-standard","has-post-thumbnail","category-saude"],"jetpack_publicize_connections":[],"jetpack-related-posts":[],"jetpack_shortlink":"https:\/\/wp.me\/p7Eq1F-2ae","jetpack_sharing_enabled":true,"jetpack_featured_media_url":"https:\/\/i0.wp.com\/guialimeira.com.br\/news\/wp-content\/uploads\/2024\/06\/fachada-ministerio_mcamgo_abr_100420231818-16.jpg?fit=1600%2C800&ssl=1","_links":{"self":[{"href":"https:\/\/guialimeira.com.br\/news\/wp-json\/wp\/v2\/posts\/8322","targetHints":{"allow":["GET"]}}],"collection":[{"href":"https:\/\/guialimeira.com.br\/news\/wp-json\/wp\/v2\/posts"}],"about":[{"href":"https:\/\/guialimeira.com.br\/news\/wp-json\/wp\/v2\/types\/post"}],"author":[{"embeddable":true,"href":"https:\/\/guialimeira.com.br\/news\/wp-json\/wp\/v2\/users\/1"}],"replies":[{"embeddable":true,"href":"https:\/\/guialimeira.com.br\/news\/wp-json\/wp\/v2\/comments?post=8322"}],"version-history":[{"count":0,"href":"https:\/\/guialimeira.com.br\/news\/wp-json\/wp\/v2\/posts\/8322\/revisions"}],"wp:featuredmedia":[{"embeddable":true,"href":"https:\/\/guialimeira.com.br\/news\/wp-json\/wp\/v2\/media\/8323"}],"wp:attachment":[{"href":"https:\/\/guialimeira.com.br\/news\/wp-json\/wp\/v2\/media?parent=8322"}],"wp:term":[{"taxonomy":"category","embeddable":true,"href":"https:\/\/guialimeira.com.br\/news\/wp-json\/wp\/v2\/categories?post=8322"},{"taxonomy":"post_tag","embeddable":true,"href":"https:\/\/guialimeira.com.br\/news\/wp-json\/wp\/v2\/tags?post=8322"}],"curies":[{"name":"wp","href":"https:\/\/api.w.org\/{rel}","templated":true}]}}