{"id":8317,"date":"2024-06-13T17:56:42","date_gmt":"2024-06-13T20:56:42","guid":{"rendered":"https:\/\/guialimeira.com.br\/2024\/06\/13\/haddad-e-tebet-defendem-aceleracao-de-agenda-de-corte-de-gastos\/"},"modified":"2024-06-13T17:56:42","modified_gmt":"2024-06-13T20:56:42","slug":"haddad-e-tebet-defendem-aceleracao-de-agenda-de-corte-de-gastos","status":"publish","type":"post","link":"https:\/\/guialimeira.com.br\/news\/haddad-e-tebet-defendem-aceleracao-de-agenda-de-corte-de-gastos\/","title":{"rendered":"Haddad e Tebet defendem acelera\u00e7\u00e3o de agenda de corte de gastos"},"content":{"rendered":"<p> <br \/>\n<\/p>\n<div>\n<p><a href=\"https:\/\/agenciabrasil.ebc.com.br\/politica\/noticia\/2024-06\/pacheco-decide-devolver-texto-de-mp-do-piscofins-ao-governo\" target=\"_blank\" rel=\"noopener\">Ap\u00f3s a devolu\u00e7\u00e3o da medida provis\u00f3ria<\/a> que pretendia limitar a compensa\u00e7\u00e3o do Programa de Integra\u00e7\u00e3o Social (PIS) e da Contribui\u00e7\u00e3o para o Financiamento da Seguridade Social (Cofins), o governo acelerar\u00e1 a agenda de revis\u00e3o de gastos p\u00fablicos, disseram nesta quinta-feira (13), em Bras\u00edlia, os ministros Fazenda, Fernando Haddad, e do Planejamento e Or\u00e7amento, Simone Tebet. Eles se reuniram para discutir o tema e reafirmaram a unidade da equipe econ\u00f4mica em torno do corte de gastos.<img data-recalc-dims=\"1\" decoding=\"async\" src=\"https:\/\/i0.wp.com\/agenciabrasil.ebc.com.br\/ebc.png?w=696&#038;ssl=1\" style=\"width:1px; height:1px; display:inline;\"\/><img data-recalc-dims=\"1\" decoding=\"async\" src=\"https:\/\/i0.wp.com\/agenciabrasil.ebc.com.br\/ebc.gif?w=696&#038;ssl=1\" style=\"width:1px; height:1px; display:inline;\"\/><\/p>\n<p>\u201cCome\u00e7amos a discutir [o Or\u00e7amento de] 2025, a agenda de gastos. Vamos manter um ritmo mais intenso de trabalho neste m\u00eas, porque, em julho, come\u00e7a a ser montada a pe\u00e7a or\u00e7ament\u00e1ria, e, em agosto, a pe\u00e7a \u00e9 encaminhada ao Congresso Nacional. Estamos fazendo uma revis\u00e3o ampla, geral e irrestrita do que pode ser feito para acomodar as v\u00e1rias pretens\u00f5es leg\u00edtimas do Congresso e do Executivo, mas sobretudo para garantir que tenhamos tranquilidade no ano que vem\u201d, declarou Haddad.<\/p>\n<p>Segundo o ministro, a agenda de gastos envolver\u00e1 tanto despesas prim\u00e1rias (executadas com a arrecada\u00e7\u00e3o de tributos), financeiras (desenvolvidas com recursos da d\u00edvida p\u00fablica e do Banco Central) e gastos tribut\u00e1rios (benef\u00edcios fiscais que impactam a arrecada\u00e7\u00e3o).<\/p>\n<p>\u201cGasto prim\u00e1rio tem de ser revisto. Gasto tribut\u00e1rio tem de ser revisto e gasto financeiro do Banco Central tamb\u00e9m. Quanto mais esses tr\u00eas gastos estiverem caindo, melhor para o pa\u00eds\u201d, frisou Haddad.<\/p>\n<p>O ministro desmarcou um semin\u00e1rio com investidores no Rio de Janeiro para se reunir com Tebet. Segundo Haddad, o Congresso Nacional est\u00e1 comprometido em lan\u00e7ar a agenda de revis\u00e3o de gastos ap\u00f3s o presidente do Senado, Rodrigo Pacheco, devolver trechos da medida provis\u00f3ria do PIS\/Cofins.<\/p>\n<p>\u201cEla [a agenda de revis\u00e3o de gastos] est\u00e1 ganhando ao longo do tempo tra\u00e7\u00e3o cada vez maior. Eu e a Simone [Tebet] temos conversado cada vez mais sobre isso. Hoje, a reuni\u00e3o foi sobre isso. Eu penso que nessa agenda o Congresso est\u00e1 muito disposto a avan\u00e7ar, tenho dito isso\u201d, declarou.<\/p>\n<h2>Combate a privil\u00e9gios<\/h2>\n<p>Em audi\u00eancia p\u00fablica na quarta-feira (12) na Comiss\u00e3o Mista de Or\u00e7amento, <a href=\"https:\/\/agenciabrasil.ebc.com.br\/economia\/noticia\/2024-06\/tebet-descarta-desvinculacao-de-aposentadorias-do-salario-minimo\" target=\"_blank\" rel=\"noopener\">Tebet explicou<\/a> que a agenda de revis\u00e3o de gastos ter\u00e1 tr\u00eas frentes.<\/p>\n<p>A primeira \u00e9 a fiscaliza\u00e7\u00e3o e elimina\u00e7\u00e3o de fraudes de programas sociais, como o Bolsa Fam\u00edlia. A segunda \u00e9 a redu\u00e7\u00e3o de incentivos fiscais. A terceira \u00e9 a moderniza\u00e7\u00e3o de despesas obrigat\u00f3rias, como sa\u00fade, educa\u00e7\u00e3o e benef\u00edcios previdenci\u00e1rios.<\/p>\n<p>O ministro Haddad disse que a agenda tamb\u00e9m envolve o combate a privil\u00e9gios. \u201cN\u00f3s queremos rever gastos prim\u00e1rios, estamos dispostos a cortar privil\u00e9gios. Voltaram \u00e0 tona v\u00e1rios temas que est\u00e3o sendo discutidos de novo, o que \u00e9 bom, como supersal\u00e1rios, como corre\u00e7\u00e3o de benef\u00edcios concedidos ao arrepio da lei, corre\u00e7\u00e3o de cadastros. Isso tudo voltou para a mesa. N\u00f3s achamos que \u00e9 \u00f3timo isso acontecer, porque vai facilitar o trabalho de equilibrar as contas\u201d, assegurou.<\/p>\n<h2>Incentivos fiscais<\/h2>\n<p>Ao lado de Haddad, Tebet defendeu especialmente a revis\u00e3o de incentivos fiscais. \u201cSe estamos falando de R$ 630 bilh\u00f5es em ren\u00fancia s\u00f3 de gastos tribut\u00e1rios, imagina em outras medidas, ent\u00e3o tem uma ampla margem [de revis\u00e3o de gastos]. Ainda h\u00e1 algumas cartas na manga, o ministro Haddad sabe ainda de onde fazer esse recurso inclusive com rela\u00e7\u00e3o a fraudes\u201d, disse.<\/p>\n<p>Assim como na audi\u00eancia p\u00fablica na Comiss\u00e3o Mista de Or\u00e7amento, a ministra disse que a agenda de revis\u00e3o de gastos est\u00e1 em fase inicial. Segundo Tebet, os dois ministros t\u00eam total liberdade para levantar pontos e apresentar propostas para posteriormente definir os filtros. \u201cO card\u00e1pio ainda n\u00e3o foi apresentado ao presidente Lula\u201d, declarou.<\/p>\n<p>A fala de Haddad, ao lado da ministra do Planejamento, Simone Tebet, ocorre numa semana de piora do mercado financeiro diante de uma percep\u00e7\u00e3o de que o governo n\u00e3o consegue tocar uma agenda de corte de gastos.<\/p>\n<h2>PIS\/Cofins<\/h2>\n<p>O ministro da Fazenda repetiu que a equipe econ\u00f4mica &#8211; principalmente a Receita Federal &#8211; apoiar\u00e1 o Senado no desenvolvimento de uma alternativa para compensar a devolu\u00e7\u00e3o da medida provis\u00f3ria do PIS\/Cofins.<\/p>\n<p>Por determina\u00e7\u00e3o do Supremo Tribunal Federal, o governo e o Congresso precisam entrar em um acordo at\u00e9 o fim de julho para que a desonera\u00e7\u00e3o da folha de pagamento de 17 setores da economia e de pequenos munic\u00edpios seja prorrogada.<\/p>\n<p>Segundo o ministro, o l\u00edder do governo no Senado, Jaques Wagner (PT-BA), se encarregou de fazer a interlocu\u00e7\u00e3o da equipe econ\u00f4mica com os senadores. \u201cO dia a dia da Receita Federal \u00e9 localizar brechas [tribut\u00e1rias] que est\u00e3o sendo utilizadas, o que inclusive corrompe o sistema de concorr\u00eancia. Porque se um empres\u00e1rio est\u00e1 fazendo uma coisa e o outro est\u00e1 fazendo individualmente, voc\u00ea desequilibra o jogo da concorr\u00eancia. E o que n\u00f3s queremos na economia\u201d, justificou Haddad.<\/p>\n<\/p><\/div>\n<p><br \/>\n<br \/><a href=\"https:\/\/agenciabrasil.ebc.com.br\/economia\/noticia\/2024-06\/haddad-e-tebet-defendem-aceleracao-de-agenda-de-corte-de-gastos\" rel=\"noopener\">Ag\u00eancia Brasil<\/a><\/p>\n","protected":false},"excerpt":{"rendered":"<p>Ap\u00f3s a devolu\u00e7\u00e3o da medida provis\u00f3ria que pretendia limitar a compensa\u00e7\u00e3o do Programa de Integra\u00e7\u00e3o Social (PIS) e da Contribui\u00e7\u00e3o para o Financiamento da Seguridade Social (Cofins), o governo acelerar\u00e1 a agenda de revis\u00e3o de gastos p\u00fablicos, disseram nesta quinta-feira (13), em Bras\u00edlia, os ministros Fazenda, Fernando Haddad, e do Planejamento e Or\u00e7amento, Simone Tebet. [&hellip;]<\/p>\n","protected":false},"author":1,"featured_media":269,"comment_status":"open","ping_status":"open","sticky":false,"template":"","format":"standard","meta":{"_jetpack_newsletter_access":"","_jetpack_dont_email_post_to_subs":false,"_jetpack_newsletter_tier_id":0,"_jetpack_memberships_contains_paywalled_content":false,"_mbp_banners":[],"_jetpack_feature_clip_id":0,"_jetpack_memberships_contains_paid_content":false,"footnotes":"","jetpack_publicize_message":"","jetpack_publicize_feature_enabled":true,"jetpack_social_post_already_shared":true,"jetpack_social_options":{"image_generator_settings":{"template":"highway","default_image_id":0,"font":"","enabled":false},"version":2},"jetpack_post_was_ever_published":false},"categories":[24],"tags":[],"class_list":["post-8317","post","type-post","status-publish","format-standard","has-post-thumbnail","category-economia"],"jetpack_publicize_connections":[],"jetpack-related-posts":[],"jetpack_shortlink":"https:\/\/wp.me\/p7Eq1F-2a9","jetpack_sharing_enabled":true,"jetpack_featured_media_url":"https:\/\/i0.wp.com\/guialimeira.com.br\/news\/wp-content\/uploads\/2024\/03\/thumb_1200x600_agbrasil.png?fit=1200%2C600&ssl=1","_links":{"self":[{"href":"https:\/\/guialimeira.com.br\/news\/wp-json\/wp\/v2\/posts\/8317","targetHints":{"allow":["GET"]}}],"collection":[{"href":"https:\/\/guialimeira.com.br\/news\/wp-json\/wp\/v2\/posts"}],"about":[{"href":"https:\/\/guialimeira.com.br\/news\/wp-json\/wp\/v2\/types\/post"}],"author":[{"embeddable":true,"href":"https:\/\/guialimeira.com.br\/news\/wp-json\/wp\/v2\/users\/1"}],"replies":[{"embeddable":true,"href":"https:\/\/guialimeira.com.br\/news\/wp-json\/wp\/v2\/comments?post=8317"}],"version-history":[{"count":0,"href":"https:\/\/guialimeira.com.br\/news\/wp-json\/wp\/v2\/posts\/8317\/revisions"}],"wp:featuredmedia":[{"embeddable":true,"href":"https:\/\/guialimeira.com.br\/news\/wp-json\/wp\/v2\/media\/269"}],"wp:attachment":[{"href":"https:\/\/guialimeira.com.br\/news\/wp-json\/wp\/v2\/media?parent=8317"}],"wp:term":[{"taxonomy":"category","embeddable":true,"href":"https:\/\/guialimeira.com.br\/news\/wp-json\/wp\/v2\/categories?post=8317"},{"taxonomy":"post_tag","embeddable":true,"href":"https:\/\/guialimeira.com.br\/news\/wp-json\/wp\/v2\/tags?post=8317"}],"curies":[{"name":"wp","href":"https:\/\/api.w.org\/{rel}","templated":true}]}}