{"id":8308,"date":"2024-06-13T16:39:45","date_gmt":"2024-06-13T19:39:45","guid":{"rendered":"https:\/\/guialimeira.com.br\/2024\/06\/13\/saude-reajusta-bolsa-do-mais-medicos-em-84\/"},"modified":"2024-06-13T16:39:45","modified_gmt":"2024-06-13T19:39:45","slug":"saude-reajusta-bolsa-do-mais-medicos-em-84","status":"publish","type":"post","link":"https:\/\/guialimeira.com.br\/news\/saude-reajusta-bolsa-do-mais-medicos-em-84\/","title":{"rendered":"Sa\u00fade reajusta bolsa do Mais M\u00e9dicos em 8,4%"},"content":{"rendered":"<p> <br \/>\n<\/p>\n<div>\n<p>O Minist\u00e9rio da Sa\u00fade reajustou em 8,4% a bolsa de profissionais do Programa Mais M\u00e9dicos. Com o aumento, o valor l\u00edquido passa de R$ 11.530,04 para R$ 12.500,80. A<a href=\"https:\/\/www.in.gov.br\/en\/web\/dou\/-\/portaria-saps\/ms-n-34-de-7-de-junho-de-2024-565146755\" target=\"_blank\" rel=\"noopener\"> portaria com o reajuste<\/a> foi publicada no Di\u00e1rio Oficial da Uni\u00e3o. Segundo a pasta, a \u00faltima atualiza\u00e7\u00e3o da bolsa-forma\u00e7\u00e3o havia sido feita em 2019.<img data-recalc-dims=\"1\" decoding=\"async\" src=\"https:\/\/i0.wp.com\/agenciabrasil.ebc.com.br\/ebc.png?w=696&#038;ssl=1\" style=\"width:1px; height:1px; display:inline;\"\/><img data-recalc-dims=\"1\" decoding=\"async\" src=\"https:\/\/i0.wp.com\/agenciabrasil.ebc.com.br\/ebc.gif?w=696&#038;ssl=1\" style=\"width:1px; height:1px; display:inline;\"\/><\/p>\n<p>Em nota, o minist\u00e9rio destacou que o valor ser\u00e1 pago a partir da pr\u00f3xima remunera\u00e7\u00e3o, no primeiro dia \u00fatil de julho. O reajuste vai ampliar ainda os valores de ajuda de custo, pagos quando o m\u00e9dico muda de cidade para atuar no programa, que variam de uma a tr\u00eas bolsas-forma\u00e7\u00e3o, a depender da localidade de atua\u00e7\u00e3o.<\/p>\n<p>\u201cA medida tamb\u00e9m vai ampliar as indeniza\u00e7\u00f5es por fixa\u00e7\u00e3o, que s\u00e3o o valor acumulado da soma das bolsas-forma\u00e7\u00e3o que o profissional pode receber ao final dos quatro anos do programa. Esses incentivos variam de 10% a 80% do total de bolsas recebidas, a depender da localidade de atua\u00e7\u00e3o e da condi\u00e7\u00e3o do m\u00e9dico.\u201d<\/p>\n<h2>N\u00fameros<\/h2>\n<p>Dados da pasta indicam que o Mais M\u00e9dicos conta\u00a0com 24,9 mil vagas ocupadas e 2,6 mil em ocupa\u00e7\u00e3o. A meta estabelecida pelo governo federal para 2024 \u00e9 de 28 mil m\u00e9dicos ativos. Ainda segundo o minist\u00e9rio, 60% dos m\u00e9dicos em atua\u00e7\u00e3o em munic\u00edpios mais vulner\u00e1veis\u00a0pertencem ao programa.<\/p>\n<\/p><\/div>\n<p><br \/>\n<br \/><a href=\"https:\/\/agenciabrasil.ebc.com.br\/saude\/noticia\/2024-06\/saude-reajusta-bolsa-do-mais-medicos-em-84\" rel=\"noopener\">Ag\u00eancia Brasil <\/a><\/p>\n","protected":false},"excerpt":{"rendered":"<p>O Minist\u00e9rio da Sa\u00fade reajustou em 8,4% a bolsa de profissionais do Programa Mais M\u00e9dicos. Com o aumento, o valor l\u00edquido passa de R$ 11.530,04 para R$ 12.500,80. A portaria com o reajuste foi publicada no Di\u00e1rio Oficial da Uni\u00e3o. Segundo a pasta, a \u00faltima atualiza\u00e7\u00e3o da bolsa-forma\u00e7\u00e3o havia sido feita em 2019. Em nota, [&hellip;]<\/p>\n","protected":false},"author":1,"featured_media":8309,"comment_status":"open","ping_status":"open","sticky":false,"template":"","format":"standard","meta":{"_jetpack_newsletter_access":"","_jetpack_dont_email_post_to_subs":false,"_jetpack_newsletter_tier_id":0,"_jetpack_memberships_contains_paywalled_content":false,"_mbp_banners":[],"_jetpack_feature_clip_id":0,"_jetpack_memberships_contains_paid_content":false,"footnotes":"","jetpack_publicize_message":"","jetpack_publicize_feature_enabled":true,"jetpack_social_post_already_shared":true,"jetpack_social_options":{"image_generator_settings":{"template":"highway","default_image_id":0,"font":"","enabled":false},"version":2},"jetpack_post_was_ever_published":false},"categories":[15],"tags":[],"class_list":["post-8308","post","type-post","status-publish","format-standard","has-post-thumbnail","category-saude"],"jetpack_publicize_connections":[],"jetpack-related-posts":[],"jetpack_shortlink":"https:\/\/wp.me\/p7Eq1F-2a0","jetpack_sharing_enabled":true,"jetpack_featured_media_url":"https:\/\/i0.wp.com\/guialimeira.com.br\/news\/wp-content\/uploads\/2024\/06\/mais-medicos_mcamgo_abr_18082023-8.jpg?fit=1600%2C800&ssl=1","_links":{"self":[{"href":"https:\/\/guialimeira.com.br\/news\/wp-json\/wp\/v2\/posts\/8308","targetHints":{"allow":["GET"]}}],"collection":[{"href":"https:\/\/guialimeira.com.br\/news\/wp-json\/wp\/v2\/posts"}],"about":[{"href":"https:\/\/guialimeira.com.br\/news\/wp-json\/wp\/v2\/types\/post"}],"author":[{"embeddable":true,"href":"https:\/\/guialimeira.com.br\/news\/wp-json\/wp\/v2\/users\/1"}],"replies":[{"embeddable":true,"href":"https:\/\/guialimeira.com.br\/news\/wp-json\/wp\/v2\/comments?post=8308"}],"version-history":[{"count":0,"href":"https:\/\/guialimeira.com.br\/news\/wp-json\/wp\/v2\/posts\/8308\/revisions"}],"wp:featuredmedia":[{"embeddable":true,"href":"https:\/\/guialimeira.com.br\/news\/wp-json\/wp\/v2\/media\/8309"}],"wp:attachment":[{"href":"https:\/\/guialimeira.com.br\/news\/wp-json\/wp\/v2\/media?parent=8308"}],"wp:term":[{"taxonomy":"category","embeddable":true,"href":"https:\/\/guialimeira.com.br\/news\/wp-json\/wp\/v2\/categories?post=8308"},{"taxonomy":"post_tag","embeddable":true,"href":"https:\/\/guialimeira.com.br\/news\/wp-json\/wp\/v2\/tags?post=8308"}],"curies":[{"name":"wp","href":"https:\/\/api.w.org\/{rel}","templated":true}]}}