{"id":8296,"date":"2024-06-13T12:35:49","date_gmt":"2024-06-13T15:35:49","guid":{"rendered":"https:\/\/guialimeira.com.br\/2024\/06\/13\/brasil-tem-45-de-cobertura-em-saude-bucal-meta-e-chegar-a-70\/"},"modified":"2024-06-13T12:35:49","modified_gmt":"2024-06-13T15:35:49","slug":"brasil-tem-45-de-cobertura-em-saude-bucal-meta-e-chegar-a-70","status":"publish","type":"post","link":"https:\/\/guialimeira.com.br\/news\/brasil-tem-45-de-cobertura-em-saude-bucal-meta-e-chegar-a-70\/","title":{"rendered":"Brasil tem 45% de cobertura em sa\u00fade bucal; meta \u00e9 chegar a 70%"},"content":{"rendered":"<p> <br \/>\n<\/p>\n<div>\n<p>O Brasil registra atualmente cerca de 45% de cobertura em sa\u00fade bucal. A meta do governo federal \u00e9 alcan\u00e7ar pelo menos 70%. Os \u00edndices foram divulgados nesta quinta-feira (13) pela ministra da Sa\u00fade, N\u00edsia Trindade, durante evento em comemora\u00e7\u00e3o aos 20 anos da Pol\u00edtica Nacional de Sa\u00fade Bucal, em Bras\u00edlia.<img data-recalc-dims=\"1\" decoding=\"async\" src=\"https:\/\/i0.wp.com\/agenciabrasil.ebc.com.br\/ebc.png?w=696&#038;ssl=1\" style=\"width:1px; height:1px; display:inline;\"\/><img data-recalc-dims=\"1\" decoding=\"async\" src=\"https:\/\/i0.wp.com\/agenciabrasil.ebc.com.br\/ebc.gif?w=696&#038;ssl=1\" style=\"width:1px; height:1px; display:inline;\"\/><\/p>\n<p>\u201cDesde o ano passado, a partir de um trabalho de recomposi\u00e7\u00e3o or\u00e7ament\u00e1ria, com o fim da PEC 95 e com a prioridade dada pelo governo federal a essa pol\u00edtica, conseguimos, de fato, uma amplia\u00e7\u00e3o \u2013 e isso passa, naturalmente, pela quest\u00e3o da prioriza\u00e7\u00e3o no or\u00e7amento\u201d, avaliou a ministra.<\/p>\n<div class=\"dnd-widget-wrapper context-grande_6colunas type-image atom-align-left\">\n<div class=\"dnd-atom-rendered\"><!-- scald=326826:grande_6colunas {\"additionalClasses\":\"\"} --><\/p>\n<div class=\"shadow overflow-hidden rounded-lg d-block w-100\">\n            <img data-recalc-dims=\"1\" decoding=\"async\" src=\"https:\/\/i0.wp.com\/agenciabrasil.ebc.com.br\/sites\/default\/files\/thumbnails\/image\/loading_v2.gif?w=696&#038;ssl=1\" data-echo=\"https:\/\/imagens.ebc.com.br\/6sNGrsv53qcrf4HGKeNv7bt9mz4=\/463x0\/smart\/https:\/\/agenciabrasil.ebc.com.br\/sites\/default\/files\/thumbnails\/image\/pzzb1406_0.jpg?itok=jmDkSX7o\" alt=\"Bras\u00edlia - DF 08\/05\/2023 O presidente da Rep\u00fablica, Luiz In\u00e1cio Lula da Silva, acompanhado da ministra da Sa\u00fade, N\u00edsia Trindade, sanciona o projeto de lei que inclui a Pol\u00edtica Nacional de Sa\u00fade Bucal - Brasil Sorridente, na Lei Org\u00e2nica da Sa\u00fade. Foto: Fabio Rodrigues-Pozzebom\/ Ag\u00eancia Brasil\" title=\"Fabio Rodrigues-Pozzebom\/ Ag\u00eancia Brasil\" class=\"flex-fill img-cover\"\/><br \/>\n        <img data-recalc-dims=\"1\" decoding=\"async\" src=\"https:\/\/i0.wp.com\/imagens.ebc.com.br\/6sNGrsv53qcrf4HGKeNv7bt9mz4%3D\/463x0\/smart\/https%3A\/\/agenciabrasil.ebc.com.br\/sites\/default\/files\/thumbnails\/image\/pzzb1406_0.jpg?w=696&#038;ssl=1\" alt=\"Bras\u00edlia - DF 08\/05\/2023 O presidente da Rep\u00fablica, Luiz In\u00e1cio Lula da Silva, acompanhado da ministra da Sa\u00fade, N\u00edsia Trindade, sanciona o projeto de lei que inclui a Pol\u00edtica Nacional de Sa\u00fade Bucal - Brasil Sorridente, na Lei Org\u00e2nica da Sa\u00fade. Foto: Fabio Rodrigues-Pozzebom\/ Ag\u00eancia Brasil\" title=\"Fabio Rodrigues-Pozzebom\/ Ag\u00eancia Brasil\" class=\"flex-fill img-cover\"\/>\n    <\/div>\n<p><!-- END scald=326826 --><\/div>\n<div class=\"dnd-caption-wrapper\">\n<p><!--copyright=326826-->Bras\u00edlia &#8211;\u00a0 Pol\u00edtica Nacional de Sa\u00fade Bucal Foto: <strong>Fabio Rodrigues-Pozzebom\/ Ag\u00eancia Brasil<\/strong><!--END copyright=326826--><\/p>\n<\/div>\n<\/div>\n<p>\u201cHoje, temos R$ 4,3 bilh\u00f5es de investimento, no ano de 2024, em sa\u00fade bucal, o que representa 123% em rela\u00e7\u00e3o a 2023. Esse \u00e9 um indicador importante de prioridade\u201d, completou.<\/p>\n<p>Segundo o Minist\u00e9rio da Sa\u00fade, o montante possibilita, por exemplo, a implanta\u00e7\u00e3o de mais de seis mil equipes de sa\u00fade bucal e 100 Centros de Especialidades Odontol\u00f3gicas, al\u00e9m da aquisi\u00e7\u00e3o de 300 Unidades Odontol\u00f3gicas M\u00f3veis.<\/p>\n<h2>C\u00e1ries<\/h2>\n<p>Dados da pesquisa Sa\u00fade Bucal Brasil 2020\/2023 divulgados nesta quinta-feira indicam que 53% das crian\u00e7as de 5 anos entrevistadas n\u00e3o tinham\u00a0c\u00e1rie. Mais de 40 mil pessoas foram ouvidas e examinadas nas 27 capitais e em 403 munic\u00edpios do interior do pa\u00eds \u2013 incluindo 7.198 crian\u00e7as.<\/p>\n<p>O \u00edndice \u00e9 14% maior do que o resultado da \u00faltima pesquisa, em 2010, quando 46,6% das crian\u00e7as entrevistadas estavam livres da doen\u00e7a.<\/p>\n<p>O estudo destaca importante aumento de crian\u00e7as de 5 anos livres de c\u00e1rie, entre 2010 e 2023, nas regi\u00f5es Sul (40,7%), Sudeste (21,9%), Nordeste (17,1%) e Norte (11,2%), tanto nas capitais como nas cidades do interior. O Centro-oeste, por outro lado, apresentou pequena diminui\u00e7\u00e3o na propor\u00e7\u00e3o, passando de 38,8% para 37,9%.<\/p>\n<\/p><\/div>\n<p><br \/>\n<br \/><a href=\"https:\/\/agenciabrasil.ebc.com.br\/saude\/noticia\/2024-06\/brasil-tem-45-de-cobertura-em-saude-bucal-meta-e-chegar-70\" rel=\"noopener\">Ag\u00eancia Brasil <\/a><\/p>\n","protected":false},"excerpt":{"rendered":"<p>O Brasil registra atualmente cerca de 45% de cobertura em sa\u00fade bucal. A meta do governo federal \u00e9 alcan\u00e7ar pelo menos 70%. Os \u00edndices foram divulgados nesta quinta-feira (13) pela ministra da Sa\u00fade, N\u00edsia Trindade, durante evento em comemora\u00e7\u00e3o aos 20 anos da Pol\u00edtica Nacional de Sa\u00fade Bucal, em Bras\u00edlia. \u201cDesde o ano passado, a [&hellip;]<\/p>\n","protected":false},"author":1,"featured_media":8297,"comment_status":"open","ping_status":"open","sticky":false,"template":"","format":"standard","meta":{"_jetpack_newsletter_access":"","_jetpack_dont_email_post_to_subs":false,"_jetpack_newsletter_tier_id":0,"_jetpack_memberships_contains_paywalled_content":false,"_mbp_banners":[],"_jetpack_feature_clip_id":0,"_jetpack_memberships_contains_paid_content":false,"footnotes":"","jetpack_publicize_message":"","jetpack_publicize_feature_enabled":true,"jetpack_social_post_already_shared":true,"jetpack_social_options":{"image_generator_settings":{"template":"highway","default_image_id":0,"font":"","enabled":false},"version":2},"jetpack_post_was_ever_published":false},"categories":[15],"tags":[],"class_list":["post-8296","post","type-post","status-publish","format-standard","has-post-thumbnail","category-saude"],"jetpack_publicize_connections":[],"jetpack-related-posts":[],"jetpack_shortlink":"https:\/\/wp.me\/p7Eq1F-29O","jetpack_sharing_enabled":true,"jetpack_featured_media_url":"https:\/\/i0.wp.com\/guialimeira.com.br\/news\/wp-content\/uploads\/2024\/06\/51752562817_a3d62d100e_o_1.jpg?fit=1600%2C800&ssl=1","_links":{"self":[{"href":"https:\/\/guialimeira.com.br\/news\/wp-json\/wp\/v2\/posts\/8296","targetHints":{"allow":["GET"]}}],"collection":[{"href":"https:\/\/guialimeira.com.br\/news\/wp-json\/wp\/v2\/posts"}],"about":[{"href":"https:\/\/guialimeira.com.br\/news\/wp-json\/wp\/v2\/types\/post"}],"author":[{"embeddable":true,"href":"https:\/\/guialimeira.com.br\/news\/wp-json\/wp\/v2\/users\/1"}],"replies":[{"embeddable":true,"href":"https:\/\/guialimeira.com.br\/news\/wp-json\/wp\/v2\/comments?post=8296"}],"version-history":[{"count":0,"href":"https:\/\/guialimeira.com.br\/news\/wp-json\/wp\/v2\/posts\/8296\/revisions"}],"wp:featuredmedia":[{"embeddable":true,"href":"https:\/\/guialimeira.com.br\/news\/wp-json\/wp\/v2\/media\/8297"}],"wp:attachment":[{"href":"https:\/\/guialimeira.com.br\/news\/wp-json\/wp\/v2\/media?parent=8296"}],"wp:term":[{"taxonomy":"category","embeddable":true,"href":"https:\/\/guialimeira.com.br\/news\/wp-json\/wp\/v2\/categories?post=8296"},{"taxonomy":"post_tag","embeddable":true,"href":"https:\/\/guialimeira.com.br\/news\/wp-json\/wp\/v2\/tags?post=8296"}],"curies":[{"name":"wp","href":"https:\/\/api.w.org\/{rel}","templated":true}]}}