{"id":8281,"date":"2024-06-13T09:32:48","date_gmt":"2024-06-13T12:32:48","guid":{"rendered":"https:\/\/guialimeira.com.br\/2024\/06\/13\/dia-de-conscientizacao-alerta-sobre-preconceito-contra-albinismo\/"},"modified":"2024-06-13T09:32:48","modified_gmt":"2024-06-13T12:32:48","slug":"dia-de-conscientizacao-alerta-sobre-preconceito-contra-albinismo","status":"publish","type":"post","link":"https:\/\/guialimeira.com.br\/news\/dia-de-conscientizacao-alerta-sobre-preconceito-contra-albinismo\/","title":{"rendered":"Dia de conscientiza\u00e7\u00e3o alerta sobre preconceito contra albinismo"},"content":{"rendered":"<p> <br \/>\n<\/p>\n<div>\n<p>Ainda cercado por muitos tabus e preconceitos, o albinismo, condi\u00e7\u00e3o gen\u00e9tica na qual o indiv\u00edduo apresenta aus\u00eancia total ou parcial da melanina, pigmento natural respons\u00e1vel pela colora\u00e7\u00e3o dos olhos, pele e cabelo, est\u00e1 presente em cerca de 21 mil brasileiros, segundo dados da Secretaria de Aten\u00e7\u00e3o Prim\u00e1ria \u00e0 Sa\u00fade (Saps). Institu\u00eddo pela Assembleia Geral da Organiza\u00e7\u00e3o das Na\u00e7\u00f5es Unidas (ONU) como o Dia Internacional de Conscientiza\u00e7\u00e3o sobre o Albinismo, o dia 13 de junho \u00e9 dedicado a incentivar a popula\u00e7\u00e3o a acabar com o preconceito contra os albinos e a apoiar a uni\u00e3o das pessoas que t\u00eam essa condi\u00e7\u00e3o gen\u00e9tica, considerada rara.<img data-recalc-dims=\"1\" decoding=\"async\" src=\"https:\/\/i0.wp.com\/agenciabrasil.ebc.com.br\/ebc.png?w=696&#038;ssl=1\" style=\"width:1px; height:1px; display:inline;\"\/><img data-recalc-dims=\"1\" decoding=\"async\" src=\"https:\/\/i0.wp.com\/agenciabrasil.ebc.com.br\/ebc.gif?w=696&#038;ssl=1\" style=\"width:1px; height:1px; display:inline;\"\/><\/p>\n<p>\u201cEste \u00e9 um assunto que precisa ser muito discutido, n\u00e3o apenas anualmente, mas rotineiramente e em todo tipo de ambiente. A m\u00eddia televisiva, com todo seu alcance, aborda o tema em novelas, em que profissionais e\u00a0 pessoas com essa condi\u00e7\u00e3o levam para a fic\u00e7\u00e3o as dificuldades encontradas na vida real, aumentando a propaga\u00e7\u00e3o da informa\u00e7\u00e3o. Esta \u00e9 uma das formas de mostrar como os obst\u00e1culos podem ser superados. Assim, crian\u00e7as e adultos albinos se sentir\u00e3o melhor onde estiverem\u201d, explicou a psic\u00f3loga Natalie Schonwald, que tamb\u00e9m \u00e9 pedagoga e faz palestras sobre inclus\u00e3o e diversidade.<\/p>\n<p>Para Natalie, que trabalha na \u00e1rea da educa\u00e7\u00e3o e alfabetiza\u00e7\u00e3o com os anos finais da educa\u00e7\u00e3o infantil e iniciais do ensino fundamental I, a desinforma\u00e7\u00e3o prejudica a vida das crian\u00e7as albinas e pode lev\u00e1-las \u00e0 exclus\u00e3o social. Segundo ela, um esfor\u00e7o para reduzir as consequ\u00eancias psicol\u00f3gicas decorrentes do albinismo \u00e9 come\u00e7ar, desde a educa\u00e7\u00e3o infantil, a explicar a essas crian\u00e7as que a condi\u00e7\u00e3o n\u00e3o as impede de ter uma boa vida social e participar de qualquer tipo de atividade.<\/p>\n<p>\u201cAssim como ocorre com qualquer defici\u00eancia, o albinismo n\u00e3o \u00e9 amplamente discutido na sociedade, e a falta de conhecimento \u00e9 o que gera preconceito. Muitas vezes, a desinforma\u00e7\u00e3o impede a sociedade de lidar adequadamente com indiv\u00edduos albinos. Isso pode levar crian\u00e7as a enfrentar dificuldades de relacionamento, pois seus colegas podem se afastar, resultando em danos psicol\u00f3gicos que necessitam de cuidados. O albinismo \u00e9 um dist\u00farbio gen\u00e9tico que precisa ser compreendido e tratado com sensibilidade\u201d, observou Natalie.<\/p>\n<p>De acordo com a psic\u00f3loga, cren\u00e7as e mitos associados \u00e0 apar\u00eancia dos albinos, assim como outras dificuldades, devem ter como foco o acolhimento. Ela ressaltou que nenhuma crian\u00e7a nasce preconceituosa e que isso vem da sociedade, por isso o ambiente escolar \u00e9 prop\u00edcio para quebrar estigmas e transformar cidad\u00e3os, mostrando que o preconceito n\u00e3o tem nada de positivo.<\/p>\n<p>\u201cN\u00f3s, enquanto educadores, podemos trabalhar por meio de diversas atividades como rodas de conversa, pesquisas, bate-papos com as crian\u00e7as que t\u00eam albinismo para entender quais as suas dificuldades e como se sentem no ambiente escolar. Essas propostas devem ser desenvolvidas de acordo com cada faixa et\u00e1ria e inten\u00e7\u00e3o de cada conte\u00fado, pois uma pauta pode abranger v\u00e1rias disciplinas\u201d, complementou a educadora.<\/p>\n<h2>Cuidados<\/h2>\n<p>A falta de melanina diminui a prote\u00e7\u00e3o da pele e facilita a entrada de raios nocivos. Por isso, pessoas de todas as idades precisam se prevenir contra os danos causados pelo sol e pela luz ultravioleta. Para pessoas com essa condi\u00e7\u00e3o os riscos de desenvolverem les\u00f5es, c\u00e2ncer e queimaduras solares \u00e9 aumentado. J\u00e1 nos olhos, al\u00e9m da fotossensibilidade, podem ter astigmatismo, hipermetropia e nistagmo, que \u00e9 o movimento irregular dos olhos.<\/p>\n<p>\u201cPor isso, \u00e9 recomendado o uso de protetor solar, igual ou maior que 50, e vestimentas com fator de prote\u00e7\u00e3o. Para os olhos, \u00e9 fundamental o uso de \u00f3culos escuros para a sa\u00fade ocular. Esses s\u00e3o os principais desafios de sa\u00fade enfrentados pelos albinos \u2013 fora olhos, pele e cabelo, nenhum \u00f3rg\u00e3o \u00e9 afetado\u201d, esclareceu a dermatologista, cl\u00ednica geral e membro da Sociedade Brasileira de Dermatologia (SBD) Juliana Lewi, que tamb\u00e9m alerta para a necessidade de acompanhamento permanente do indiv\u00edduo por um profissional da \u00e1rea.<\/p>\n<p>Al\u00e9m disso, Juliana destacou a import\u00e2ncia das campanhas de conscientiza\u00e7\u00e3o do portador e de toda a sociedade, que, com as informa\u00e7\u00f5es corretas, pode ter elementos para ser mais compreensiva e desenvolver a empatia. De acordo com a profissional, assim como os pais e as escolas, a comunidade m\u00e9dica tamb\u00e9m deve combater o estigma gerado em torno do assunto com a finalidade de promover uma maior inclus\u00e3o dos indiv\u00edduos com albinismo.<\/p>\n<p>\u201c\u00c9 necess\u00e1rio fazer campanhas na televis\u00e3o, al\u00e9m de outros tipos de propaganda que expliquem a doen\u00e7a, j\u00e1 que a conscientiza\u00e7\u00e3o \u00e9 fundamental para evitar o preconceito. E tamb\u00e9m divulgar mais o Dia Internacional de Conscientiza\u00e7\u00e3o do Albinismo, uma data muito importante para educar a popula\u00e7\u00e3o sobre as diferen\u00e7as fenot\u00edpicas que existem e fazer as pessoas albinas se sentirem acolhidas por todos\u201d, disse.<\/p>\n<\/p><\/div>\n<p><br \/>\n<br \/><a href=\"https:\/\/agenciabrasil.ebc.com.br\/saude\/noticia\/2024-06\/dia-de-conscientizacao-alerta-sobre-preconceito-contra-albinismo\" rel=\"noopener\">Ag\u00eancia Brasil <\/a><\/p>\n","protected":false},"excerpt":{"rendered":"<p>Ainda cercado por muitos tabus e preconceitos, o albinismo, condi\u00e7\u00e3o gen\u00e9tica na qual o indiv\u00edduo apresenta aus\u00eancia total ou parcial da melanina, pigmento natural respons\u00e1vel pela colora\u00e7\u00e3o dos olhos, pele e cabelo, est\u00e1 presente em cerca de 21 mil brasileiros, segundo dados da Secretaria de Aten\u00e7\u00e3o Prim\u00e1ria \u00e0 Sa\u00fade (Saps). Institu\u00eddo pela Assembleia Geral da [&hellip;]<\/p>\n","protected":false},"author":1,"featured_media":8282,"comment_status":"open","ping_status":"open","sticky":false,"template":"","format":"standard","meta":{"_jetpack_newsletter_access":"","_jetpack_dont_email_post_to_subs":false,"_jetpack_newsletter_tier_id":0,"_jetpack_memberships_contains_paywalled_content":false,"_mbp_banners":[],"_jetpack_feature_clip_id":0,"_jetpack_memberships_contains_paid_content":false,"footnotes":"","jetpack_publicize_message":"","jetpack_publicize_feature_enabled":true,"jetpack_social_post_already_shared":true,"jetpack_social_options":{"image_generator_settings":{"template":"highway","default_image_id":0,"font":"","enabled":false},"version":2},"jetpack_post_was_ever_published":false},"categories":[15],"tags":[],"class_list":["post-8281","post","type-post","status-publish","format-standard","has-post-thumbnail","category-saude"],"jetpack_publicize_connections":[],"jetpack-related-posts":[],"jetpack_shortlink":"https:\/\/wp.me\/p7Eq1F-29z","jetpack_sharing_enabled":true,"jetpack_featured_media_url":"https:\/\/i0.wp.com\/guialimeira.com.br\/news\/wp-content\/uploads\/2024\/06\/albino.jpg?fit=1600%2C800&ssl=1","_links":{"self":[{"href":"https:\/\/guialimeira.com.br\/news\/wp-json\/wp\/v2\/posts\/8281","targetHints":{"allow":["GET"]}}],"collection":[{"href":"https:\/\/guialimeira.com.br\/news\/wp-json\/wp\/v2\/posts"}],"about":[{"href":"https:\/\/guialimeira.com.br\/news\/wp-json\/wp\/v2\/types\/post"}],"author":[{"embeddable":true,"href":"https:\/\/guialimeira.com.br\/news\/wp-json\/wp\/v2\/users\/1"}],"replies":[{"embeddable":true,"href":"https:\/\/guialimeira.com.br\/news\/wp-json\/wp\/v2\/comments?post=8281"}],"version-history":[{"count":0,"href":"https:\/\/guialimeira.com.br\/news\/wp-json\/wp\/v2\/posts\/8281\/revisions"}],"wp:featuredmedia":[{"embeddable":true,"href":"https:\/\/guialimeira.com.br\/news\/wp-json\/wp\/v2\/media\/8282"}],"wp:attachment":[{"href":"https:\/\/guialimeira.com.br\/news\/wp-json\/wp\/v2\/media?parent=8281"}],"wp:term":[{"taxonomy":"category","embeddable":true,"href":"https:\/\/guialimeira.com.br\/news\/wp-json\/wp\/v2\/categories?post=8281"},{"taxonomy":"post_tag","embeddable":true,"href":"https:\/\/guialimeira.com.br\/news\/wp-json\/wp\/v2\/tags?post=8281"}],"curies":[{"name":"wp","href":"https:\/\/api.w.org\/{rel}","templated":true}]}}