{"id":8278,"date":"2024-06-13T08:50:43","date_gmt":"2024-06-13T11:50:43","guid":{"rendered":"https:\/\/guialimeira.com.br\/2024\/06\/13\/flamengo-recebe-gremio-no-maracana-mirando-a-ponta-do-brasileiro\/"},"modified":"2024-06-13T08:50:43","modified_gmt":"2024-06-13T11:50:43","slug":"flamengo-recebe-gremio-no-maracana-mirando-a-ponta-do-brasileiro","status":"publish","type":"post","link":"https:\/\/guialimeira.com.br\/news\/flamengo-recebe-gremio-no-maracana-mirando-a-ponta-do-brasileiro\/","title":{"rendered":"Flamengo recebe Gr\u00eamio no Maracan\u00e3 mirando a ponta do Brasileiro"},"content":{"rendered":"<p> <br \/>\n<\/p>\n<div>\n<p>O Maracan\u00e3 recebe, a partir das 20h (hor\u00e1rio de Bras\u00edlia) desta quinta-feira (13), o confronto entre Flamengo e Gr\u00eamio, que \u00e9 v\u00e1lido pela 8\u00aa rodada do Campeonato Brasileiro. O Rubro-Negro da G\u00e1vea entra em campo com o objetivo de retomar a lideran\u00e7a da competi\u00e7\u00e3o, enquanto o Tricolor Ga\u00facho, com dois jogos a menos por conta das enchentes no Rio Grande do Sul, luta para se afastar da zona do rebaixamento. A <strong>R\u00e1dio Nacional<\/strong> transmite o duelo ao vivo.<img data-recalc-dims=\"1\" decoding=\"async\" src=\"https:\/\/i0.wp.com\/agenciabrasil.ebc.com.br\/ebc.png?w=696&#038;ssl=1\" style=\"width:1px; height:1px; display:inline;\"\/><img data-recalc-dims=\"1\" decoding=\"async\" src=\"https:\/\/i0.wp.com\/agenciabrasil.ebc.com.br\/ebc.gif?w=696&#038;ssl=1\" style=\"width:1px; height:1px; display:inline;\"\/><\/p>\n<p>O Flamengo chega embalado ap\u00f3s golear o Vasco por 6 a 1, o que o levou aos 14 pontos em sete jogos. Caso ven\u00e7a no Maracan\u00e3, a equipe carioca ultrapassa o atual l\u00edder Botafogo, que chegou aos 16 pontos ap\u00f3s derrotar o Fluminense por 1 a 0 nesta rodada.<\/p>\n<p>Por\u00e9m, o t\u00e9cnico Tite tem cinco desfalques para o jogo com o Gr\u00eamio por causa das convoca\u00e7\u00f5es para a Copa Am\u00e9rica: o chileno Erick Pulgar e os uruguaios Giorgian De Arrascaeta, Nico de La Cruz, Vi\u00f1a e Varela.<\/p>\n<blockquote class=\"twitter-tweet\">\n<p dir=\"ltr\" lang=\"pt\" xml:lang=\"pt\">\u00daltimos ajustes para enfrentar o Gr\u00eamio, pelo <a href=\"https:\/\/twitter.com\/Brasileirao?ref_src=twsrc%5Etfw\" rel=\"noopener\">@Brasileirao<\/a>! \ud83d\udd34\u26ab\ufe0f<a href=\"https:\/\/twitter.com\/hashtag\/VamosFlamengo?src=hash&amp;ref_src=twsrc%5Etfw\" rel=\"noopener\">#VamosFlamengo<\/a> <a href=\"https:\/\/twitter.com\/hashtag\/CRF?src=hash&amp;ref_src=twsrc%5Etfw\" rel=\"noopener\">#CRF<\/a><\/p>\n<p>\ud83d\udcf8: Marcelo Cortes \/CRF <a href=\"https:\/\/t.co\/mNyRZZgcIQ\">pic.twitter.com\/mNyRZZgcIQ<\/a><\/p>\n<p>\u2014 Flamengo (@Flamengo) <a href=\"https:\/\/twitter.com\/Flamengo\/status\/1800992200672641266?ref_src=twsrc%5Etfw\" rel=\"noopener\">June 12, 2024<\/a><\/p><\/blockquote>\n<p>Al\u00e9m dos convocados, Ayrton Lucas e Allan est\u00e3o machucados. Diante desse quadro, o zagueiro L\u00e9o Pereira deve ser escalado como lateral-esquerdo. Outro improvisado deve ser o zagueiro L\u00e9o Ortiz, que pode atuar como volante.<\/p>\n<p>Assim, a prov\u00e1vel forma\u00e7\u00e3o do Flamengo \u00e9: Rossi; Wesley, Fabr\u00edcio Bruno, David Luiz e L\u00e9o Pereira; L\u00e9o Ortiz, Igor Jesus e Lorran; Gerson, Everton Cebolinha e Pedro.<\/p>\n<p>O Gr\u00eamio tamb\u00e9m chega com aus\u00eancias causadas pela Copa Am\u00e9rica: o paraguaio Villasanti e o venezuelano Soteldo. Com uma grave les\u00e3o no m\u00fasculo adutor da coxa esquerda, o centroavante Diego Costa tamb\u00e9m est\u00e1 fora, assim como o suspenso Gustavo Nunes.<\/p>\n<blockquote class=\"twitter-tweet\">\n<p dir=\"ltr\" lang=\"pt\" xml:lang=\"pt\">TIME DEFINIDO! \ud83c\uddea\ud83c\uddea\u26bd\ufe0f Hoje, encerramos a prepara\u00e7\u00e3o para o duelo desta quinta. A atividade serviu para o t\u00e9cnico Renato finalizar os ajustes na equipe que entrar\u00e1 em campo. Amanh\u00e3, te esperamos no Maracan\u00e3! <a href=\"https:\/\/twitter.com\/hashtag\/Brasileir%C3%A3o2024?src=hash&amp;ref_src=twsrc%5Etfw\" rel=\"noopener\">#Brasileir\u00e3o2024<\/a> <a href=\"https:\/\/twitter.com\/hashtag\/FLAxGRE?src=hash&amp;ref_src=twsrc%5Etfw\" rel=\"noopener\">#FLAxGRE<\/a><a href=\"https:\/\/t.co\/Drr74I1rAr\">https:\/\/t.co\/Drr74I1rAr<\/a> <a href=\"https:\/\/t.co\/a3MM421GJd\">pic.twitter.com\/a3MM421GJd<\/a><\/p>\n<p>\u2014 Gr\u00eamio FBPA (@Gremio) <a href=\"https:\/\/twitter.com\/Gremio\/status\/1800930414711713876?ref_src=twsrc%5Etfw\" rel=\"noopener\">June 12, 2024<\/a><\/p><\/blockquote>\n<p>Desta forma, o t\u00e9cnico Renato Portaluppi deve mandar a campo: Rafael Cabral; Jo\u00e3o Pedro, Geromel, Kannemann e Reinaldo; Dodi, Pep\u00ea e Cristaldo; Pavon, Nathan Fernandes e JP Galv\u00e3o.<br \/>Na classifica\u00e7\u00e3o, o Gr\u00eamio soma 6 pontos ap\u00f3s cinco partidas disputadas e ocupa no momento a 13\u00aa posi\u00e7\u00e3o do Brasileir\u00e3o.<\/p>\n<h2>Transmiss\u00e3o da R\u00e1dio Nacional<\/h2>\n<p>A <strong>R\u00e1dio Nacional<\/strong> transmite Flamengo e Gr\u00eamio com a narra\u00e7\u00e3o de Rodrigo Campos, coment\u00e1rios de Waldir Luiz, reportagem de Rodrigo Ricardo e plant\u00e3o de Bruno Mendes. Voc\u00ea acompanha o Show de Bola Nacional aqui:<\/p>\n<p><iframe loading=\"lazy\" allowfullscreen=\"\" frameborder=\"0\" height=\"115\" src=\"https:\/\/aovivo.ebc.com.br\/embed-audio.html?emissora=radio-nacional-do-rio-de-janeiro\" width=\"340\"><\/iframe><\/p>\n<\/p><\/div>\n<p><script async src=\"\/\/platform.twitter.com\/widgets.js\" charset=\"utf-8\"><\/script><br \/>\n<br \/><br \/>\n<br \/><a href=\"https:\/\/agenciabrasil.ebc.com.br\/esportes\/noticia\/2024-06\/flamengo-recebe-gremio-no-maracana-mirando-ponta-da-classificacao\" rel=\"noopener\">Ag\u00eancia Brasil<\/a><\/p>\n","protected":false},"excerpt":{"rendered":"<p>O Maracan\u00e3 recebe, a partir das 20h (hor\u00e1rio de Bras\u00edlia) desta quinta-feira (13), o confronto entre Flamengo e Gr\u00eamio, que \u00e9 v\u00e1lido pela 8\u00aa rodada do Campeonato Brasileiro. O Rubro-Negro da G\u00e1vea entra em campo com o objetivo de retomar a lideran\u00e7a da competi\u00e7\u00e3o, enquanto o Tricolor Ga\u00facho, com dois jogos a menos por conta [&hellip;]<\/p>\n","protected":false},"author":1,"featured_media":8279,"comment_status":"open","ping_status":"open","sticky":false,"template":"","format":"standard","meta":{"_jetpack_newsletter_access":"","_jetpack_dont_email_post_to_subs":false,"_jetpack_newsletter_tier_id":0,"_jetpack_memberships_contains_paywalled_content":false,"_mbp_banners":[],"_jetpack_feature_clip_id":0,"_jetpack_memberships_contains_paid_content":false,"footnotes":"","jetpack_publicize_message":"","jetpack_publicize_feature_enabled":true,"jetpack_social_post_already_shared":true,"jetpack_social_options":{"image_generator_settings":{"template":"highway","default_image_id":0,"font":"","enabled":false},"version":2},"jetpack_post_was_ever_published":false},"categories":[23],"tags":[],"class_list":["post-8278","post","type-post","status-publish","format-standard","has-post-thumbnail","category-esportes"],"jetpack_publicize_connections":[],"jetpack-related-posts":[],"jetpack_shortlink":"https:\/\/wp.me\/p7Eq1F-29w","jetpack_sharing_enabled":true,"jetpack_featured_media_url":"https:\/\/i0.wp.com\/guialimeira.com.br\/news\/wp-content\/uploads\/2024\/06\/53122024274_fbdeedd2a2_o.jpg?fit=1600%2C800&ssl=1","_links":{"self":[{"href":"https:\/\/guialimeira.com.br\/news\/wp-json\/wp\/v2\/posts\/8278","targetHints":{"allow":["GET"]}}],"collection":[{"href":"https:\/\/guialimeira.com.br\/news\/wp-json\/wp\/v2\/posts"}],"about":[{"href":"https:\/\/guialimeira.com.br\/news\/wp-json\/wp\/v2\/types\/post"}],"author":[{"embeddable":true,"href":"https:\/\/guialimeira.com.br\/news\/wp-json\/wp\/v2\/users\/1"}],"replies":[{"embeddable":true,"href":"https:\/\/guialimeira.com.br\/news\/wp-json\/wp\/v2\/comments?post=8278"}],"version-history":[{"count":0,"href":"https:\/\/guialimeira.com.br\/news\/wp-json\/wp\/v2\/posts\/8278\/revisions"}],"wp:featuredmedia":[{"embeddable":true,"href":"https:\/\/guialimeira.com.br\/news\/wp-json\/wp\/v2\/media\/8279"}],"wp:attachment":[{"href":"https:\/\/guialimeira.com.br\/news\/wp-json\/wp\/v2\/media?parent=8278"}],"wp:term":[{"taxonomy":"category","embeddable":true,"href":"https:\/\/guialimeira.com.br\/news\/wp-json\/wp\/v2\/categories?post=8278"},{"taxonomy":"post_tag","embeddable":true,"href":"https:\/\/guialimeira.com.br\/news\/wp-json\/wp\/v2\/tags?post=8278"}],"curies":[{"name":"wp","href":"https:\/\/api.w.org\/{rel}","templated":true}]}}