{"id":8268,"date":"2024-06-12T22:37:56","date_gmt":"2024-06-13T01:37:56","guid":{"rendered":"https:\/\/guialimeira.com.br\/2024\/06\/12\/tebet-descarta-desvinculacao-de-aposentadorias-do-salario-minimo\/"},"modified":"2024-06-12T22:37:56","modified_gmt":"2024-06-13T01:37:56","slug":"tebet-descarta-desvinculacao-de-aposentadorias-do-salario-minimo","status":"publish","type":"post","link":"https:\/\/guialimeira.com.br\/news\/tebet-descarta-desvinculacao-de-aposentadorias-do-salario-minimo\/","title":{"rendered":"Tebet descarta desvincula\u00e7\u00e3o de aposentadorias do sal\u00e1rio m\u00ednimo"},"content":{"rendered":"<p> <br \/>\n<\/p>\n<div>\n<p>A desvincula\u00e7\u00e3o do piso das aposentadorias ao sal\u00e1rio m\u00ednimo \u201cn\u00e3o passa pela cabe\u00e7a\u201d do governo, disse nesta quarta-feira (12) a ministra do Planejamento e Or\u00e7amento, Simone Tebet. Em audi\u00eancia p\u00fablica na Comiss\u00e3o Mista de Or\u00e7amento, ela disse que a pasta estuda a \u201cmoderniza\u00e7\u00e3o\u201d de benef\u00edcios como o Benef\u00edcio de Presta\u00e7\u00e3o Continuada (BPC), o abono salarial e o seguro-desemprego.<img data-recalc-dims=\"1\" decoding=\"async\" src=\"https:\/\/i0.wp.com\/agenciabrasil.ebc.com.br\/ebc.png?w=696&#038;ssl=1\" style=\"width:1px; height:1px; display:inline;\"\/><img data-recalc-dims=\"1\" decoding=\"async\" src=\"https:\/\/i0.wp.com\/agenciabrasil.ebc.com.br\/ebc.gif?w=696&#038;ssl=1\" style=\"width:1px; height:1px; display:inline;\"\/><\/p>\n<blockquote>\n<p>\u201cN\u00e3o passa pela cabe\u00e7a do presidente Lula nem da equipe econ\u00f4mica desvincular a aposentadoria do sal\u00e1rio m\u00ednimo. Estamos analisando a possibilidade de modernizar benef\u00edcios previdenci\u00e1rios [n\u00e3o relacionados \u00e0 aposentadoria] e trabalhistas\u201d, disse a ministra.<\/p>\n<\/blockquote>\n<p>Tebet ressaltou que as discuss\u00f5es ainda est\u00e3o em fase inicial e est\u00e3o sendo feitas pelos t\u00e9cnicos da pasta, sem que nenhuma decis\u00e3o tenha sido tomada. \u201cAcho que mexer na valoriza\u00e7\u00e3o da aposentadoria \u00e9 um equ\u00edvoco. Vai tirar com uma m\u00e3o e ter que dar com outra. Temos de modernizar as demais vincula\u00e7\u00f5es. O BPC, o abono salarial, como est\u00e3o essas pol\u00edticas p\u00fablicas. A discuss\u00e3o est\u00e1 sendo feita internamente, mas n\u00e3o h\u00e1 decis\u00e3o pol\u00edtica\u201d, acrescentou.<\/p>\n<h2>Revis\u00e3o de gastos<\/h2>\n<p>A ministra disse que a etapa mais dif\u00edcil do ajuste fiscal est\u00e1 come\u00e7ando, com a revis\u00e3o de gastos. Ela pr\u00f3pria admitiu que o espa\u00e7o para medidas para aumentar a arrecada\u00e7\u00e3o est\u00e1 diminuindo. \u201cComo o pr\u00f3prio ministro Haddad falou, n\u00e3o temos plano B em rela\u00e7\u00e3o \u00e0 desonera\u00e7\u00e3o. Isso significa que as novas fontes de receita est\u00e3o se esgotando. O lado bom disso \u00e9 que vamos ter de acelerar a esteira da revis\u00e3o de gastos\u201d, disse Tebet.<\/p>\n<p>A ministra referiu-se \u00e0 declara\u00e7\u00e3o do ministro da Fazenda, Fernando Haddad, <a href=\"https:\/\/agenciabrasil.ebc.com.br\/economia\/noticia\/2024-06\/governo-nao-tem-plano-b-para-mp-do-piscofins-diz-haddad\" target=\"_blank\" rel=\"noopener\">ap\u00f3s a devolu\u00e7\u00e3o parcial da medida provis\u00f3ria <\/a>que pretendia limitar compensa\u00e7\u00f5es do Programa de Integra\u00e7\u00e3o Social (PIS) e da Contribui\u00e7\u00e3o para o Financiamento da Seguridade Social (Cofins). Segundo ela, agora o governo precisa \u201crealinhar e requalificar\u201d os gastos p\u00fablicos.<\/p>\n<blockquote>\n<p>\u201cTemos plano A, plano B, plano C e plano D na revis\u00e3o de gastos, porque ela mal come\u00e7ou. N\u00e3o \u00e9 por outra raz\u00e3o e ningu\u00e9m esconde isso, ela mal come\u00e7ou porque \u00e9 o trabalho mais dif\u00edcil de fazer, \u00e9 complexo e envolve delibera\u00e7\u00e3o do Congresso Nacional\u201d, justificou a ministra.<\/p>\n<\/blockquote>\n<p>De acordo com Tebet, h\u00e1 tr\u00eas frentes de diminui\u00e7\u00e3o de gastos. A primeira \u00e9 a fiscaliza\u00e7\u00e3o e elimina\u00e7\u00e3o de fraudes de programas sociais, como o Bolsa Fam\u00edlia. A segunda \u00e9 a redu\u00e7\u00e3o de incentivos fiscais. A terceira \u00e9 a moderniza\u00e7\u00e3o de despesas obrigat\u00f3rias, como sa\u00fade, educa\u00e7\u00e3o e benef\u00edcios previdenci\u00e1rios.<\/p>\n<h2>Sa\u00fade e educa\u00e7\u00e3o<\/h2>\n<p>Embora o ministro Haddad tenha dito na ter\u00e7a-feira (11) que pretende propor mudan\u00e7as no formato dos <a href=\"https:\/\/agenciabrasil.ebc.com.br\/economia\/noticia\/2024-06\/haddad-propora-lula-mudancas-no-formato-de-pisos-de-saude-e-educacao\" target=\"_blank\" rel=\"noopener\">pisos constitucionais da sa\u00fade e da educa\u00e7\u00e3o<\/a>, Tebet afirmou que a limita\u00e7\u00e3o do crescimento dos limites a 2,5% de aumento acima da infla\u00e7\u00e3o por ano n\u00e3o est\u00e1 em discuss\u00e3o. \u201cNingu\u00e9m est\u00e1 dizendo que vai limitar a 2,5%\u201d, declarou.<\/p>\n<p>Uma eventual mudan\u00e7a da regra tem como objetivo evitar o colapso do novo arcabou\u00e7o fiscal porque os pisos para a Sa\u00fade e a Educa\u00e7\u00e3o cresceriam mais que os gastos discricion\u00e1rios (n\u00e3o obrigat\u00f3rios) dos minist\u00e9rios nos pr\u00f3ximos anos. O pr\u00f3prio Tesouro Nacional estima que o espa\u00e7o para as despesas livres do governo ser\u00e1 comprimido ano a ano, at\u00e9 se extinguir em 2030, caso as regras para os limites m\u00ednimos de Sa\u00fade e Educa\u00e7\u00e3o n\u00e3o sejam alteradas.<\/p>\n<\/p><\/div>\n<p><br \/>\n<br \/><a href=\"https:\/\/agenciabrasil.ebc.com.br\/economia\/noticia\/2024-06\/tebet-descarta-desvinculacao-de-aposentadorias-do-salario-minimo\" rel=\"noopener\">Ag\u00eancia Brasil<\/a><\/p>\n","protected":false},"excerpt":{"rendered":"<p>A desvincula\u00e7\u00e3o do piso das aposentadorias ao sal\u00e1rio m\u00ednimo \u201cn\u00e3o passa pela cabe\u00e7a\u201d do governo, disse nesta quarta-feira (12) a ministra do Planejamento e Or\u00e7amento, Simone Tebet. Em audi\u00eancia p\u00fablica na Comiss\u00e3o Mista de Or\u00e7amento, ela disse que a pasta estuda a \u201cmoderniza\u00e7\u00e3o\u201d de benef\u00edcios como o Benef\u00edcio de Presta\u00e7\u00e3o Continuada (BPC), o abono salarial [&hellip;]<\/p>\n","protected":false},"author":1,"featured_media":8269,"comment_status":"open","ping_status":"open","sticky":false,"template":"","format":"standard","meta":{"_jetpack_newsletter_access":"","_jetpack_dont_email_post_to_subs":false,"_jetpack_newsletter_tier_id":0,"_jetpack_memberships_contains_paywalled_content":false,"_mbp_banners":[],"_jetpack_feature_clip_id":0,"_jetpack_memberships_contains_paid_content":false,"footnotes":"","jetpack_publicize_message":"","jetpack_publicize_feature_enabled":true,"jetpack_social_post_already_shared":true,"jetpack_social_options":{"image_generator_settings":{"template":"highway","default_image_id":0,"font":"","enabled":false},"version":2},"jetpack_post_was_ever_published":false},"categories":[24],"tags":[],"class_list":["post-8268","post","type-post","status-publish","format-standard","has-post-thumbnail","category-economia"],"jetpack_publicize_connections":[],"jetpack-related-posts":[],"jetpack_shortlink":"https:\/\/wp.me\/p7Eq1F-29m","jetpack_sharing_enabled":true,"jetpack_featured_media_url":"https:\/\/i0.wp.com\/guialimeira.com.br\/news\/wp-content\/uploads\/2024\/06\/img_8448.jpg?fit=1600%2C800&ssl=1","_links":{"self":[{"href":"https:\/\/guialimeira.com.br\/news\/wp-json\/wp\/v2\/posts\/8268","targetHints":{"allow":["GET"]}}],"collection":[{"href":"https:\/\/guialimeira.com.br\/news\/wp-json\/wp\/v2\/posts"}],"about":[{"href":"https:\/\/guialimeira.com.br\/news\/wp-json\/wp\/v2\/types\/post"}],"author":[{"embeddable":true,"href":"https:\/\/guialimeira.com.br\/news\/wp-json\/wp\/v2\/users\/1"}],"replies":[{"embeddable":true,"href":"https:\/\/guialimeira.com.br\/news\/wp-json\/wp\/v2\/comments?post=8268"}],"version-history":[{"count":0,"href":"https:\/\/guialimeira.com.br\/news\/wp-json\/wp\/v2\/posts\/8268\/revisions"}],"wp:featuredmedia":[{"embeddable":true,"href":"https:\/\/guialimeira.com.br\/news\/wp-json\/wp\/v2\/media\/8269"}],"wp:attachment":[{"href":"https:\/\/guialimeira.com.br\/news\/wp-json\/wp\/v2\/media?parent=8268"}],"wp:term":[{"taxonomy":"category","embeddable":true,"href":"https:\/\/guialimeira.com.br\/news\/wp-json\/wp\/v2\/categories?post=8268"},{"taxonomy":"post_tag","embeddable":true,"href":"https:\/\/guialimeira.com.br\/news\/wp-json\/wp\/v2\/tags?post=8268"}],"curies":[{"name":"wp","href":"https:\/\/api.w.org\/{rel}","templated":true}]}}