{"id":8265,"date":"2024-06-12T21:48:52","date_gmt":"2024-06-13T00:48:52","guid":{"rendered":"https:\/\/guialimeira.com.br\/2024\/06\/12\/festa-junina-municipal-comeca-nesta-sexta-14-confira-a-programacao-e-cardapio\/"},"modified":"2024-06-12T21:48:52","modified_gmt":"2024-06-13T00:48:52","slug":"festa-junina-municipal-comeca-nesta-sexta-14-confira-a-programacao-e-cardapio","status":"publish","type":"post","link":"https:\/\/guialimeira.com.br\/news\/festa-junina-municipal-comeca-nesta-sexta-14-confira-a-programacao-e-cardapio\/","title":{"rendered":"Festa Junina Municipal come\u00e7a nesta sexta (14); confira a programa\u00e7\u00e3o e card\u00e1pio"},"content":{"rendered":"<p> <br \/>\n<\/p>\n<div>\n            <main class=\"\">&#13;<br \/>\n                &#13;<br \/>\n&#13;<br \/>\n&#13;<br \/>\n&#13;<br \/>\n    <img data-recalc-dims=\"1\" decoding=\"async\" src=\"https:\/\/i0.wp.com\/ecrie.com.br\/sistema\/conteudos\/imagem\/m_137_0_1_12062024160154.jpg?w=696&#038;ssl=1\" alt=\"Festa Junina Municipal come\u00e7a nesta sexta (14); confira a programa\u00e7\u00e3o e card\u00e1pio\"\/>&#13;<br \/>\n&#13;<\/p>\n<p><span style=\"box-sizing: border-box; font-family: Calibri; color: #000000;\">A Festa Junina Municipal acontece nesta sexta-feira (14) e no s\u00e1bado (15), no Parque Cidade, \u00e0s 18h. O evento conta com apresenta\u00e7\u00f5es musicais, comidas t\u00edpicas e divers\u00e3o para as crian\u00e7as. A realiza\u00e7\u00e3o \u00e9 da Prefeitura de Limeira, por meio da Secretaria de Cultura.<\/span><\/p>\n<p>&#13;<\/p>\n<p><span style=\"box-sizing: border-box; font-family: Calibri; color: #000000;\">A festa \u00e9 animada pelas atra\u00e7\u00f5es musicais Edu Alves, Forr\u00f3 Contenteza, Chicago Jazz Band e Dalband Forr\u00f3. A pra\u00e7a de alimenta\u00e7\u00e3o \u00e9 comercializada pelas entidades assistenciais da cidade, trazendo um card\u00e1pio com op\u00e7\u00f5es salgadas e doces, al\u00e9m de bebidas.<\/span><\/p>\n<p>&#13;<\/p>\n<p><span style=\"box-sizing: border-box; font-family: Calibri; color: #000000;\">\u00a0<\/span><\/p>\n<p>&#13;<\/p>\n<p><span style=\"box-sizing: border-box; color: #000000;\"><u><span style=\"box-sizing: border-box; text-decoration: underline; font-family: Calibri;\">Confira abaixo a programa\u00e7\u00e3o art\u00edstica e o card\u00e1pio do evento<\/span><\/u><\/span><span style=\"box-sizing: border-box; font-family: Calibri; color: #000000;\">:<\/span><\/p>\n<p>&#13;<\/p>\n<p><span style=\"box-sizing: border-box; font-family: Calibri; color: #000000;\">\u00a0<\/span><\/p>\n<p>&#13;<\/p>\n<p><span style=\"box-sizing: border-box; color: #000000;\"><strong style=\"box-sizing: border-box; font-weight: bold;\"><span style=\"box-sizing: border-box; font-family: Calibri; font-weight: bold;\">ATRA\u00c7\u00d5ES MUSICAIS<\/span><\/strong><\/span><\/p>\n<p>&#13;<\/p>\n<p><span style=\"box-sizing: border-box; font-family: Calibri; color: #000000;\">\u00a0<\/span><\/p>\n<p>&#13;<\/p>\n<p><span style=\"box-sizing: border-box; font-family: Calibri; color: #000000;\">SEXTA-FEIRA (14)<\/span><\/p>\n<p>&#13;<\/p>\n<p><span style=\"box-sizing: border-box; font-family: Calibri; color: #000000;\">18h &#8211; Edu Alves<\/span><\/p>\n<p>&#13;<\/p>\n<p><span style=\"box-sizing: border-box; font-family: Calibri; color: #000000;\">20h &#8211; Forr\u00f3 Contenteza<\/span><\/p>\n<p>&#13;<\/p>\n<p><span style=\"box-sizing: border-box; font-family: Calibri; color: #000000;\">\u00a0<\/span><span style=\"box-sizing: border-box; font-family: Calibri; color: #000000;\">\u00a0<\/span><\/p>\n<p>&#13;<\/p>\n<p><span style=\"box-sizing: border-box; font-family: Calibri; color: #000000;\">S\u00c1BADO (15)<\/span><\/p>\n<p>&#13;<\/p>\n<p><span style=\"box-sizing: border-box; font-family: Calibri; color: #000000;\">18h &#8211; Chicago Jazz Band<\/span><\/p>\n<p>&#13;<\/p>\n<p><span style=\"box-sizing: border-box; font-family: Calibri; color: #000000;\">20h &#8211; Dalband Forr\u00f3<\/span><span style=\"box-sizing: border-box; font-family: Calibri; color: #000000;\">\u00a0<\/span><\/p>\n<p>&#13;<\/p>\n<p><span style=\"box-sizing: border-box; font-family: Calibri; color: #000000;\">\u00a0<\/span><\/p>\n<p>&#13;<\/p>\n<p><span style=\"box-sizing: border-box; color: #000000;\"><strong style=\"box-sizing: border-box; font-weight: bold;\"><span style=\"box-sizing: border-box; font-family: Calibri; font-weight: bold;\">CARD\u00c1PIO<\/span><\/strong><\/span><\/p>\n<p>&#13;<\/p>\n<p><span style=\"box-sizing: border-box; font-family: Calibri; color: #000000;\">\u00a0<\/span><\/p>\n<p>&#13;<\/p>\n<p><span style=\"box-sizing: border-box; color: #000000;\"><u><span style=\"box-sizing: border-box; text-decoration: underline; font-family: Calibri;\">BEBIDA<\/span><\/u><\/span><span style=\"box-sizing: border-box; font-family: Calibri; color: #000000;\">\u00a0<\/span><\/p>\n<p>&#13;<\/p>\n<p><span style=\"box-sizing: border-box; font-family: Calibri; color: #000000;\">\u00c1gua sem g\u00e1s<\/span><span style=\"box-sizing: border-box; font-family: Calibri; color: #000000;\">\u00a0<\/span><\/p>\n<p>&#13;<\/p>\n<p><span style=\"box-sizing: border-box; font-family: Calibri; color: #000000;\">\u00c1gua<\/span><span style=\"box-sizing: border-box; font-family: Calibri; color: #000000;\">\u00a0<\/span><\/p>\n<p>&#13;<\/p>\n<p><span style=\"box-sizing: border-box; font-family: Calibri; color: #000000;\">Refrigerante<\/span><span style=\"box-sizing: border-box; font-family: Calibri; color: #000000;\">\u00a0<\/span><\/p>\n<p>&#13;<\/p>\n<p><span style=\"box-sizing: border-box; font-family: Calibri; color: #000000;\">Suco laranja<\/span><span style=\"box-sizing: border-box; font-family: Calibri; color: #000000;\">\u00a0<\/span><\/p>\n<p>&#13;<\/p>\n<p><span style=\"box-sizing: border-box; font-family: Calibri; color: #000000;\">Cerveja lata Ant\u00e1rtica<\/span><span style=\"box-sizing: border-box; font-family: Calibri; color: #000000;\">\u00a0<\/span><\/p>\n<p>&#13;<\/p>\n<p><span style=\"box-sizing: border-box; font-family: Calibri; color: #000000;\">Cerveja lata Heineken<\/span><span style=\"box-sizing: border-box; font-family: Calibri; color: #000000;\">\u00a0<\/span><\/p>\n<p>&#13;<\/p>\n<p><span style=\"box-sizing: border-box; font-family: Calibri; color: #000000;\">Cerveja lata Heineken zero \u00e1lcool<\/span><span style=\"box-sizing: border-box; font-family: Calibri; color: #000000;\">\u00a0<\/span><\/p>\n<p>&#13;<\/p>\n<p><span style=\"box-sizing: border-box; font-family: Calibri; color: #000000;\">Chopp claro<\/span><span style=\"box-sizing: border-box; font-family: Calibri; color: #000000;\">\u00a0<\/span><\/p>\n<p>&#13;<\/p>\n<p><span style=\"box-sizing: border-box; font-family: Calibri; color: #000000;\">Chopp escuro\/morango<\/span><span style=\"box-sizing: border-box; font-family: Calibri; color: #000000;\">\u00a0<\/span><\/p>\n<p>&#13;<\/p>\n<p><span style=\"box-sizing: border-box; font-family: Calibri; color: #000000;\">Vinho quente<\/span><span style=\"box-sizing: border-box; font-family: Calibri; color: #000000;\">\u00a0<\/span><\/p>\n<p>&#13;<\/p>\n<p><span style=\"box-sizing: border-box; font-family: Calibri; color: #000000;\">Quent\u00e3o<\/span><\/p>\n<p>&#13;<\/p>\n<p><span style=\"box-sizing: border-box; font-family: Calibri; color: #000000;\">\u00a0<\/span><\/p>\n<p>&#13;<\/p>\n<p><span style=\"box-sizing: border-box; font-family: Calibri; color: #000000;\">\u00a0<\/span><\/p>\n<p>&#13;<\/p>\n<p><span style=\"box-sizing: border-box; color: #000000;\"><u><span style=\"box-sizing: border-box; text-decoration: underline; font-family: Calibri;\">COMIDAS<\/span><\/u><\/span><span style=\"box-sizing: border-box; font-family: Calibri; color: #000000;\">\u00a0<\/span><\/p>\n<p>&#13;<\/p>\n<p><span style=\"box-sizing: border-box; font-family: Calibri; color: #000000;\">Pastel<\/span><span style=\"box-sizing: border-box; font-family: Calibri; color: #000000;\">\u00a0<\/span><\/p>\n<p>&#13;<\/p>\n<p><span style=\"box-sizing: border-box; font-family: Calibri; color: #000000;\">Espeto<\/span><span style=\"box-sizing: border-box; font-family: Calibri; color: #000000;\">\u00a0<\/span><\/p>\n<p>&#13;<\/p>\n<p><span style=\"box-sizing: border-box; font-family: Calibri; color: #000000;\">Lanche de pernil\/calabresa<\/span><span style=\"box-sizing: border-box; font-family: Calibri; color: #000000;\">\u00a0<\/span><\/p>\n<p>&#13;<\/p>\n<p><span style=\"box-sizing: border-box; font-family: Calibri; color: #000000;\">Cuscuz<\/span><span style=\"box-sizing: border-box; font-family: Calibri; color: #000000;\">\u00a0<\/span><\/p>\n<p>&#13;<\/p>\n<p><span style=\"box-sizing: border-box; font-family: Calibri; color: #000000;\">Cachorro-quente<\/span><\/p>\n<p>&#13;<\/p>\n<p><span style=\"box-sizing: border-box; font-family: Calibri; color: #000000;\">\u00a0<\/span><\/p>\n<p>&#13;<\/p>\n<p><span style=\"box-sizing: border-box; font-family: Calibri; color: #000000;\">\u00a0<\/span><\/p>\n<p>&#13;<\/p>\n<p><span style=\"box-sizing: border-box; color: #000000;\"><u><span style=\"box-sizing: border-box; text-decoration: underline; font-family: Calibri;\">DOCES<\/span><\/u><\/span><span style=\"box-sizing: border-box; font-family: Calibri; color: #000000;\">\u00a0<\/span><\/p>\n<p>&#13;<\/p>\n<p><span style=\"box-sizing: border-box; font-family: Calibri; color: #000000;\">Arroz doce<\/span><span style=\"box-sizing: border-box; font-family: Calibri; color: #000000;\">\u00a0<\/span><\/p>\n<p>&#13;<\/p>\n<p><span style=\"box-sizing: border-box; font-family: Calibri; color: #000000;\">Canjica<\/span><span style=\"box-sizing: border-box; font-family: Calibri; color: #000000;\">\u00a0<\/span><\/p>\n<p>&#13;<\/p>\n<p><span style=\"box-sizing: border-box; font-family: Calibri; color: #000000;\">Brigadeiro<\/span><span style=\"box-sizing: border-box; font-family: Calibri; color: #000000;\">\u00a0<\/span><\/p>\n<p>&#13;<\/p>\n<p><span style=\"box-sizing: border-box; font-family: Calibri; color: #000000;\">Derivados de milho<\/span><span style=\"box-sizing: border-box; font-family: Calibri; color: #000000;\">\u00a0<\/span><\/p>\n<p>&#13;<\/p>\n<p><span style=\"box-sizing: border-box; font-family: Calibri; color: #000000;\">Churros<\/span><\/p>\n<p>&#13;<\/p>\n<p><span style=\"box-sizing: border-box; font-family: Calibri; color: #000000;\">Casc\u00e3o Trufado<\/span><\/p>\n<p>&#13;<\/p>\n<p><span style=\"box-sizing: border-box; font-family: Calibri; color: #000000;\">Copo Gelato<\/span><\/p>\n<p>&#13;<br \/>\n&#13;<br \/>\n&#13;<br \/>\n&#13;<\/p>\n<aside class=\"list-related no-print\">&#13;<br \/>\n        &#13;<br \/>\n&#13;<\/p>\n<article class=\"list-item noticias \">&#13;<br \/>\n                    <a class=\"list-item__img\" href=\"https:\/\/limeira.sp.gov.br\/imprensa\/noticias\/cultura\/secretaria-de-cultura-oferece-230-vagas-em-oficinas-culturais\" tabindex=\"-1\" aria-hidden=\"true\" rel=\"noopener\">&#13;<br \/>\n                        <img data-recalc-dims=\"1\" decoding=\"async\" src=\"https:\/\/i0.wp.com\/ecrie.com.br\/sistema\/conteudos\/imagem\/m_137_0_1_11062024143727.jpeg?w=696&#038;ssl=1\" alt=\"Secretaria de Cultura oferece 230 vagas em oficinas culturais\"\/>&#13;<br \/>\n                    <\/a>&#13;<br \/>\n&#13;<br \/>\n                &#13;<br \/>\n            <\/article>\n<p>&#13;<\/p>\n<article class=\"list-item noticias \">&#13;<br \/>\n                    <a class=\"list-item__img\" href=\"https:\/\/limeira.sp.gov.br\/imprensa\/noticias\/cultura\/oficina-relevos-botanicos-se-inicia-nesta-quinta-13\" tabindex=\"-1\" aria-hidden=\"true\" rel=\"noopener\">&#13;<br \/>\n                        <img data-recalc-dims=\"1\" decoding=\"async\" src=\"https:\/\/i0.wp.com\/ecrie.com.br\/sistema\/conteudos\/imagem\/m_137_0_1_11062024113337.jpeg?w=696&#038;ssl=1\" alt=\"Oficina \u201cRelevos Bot\u00e2nicos\u201d se inicia nesta quinta (13)\"\/>&#13;<br \/>\n                    <\/a>&#13;<br \/>\n&#13;<br \/>\n                &#13;<br \/>\n            <\/article>\n<p>&#13;<\/p>\n<article class=\"list-item noticias \">&#13;<br \/>\n                    <a class=\"list-item__img\" href=\"https:\/\/limeira.sp.gov.br\/imprensa\/noticias\/cultura\/curso-acessibilidade-e-inclusao-social-em-museus-acontece-nesta-quinta-13\" tabindex=\"-1\" aria-hidden=\"true\" rel=\"noopener\">&#13;<br \/>\n                        <img data-recalc-dims=\"1\" decoding=\"async\" src=\"https:\/\/i0.wp.com\/ecrie.com.br\/sistema\/conteudos\/imagem\/m_137_0_1_11062024113121.jpeg?w=696&#038;ssl=1\" alt=\"Curso \u201cAcessibilidade e Inclus\u00e3o Social em Museus\u201d acontece nesta quinta (13)\"\/>&#13;<br \/>\n                    <\/a>&#13;<br \/>\n&#13;<br \/>\n                &#13;<br \/>\n            <\/article>\n<p>&#13;<br \/>\n    <\/aside>\n<p>&#13;<br \/>\n&#13;<br \/>\n            <\/main><\/p><\/div>\n<p><br \/>\n<br \/><a href=\"https:\/\/limeira.sp.gov.br\/festa-junina-municipal-comeca-nesta-sexta-14-confira-a-programacao-e-cardapio\" rel=\"noopener\">Informa\u00e7\u00f5es da PML <\/a><\/p>\n","protected":false},"excerpt":{"rendered":"<p>&#13; &#13; &#13; &#13; &#13; &#13; &#13; A Festa Junina Municipal acontece nesta sexta-feira (14) e no s\u00e1bado (15), no Parque Cidade, \u00e0s 18h. O evento conta com apresenta\u00e7\u00f5es musicais, comidas t\u00edpicas e divers\u00e3o para as crian\u00e7as. A realiza\u00e7\u00e3o \u00e9 da Prefeitura de Limeira, por meio da Secretaria de Cultura. &#13; A festa \u00e9 animada [&hellip;]<\/p>\n","protected":false},"author":1,"featured_media":8266,"comment_status":"open","ping_status":"open","sticky":false,"template":"","format":"standard","meta":{"_jetpack_newsletter_access":"","_jetpack_dont_email_post_to_subs":false,"_jetpack_newsletter_tier_id":0,"_jetpack_memberships_contains_paywalled_content":false,"_mbp_banners":[],"_jetpack_feature_clip_id":0,"_jetpack_memberships_contains_paid_content":false,"footnotes":"","jetpack_publicize_message":"","jetpack_publicize_feature_enabled":true,"jetpack_social_post_already_shared":true,"jetpack_social_options":{"image_generator_settings":{"template":"highway","default_image_id":0,"font":"","enabled":false},"version":2},"jetpack_post_was_ever_published":false},"categories":[16],"tags":[],"class_list":["post-8265","post","type-post","status-publish","format-standard","has-post-thumbnail","category-local"],"jetpack_publicize_connections":[],"jetpack-related-posts":[],"jetpack_shortlink":"https:\/\/wp.me\/p7Eq1F-29j","jetpack_sharing_enabled":true,"jetpack_featured_media_url":"https:\/\/i0.wp.com\/guialimeira.com.br\/news\/wp-content\/uploads\/2024\/06\/m_137_0_1_12062024160154.jpg?fit=800%2C928&ssl=1","_links":{"self":[{"href":"https:\/\/guialimeira.com.br\/news\/wp-json\/wp\/v2\/posts\/8265","targetHints":{"allow":["GET"]}}],"collection":[{"href":"https:\/\/guialimeira.com.br\/news\/wp-json\/wp\/v2\/posts"}],"about":[{"href":"https:\/\/guialimeira.com.br\/news\/wp-json\/wp\/v2\/types\/post"}],"author":[{"embeddable":true,"href":"https:\/\/guialimeira.com.br\/news\/wp-json\/wp\/v2\/users\/1"}],"replies":[{"embeddable":true,"href":"https:\/\/guialimeira.com.br\/news\/wp-json\/wp\/v2\/comments?post=8265"}],"version-history":[{"count":0,"href":"https:\/\/guialimeira.com.br\/news\/wp-json\/wp\/v2\/posts\/8265\/revisions"}],"wp:featuredmedia":[{"embeddable":true,"href":"https:\/\/guialimeira.com.br\/news\/wp-json\/wp\/v2\/media\/8266"}],"wp:attachment":[{"href":"https:\/\/guialimeira.com.br\/news\/wp-json\/wp\/v2\/media?parent=8265"}],"wp:term":[{"taxonomy":"category","embeddable":true,"href":"https:\/\/guialimeira.com.br\/news\/wp-json\/wp\/v2\/categories?post=8265"},{"taxonomy":"post_tag","embeddable":true,"href":"https:\/\/guialimeira.com.br\/news\/wp-json\/wp\/v2\/tags?post=8265"}],"curies":[{"name":"wp","href":"https:\/\/api.w.org\/{rel}","templated":true}]}}