{"id":8262,"date":"2024-06-12T21:39:43","date_gmt":"2024-06-13T00:39:43","guid":{"rendered":"https:\/\/guialimeira.com.br\/2024\/06\/12\/conmebol-confirma-datas-e-horarios-das-oitavas-da-libertadores\/"},"modified":"2024-06-12T21:39:43","modified_gmt":"2024-06-13T00:39:43","slug":"conmebol-confirma-datas-e-horarios-das-oitavas-da-libertadores","status":"publish","type":"post","link":"https:\/\/guialimeira.com.br\/news\/conmebol-confirma-datas-e-horarios-das-oitavas-da-libertadores\/","title":{"rendered":"Conmebol confirma datas e hor\u00e1rios das oitavas da Libertadores"},"content":{"rendered":"<p> <br \/>\n<\/p>\n<div>\n<p>A Conmebol (Confedera\u00e7\u00e3o Sul-Americana de Futebol) divulgou nesta quarta-feira (12) as datas e hor\u00e1rios das partidas das oitavas de final da Copa Libertadores. O primeiro confronto, que ser\u00e1 entre Gr\u00eamio e Fluminense, est\u00e1 programado para ser disputado a partir das 19h (hor\u00e1rio de Bras\u00edlia) do dia 13 de agosto na Arena do Gr\u00eamio.<img data-recalc-dims=\"1\" decoding=\"async\" src=\"https:\/\/i0.wp.com\/agenciabrasil.ebc.com.br\/ebc.png?w=696&#038;ssl=1\" style=\"width:1px; height:1px; display:inline;\"\/><img data-recalc-dims=\"1\" decoding=\"async\" src=\"https:\/\/i0.wp.com\/agenciabrasil.ebc.com.br\/ebc.gif?w=696&#038;ssl=1\" style=\"width:1px; height:1px; display:inline;\"\/><\/p>\n<p>No mesmo dia, mas a partir das 21h30, o Atl\u00e9tico-MG visita o San Lorenzo (Argentina) no est\u00e1dio Pedro Bidegain, em Buenos Aires. No dia 14 ser\u00e1 a vez de o Colo-Colo (Chile) medir for\u00e7as com o Junior Barranquilla (Col\u00f4mbia), o Pe\u00f1arol (Uruguai) receber o The Strongest, o Talleres e o River Plate protagonizarem um cl\u00e1ssico argentino, enquanto Botafogo e Palmeiras se encontrarem no est\u00e1dio Nilton Santos a partir das 21h30.<\/p>\n<blockquote class=\"twitter-tweet\">\n<p dir=\"ltr\" lang=\"pt\" xml:lang=\"pt\">\ud83d\uddd3\ufe0f\ud83d\udc40 Definida a tabela das Oitavas de Final!<\/p>\n<p>\ud83c\udfc6 Rumo \u00e0 <a href=\"https:\/\/twitter.com\/hashtag\/GloriaEterna?src=hash&amp;ref_src=twsrc%5Etfw\" rel=\"noopener\">#GloriaEterna<\/a>!<a href=\"https:\/\/twitter.com\/hashtag\/Libertadores?src=hash&amp;ref_src=twsrc%5Etfw\" rel=\"noopener\">#Libertadores<\/a> <a href=\"https:\/\/t.co\/zfizzRTmQp\">pic.twitter.com\/zfizzRTmQp<\/a><\/p>\n<p>\u2014 CONMEBOL Libertadores (@LibertadoresBR) <a href=\"https:\/\/twitter.com\/LibertadoresBR\/status\/1800991429491073032?ref_src=twsrc%5Etfw\" rel=\"noopener\">June 12, 2024<\/a><\/p><\/blockquote>\n<p>J\u00e1 o dia 15 ter\u00e1 a partida entre Nacional (Uruguai) e S\u00e3o Paulo, a partir das 19h no est\u00e1dio Gran Parque Central, em Montevid\u00e9u, e Flamengo e Bol\u00edvar (Bol\u00edvia), a partir das 21h30 no est\u00e1dio do Maracan\u00e3.<\/p>\n<p>J\u00e1 os confrontos de volta ter\u00e3o in\u00edcio no dia 20, com Fluminense e Gr\u00eamio a partir das 19h no Maracan\u00e3, com Atl\u00e9tico-MG e San Lorenzo, a partir das 21h30 em Belo Horizonte, e Junior Barranquilla e Colo-Colo.<\/p>\n<p>No dia 21 de agosto, The Strongest e Pe\u00f1arol medem for\u00e7as, River Plate e Talleres jogam e Palmeiras e Botafogo se enfrentam a partir das 21h30 no Allianz Parque. As oitavas da Libertadores chegam ao final no dia 22, com S\u00e3o Paulo e Nacional a partir das 19h no Morumbis, e Bol\u00edvar e Flamengo, a partir das 21h30 no est\u00e1dio Hernando Siles, em La Paz.<\/p>\n<\/p><\/div>\n<p><script async src=\"\/\/platform.twitter.com\/widgets.js\" charset=\"utf-8\"><\/script><br \/>\n<br \/><br \/>\n<br \/><a href=\"https:\/\/agenciabrasil.ebc.com.br\/esportes\/noticia\/2024-06\/conmebol-confirma-datas-e-horarios-das-oitavas-da-libertadores\" rel=\"noopener\">Ag\u00eancia Brasil<\/a><\/p>\n","protected":false},"excerpt":{"rendered":"<p>A Conmebol (Confedera\u00e7\u00e3o Sul-Americana de Futebol) divulgou nesta quarta-feira (12) as datas e hor\u00e1rios das partidas das oitavas de final da Copa Libertadores. O primeiro confronto, que ser\u00e1 entre Gr\u00eamio e Fluminense, est\u00e1 programado para ser disputado a partir das 19h (hor\u00e1rio de Bras\u00edlia) do dia 13 de agosto na Arena do Gr\u00eamio. No mesmo [&hellip;]<\/p>\n","protected":false},"author":1,"featured_media":8263,"comment_status":"open","ping_status":"open","sticky":false,"template":"","format":"standard","meta":{"_jetpack_newsletter_access":"","_jetpack_dont_email_post_to_subs":false,"_jetpack_newsletter_tier_id":0,"_jetpack_memberships_contains_paywalled_content":false,"_mbp_banners":[],"_jetpack_feature_clip_id":0,"_jetpack_memberships_contains_paid_content":false,"footnotes":"","jetpack_publicize_message":"","jetpack_publicize_feature_enabled":true,"jetpack_social_post_already_shared":true,"jetpack_social_options":{"image_generator_settings":{"template":"highway","default_image_id":0,"font":"","enabled":false},"version":2},"jetpack_post_was_ever_published":false},"categories":[23],"tags":[],"class_list":["post-8262","post","type-post","status-publish","format-standard","has-post-thumbnail","category-esportes"],"jetpack_publicize_connections":[],"jetpack-related-posts":[],"jetpack_shortlink":"https:\/\/wp.me\/p7Eq1F-29g","jetpack_sharing_enabled":true,"jetpack_featured_media_url":"https:\/\/i0.wp.com\/guialimeira.com.br\/news\/wp-content\/uploads\/2024\/06\/53381185460_171ebb5b11_o.jpg?fit=1600%2C800&ssl=1","_links":{"self":[{"href":"https:\/\/guialimeira.com.br\/news\/wp-json\/wp\/v2\/posts\/8262","targetHints":{"allow":["GET"]}}],"collection":[{"href":"https:\/\/guialimeira.com.br\/news\/wp-json\/wp\/v2\/posts"}],"about":[{"href":"https:\/\/guialimeira.com.br\/news\/wp-json\/wp\/v2\/types\/post"}],"author":[{"embeddable":true,"href":"https:\/\/guialimeira.com.br\/news\/wp-json\/wp\/v2\/users\/1"}],"replies":[{"embeddable":true,"href":"https:\/\/guialimeira.com.br\/news\/wp-json\/wp\/v2\/comments?post=8262"}],"version-history":[{"count":0,"href":"https:\/\/guialimeira.com.br\/news\/wp-json\/wp\/v2\/posts\/8262\/revisions"}],"wp:featuredmedia":[{"embeddable":true,"href":"https:\/\/guialimeira.com.br\/news\/wp-json\/wp\/v2\/media\/8263"}],"wp:attachment":[{"href":"https:\/\/guialimeira.com.br\/news\/wp-json\/wp\/v2\/media?parent=8262"}],"wp:term":[{"taxonomy":"category","embeddable":true,"href":"https:\/\/guialimeira.com.br\/news\/wp-json\/wp\/v2\/categories?post=8262"},{"taxonomy":"post_tag","embeddable":true,"href":"https:\/\/guialimeira.com.br\/news\/wp-json\/wp\/v2\/tags?post=8262"}],"curies":[{"name":"wp","href":"https:\/\/api.w.org\/{rel}","templated":true}]}}