{"id":8256,"date":"2024-06-12T20:38:42","date_gmt":"2024-06-12T23:38:42","guid":{"rendered":"https:\/\/guialimeira.com.br\/2024\/06\/12\/ex-jogador-rai-participara-de-revezamento-da-tocha-olimpica-de-paris\/"},"modified":"2024-06-12T20:38:42","modified_gmt":"2024-06-12T23:38:42","slug":"ex-jogador-rai-participara-de-revezamento-da-tocha-olimpica-de-paris","status":"publish","type":"post","link":"https:\/\/guialimeira.com.br\/news\/ex-jogador-rai-participara-de-revezamento-da-tocha-olimpica-de-paris\/","title":{"rendered":"Ex-jogador Ra\u00ed participar\u00e1 de revezamento da tocha ol\u00edmpica de Paris"},"content":{"rendered":"<p> <br \/>\n<\/p>\n<div>\n<p>Campe\u00e3o do mundo com a sele\u00e7\u00e3o brasileira de futebol em 1994, o ex-jogador Ra\u00ed revelou no Instagram que ir\u00e1 carregar a tocha ol\u00edmpica dos Jogos e Paris\u00a0em 23 de julho, na cidade de Versalhes,\u00a0tr\u00eas dias antes da\u00a0cerim\u00f4nia de abertura. <a href=\"https:\/\/www.instagram.com\/p\/C8HUXgMsvgx\/?img_index=1\" rel=\"noopener\"><strong>O ex-atleta fez o an\u00fancio nesta quarta-feira (12)<\/strong><\/a>, com uma publica\u00e7\u00e3o comovente, na qual recorda seus primeiros dias na Fran\u00e7a, nos\u00a0anos de 1990, quando foi contratado pelo clube Paris Saint-Germain (PSG).<img data-recalc-dims=\"1\" decoding=\"async\" src=\"https:\/\/i0.wp.com\/agenciabrasil.ebc.com.br\/ebc.png?w=696&#038;ssl=1\" style=\"width:1px; height:1px; display:inline;\"\/><img data-recalc-dims=\"1\" decoding=\"async\" src=\"https:\/\/i0.wp.com\/agenciabrasil.ebc.com.br\/ebc.gif?w=696&#038;ssl=1\" style=\"width:1px; height:1px; display:inline;\"\/><\/p>\n<p>\u201cCheguei ao pa\u00eds das Olimp\u00edadas em 1993 como atleta profissional. Aqui vivi com fam\u00edlia e filhas, fiz muitos amigos, fui Capit\u00e3o do Paris Saint-Germain, me inspirei para criar a Gol de Letra, me tornei cidad\u00e3o franc\u00eas, mestre em Pol\u00edtica P\u00fablica. Hoje sou embaixador do Paris FC e tenho muito orgulho de ser considerado s\u00edmbolo desta rela\u00e7\u00e3o Fran\u00e7a\/Brasil, Brasil\/Fran\u00e7a\u201d, disse Ra\u00ed na rede social. E concluiu: &#8220;Recebo este convite para carregar a tocha como um reconhecimento desta linda hist\u00f3ria de amor, aprendizados, conquistas e realiza\u00e7\u00f5es, ainda longe de acabar&#8221;.<\/p>\n<blockquote class=\"instagram-media\" data-instgrm-captioned=\"\" data-instgrm-permalink=\"https:\/\/www.instagram.com\/reel\/C8H7d1EMt3w\/?utm_source=ig_embed&amp;utm_campaign=loading\" data-instgrm-version=\"14\" style=\" background:#FFF; border:0; border-radius:3px; box-shadow:0 0 1px 0 rgba(0,0,0,0.5),0 1px 10px 0 rgba(0,0,0,0.15); margin: 1px; max-width:540px; min-width:326px; padding:0; width:99.375%; width:-webkit-calc(100% - 2px); width:calc(100% - 2px);\">\n<\/blockquote>\n<p>Antes do t\u00edtulo mundial, Ra\u00ed foi medalhista de ouro nos Jogos Pan-Americanos de Indian\u00e1polis (Estados Unidos) em 1987. O ex-atleta sonhava em representar o Brasil nos Jogos no ano seguinte, em Seul (Coreia do Sul), mas sofreu uma les\u00e3o e ficou fora da lista de convocados. Na ocasi\u00e3o o\u00a0Brasil faturou\u00a0a prata no futebol.\u00a0<\/p>\n<p>Ra\u00ed se tornou \u00eddolo do PSG, onde jogou at\u00e9 maio de 1998, quando retornou ao S\u00e3o Paulo, clube no qual j\u00e1 conquistara o bicampeonato da Libertadores e um t\u00edtulo mundial. Encerrou a carreira no futebol em 2000 e passou a desenvolver projetos sociais voltados ao esporte. Na Olimp\u00edada Rio 2016, Ra\u00ed tamb\u00e9m foi um dos atletas selecionados para conduzir a tocha ol\u00edmpica.<\/p>\n<\/p><\/div>\n<p><script async src=\"\/\/www.instagram.com\/embed.js\"><\/script><br \/>\n<br \/><br \/>\n<br \/><a href=\"https:\/\/agenciabrasil.ebc.com.br\/esportes\/noticia\/2024-06\/ex-jogador-rai-participara-de-revezamento-da-tocha-olimpica-de-paris\" rel=\"noopener\">Ag\u00eancia Brasil<\/a><\/p>\n","protected":false},"excerpt":{"rendered":"<p>Campe\u00e3o do mundo com a sele\u00e7\u00e3o brasileira de futebol em 1994, o ex-jogador Ra\u00ed revelou no Instagram que ir\u00e1 carregar a tocha ol\u00edmpica dos Jogos e Paris\u00a0em 23 de julho, na cidade de Versalhes,\u00a0tr\u00eas dias antes da\u00a0cerim\u00f4nia de abertura. O ex-atleta fez o an\u00fancio nesta quarta-feira (12), com uma publica\u00e7\u00e3o comovente, na qual recorda seus [&hellip;]<\/p>\n","protected":false},"author":1,"featured_media":8257,"comment_status":"open","ping_status":"open","sticky":false,"template":"","format":"standard","meta":{"_jetpack_newsletter_access":"","_jetpack_dont_email_post_to_subs":false,"_jetpack_newsletter_tier_id":0,"_jetpack_memberships_contains_paywalled_content":false,"_mbp_banners":[],"_jetpack_feature_clip_id":0,"_jetpack_memberships_contains_paid_content":false,"footnotes":"","jetpack_publicize_message":"","jetpack_publicize_feature_enabled":true,"jetpack_social_post_already_shared":true,"jetpack_social_options":{"image_generator_settings":{"template":"highway","default_image_id":0,"font":"","enabled":false},"version":2},"jetpack_post_was_ever_published":false},"categories":[23],"tags":[],"class_list":["post-8256","post","type-post","status-publish","format-standard","has-post-thumbnail","category-esportes"],"jetpack_publicize_connections":[],"jetpack-related-posts":[],"jetpack_shortlink":"https:\/\/wp.me\/p7Eq1F-29a","jetpack_sharing_enabled":true,"jetpack_featured_media_url":"https:\/\/i0.wp.com\/guialimeira.com.br\/news\/wp-content\/uploads\/2024\/06\/rai_tocha_paris_2024.jpg?fit=1600%2C800&ssl=1","_links":{"self":[{"href":"https:\/\/guialimeira.com.br\/news\/wp-json\/wp\/v2\/posts\/8256","targetHints":{"allow":["GET"]}}],"collection":[{"href":"https:\/\/guialimeira.com.br\/news\/wp-json\/wp\/v2\/posts"}],"about":[{"href":"https:\/\/guialimeira.com.br\/news\/wp-json\/wp\/v2\/types\/post"}],"author":[{"embeddable":true,"href":"https:\/\/guialimeira.com.br\/news\/wp-json\/wp\/v2\/users\/1"}],"replies":[{"embeddable":true,"href":"https:\/\/guialimeira.com.br\/news\/wp-json\/wp\/v2\/comments?post=8256"}],"version-history":[{"count":0,"href":"https:\/\/guialimeira.com.br\/news\/wp-json\/wp\/v2\/posts\/8256\/revisions"}],"wp:featuredmedia":[{"embeddable":true,"href":"https:\/\/guialimeira.com.br\/news\/wp-json\/wp\/v2\/media\/8257"}],"wp:attachment":[{"href":"https:\/\/guialimeira.com.br\/news\/wp-json\/wp\/v2\/media?parent=8256"}],"wp:term":[{"taxonomy":"category","embeddable":true,"href":"https:\/\/guialimeira.com.br\/news\/wp-json\/wp\/v2\/categories?post=8256"},{"taxonomy":"post_tag","embeddable":true,"href":"https:\/\/guialimeira.com.br\/news\/wp-json\/wp\/v2\/tags?post=8256"}],"curies":[{"name":"wp","href":"https:\/\/api.w.org\/{rel}","templated":true}]}}