{"id":8251,"date":"2024-06-12T20:19:56","date_gmt":"2024-06-12T23:19:56","guid":{"rendered":"https:\/\/guialimeira.com.br\/2024\/06\/12\/programa-preve-atendimento-integrado-e-especializado-no-sus\/"},"modified":"2024-06-12T20:19:56","modified_gmt":"2024-06-12T23:19:56","slug":"programa-preve-atendimento-integrado-e-especializado-no-sus","status":"publish","type":"post","link":"https:\/\/guialimeira.com.br\/news\/programa-preve-atendimento-integrado-e-especializado-no-sus\/","title":{"rendered":"Programa prev\u00ea atendimento integrado e especializado no SUS"},"content":{"rendered":"<p> <br \/>\n<\/p>\n<div>\n<p>O Minist\u00e9rio da Sa\u00fade detalhou nesta quarta-feira (12) como ser\u00e1 o funcionamento do Programa Mais Acesso a Especialistas, que tem o objetivo de ampliar e qualificar o acesso \u00e0 aten\u00e7\u00e3o especializada em sa\u00fade. O programa ter\u00e1 investimento de R$ 1 bilh\u00e3o, em 2024, para aumentar a disponibilidade de consultas, exames e outros procedimentos diagn\u00f3sticos e terap\u00eauticos, reduzindo filas e tempos de espera.<img data-recalc-dims=\"1\" decoding=\"async\" src=\"https:\/\/i0.wp.com\/agenciabrasil.ebc.com.br\/ebc.png?w=696&#038;ssl=1\" style=\"width:1px; height:1px; display:inline;\"\/><img data-recalc-dims=\"1\" decoding=\"async\" src=\"https:\/\/i0.wp.com\/agenciabrasil.ebc.com.br\/ebc.gif?w=696&#038;ssl=1\" style=\"width:1px; height:1px; display:inline;\"\/><\/p>\n<p>O programa foi<a href=\"https:\/\/Programa Mais Acesso a Especialistas\" target=\"_blank\" rel=\"noopener\"> lan\u00e7ado<\/a> em abril, mas hoje foram publicadas seis portarias detalhando as a\u00e7\u00f5es previstas. At\u00e9 agora, 1.237 munic\u00edpios j\u00e1 fizeram a ades\u00e3o ao programa, al\u00e9m de 10 estados: Cear\u00e1, Amazonas, Santa Catarina, Roraima, Paran\u00e1, Pernambuco, Piau\u00ed, Para\u00edba, Goi\u00e1s e Bahia.\u00a0<\/p>\n<p>Segundo a ministra da Sa\u00fade, N\u00edsia Trindade, a ideia \u00e9 que os pacientes tenham uma fila \u00fanica, agendamento \u00fanico e retorno garantido para a unidade de sa\u00fade da fam\u00edlia para acompanhamento do caso.\u00a0\u201cSe trata do atendimento a uma grande necessidade da nossa popula\u00e7\u00e3o e do fortalecimento do SUS. \u00c9 uma inova\u00e7\u00e3o que combina financiamento com gest\u00e3o adequada\u201d, diz a ministra\u00a0<\/p>\n<p>Foram priorizadas inicialmente cinco \u00e1reas para a oferta de cuidado integrado: otorrinolaringologia, ortopedia, cardiologia, oftalmologia e oncologia. \u201cS\u00e3o os maiores gargalos, problemas sens\u00edveis em que a amplia\u00e7\u00e3o do diagn\u00f3stico interfere no progn\u00f3stico\u201d, explica o secret\u00e1rio de Aten\u00e7\u00e3o Especializada, Adriano Massuda<\/p>\n<p>Segundo ele, a ideia \u00e9 que sejam feitas consultas com especialista, exames necess\u00e1rios e os procedimentos que podem ser feitos em \u00e2mbito ambulatorial para o tratamento em um intervalo de tempo de no m\u00e1ximo 30 ou 60 dias, dependendo da situa\u00e7\u00e3o.\u00a0<\/p>\n<p>\u201cHoje o que acaba acontecendo \u00e9 um p\u00e9riplo bastante angustiante para quem tem problema de sa\u00fade grave, e a gente perde um tempo precioso para fazer o diagn\u00f3stico oportuno e iniciar o tratamento no tempo adequado\u201d, diz Massuda.\u00a0\u00a0<\/p>\n<p>Com o novo modelo, quando o paciente precisar de mais de uma consulta ou exame, ele ser\u00e1 inclu\u00eddo em apenas uma fila e ter\u00e1 a garantia de retorno para a Unidade de Sa\u00fade da Fam\u00edlia (USF), com acompanhamento do caso quando necess\u00e1rio. Os servi\u00e7os v\u00e3o ser demandados nas unidades de sa\u00fade a partir das Ofertas de Cuidados Integrados e ter\u00e3o a supervis\u00e3o das secretarias de Sa\u00fade para que o conjunto de consultas e exames para cada paciente sejam realizados entre 30 ou 60 dias, a depender da situa\u00e7\u00e3o.\u00a0<\/p>\n<\/p><\/div>\n<p><br \/>\n<br \/><a href=\"https:\/\/agenciabrasil.ebc.com.br\/saude\/noticia\/2024-06\/programa-preve-atendimento-integrado-e-especializado-no-sus\" rel=\"noopener\">Ag\u00eancia Brasil <\/a><\/p>\n","protected":false},"excerpt":{"rendered":"<p>O Minist\u00e9rio da Sa\u00fade detalhou nesta quarta-feira (12) como ser\u00e1 o funcionamento do Programa Mais Acesso a Especialistas, que tem o objetivo de ampliar e qualificar o acesso \u00e0 aten\u00e7\u00e3o especializada em sa\u00fade. O programa ter\u00e1 investimento de R$ 1 bilh\u00e3o, em 2024, para aumentar a disponibilidade de consultas, exames e outros procedimentos diagn\u00f3sticos e [&hellip;]<\/p>\n","protected":false},"author":1,"featured_media":8252,"comment_status":"open","ping_status":"open","sticky":false,"template":"","format":"standard","meta":{"_jetpack_newsletter_access":"","_jetpack_dont_email_post_to_subs":false,"_jetpack_newsletter_tier_id":0,"_jetpack_memberships_contains_paywalled_content":false,"_mbp_banners":[],"_jetpack_feature_clip_id":0,"_jetpack_memberships_contains_paid_content":false,"footnotes":"","jetpack_publicize_message":"","jetpack_publicize_feature_enabled":true,"jetpack_social_post_already_shared":true,"jetpack_social_options":{"image_generator_settings":{"template":"highway","default_image_id":0,"font":"","enabled":false},"version":2},"jetpack_post_was_ever_published":false},"categories":[15],"tags":[],"class_list":["post-8251","post","type-post","status-publish","format-standard","has-post-thumbnail","category-saude"],"jetpack_publicize_connections":[],"jetpack-related-posts":[],"jetpack_shortlink":"https:\/\/wp.me\/p7Eq1F-295","jetpack_sharing_enabled":true,"jetpack_featured_media_url":"https:\/\/i0.wp.com\/guialimeira.com.br\/news\/wp-content\/uploads\/2024\/06\/20240611164211_0d7a5363.jpg?fit=1600%2C800&ssl=1","_links":{"self":[{"href":"https:\/\/guialimeira.com.br\/news\/wp-json\/wp\/v2\/posts\/8251","targetHints":{"allow":["GET"]}}],"collection":[{"href":"https:\/\/guialimeira.com.br\/news\/wp-json\/wp\/v2\/posts"}],"about":[{"href":"https:\/\/guialimeira.com.br\/news\/wp-json\/wp\/v2\/types\/post"}],"author":[{"embeddable":true,"href":"https:\/\/guialimeira.com.br\/news\/wp-json\/wp\/v2\/users\/1"}],"replies":[{"embeddable":true,"href":"https:\/\/guialimeira.com.br\/news\/wp-json\/wp\/v2\/comments?post=8251"}],"version-history":[{"count":0,"href":"https:\/\/guialimeira.com.br\/news\/wp-json\/wp\/v2\/posts\/8251\/revisions"}],"wp:featuredmedia":[{"embeddable":true,"href":"https:\/\/guialimeira.com.br\/news\/wp-json\/wp\/v2\/media\/8252"}],"wp:attachment":[{"href":"https:\/\/guialimeira.com.br\/news\/wp-json\/wp\/v2\/media?parent=8251"}],"wp:term":[{"taxonomy":"category","embeddable":true,"href":"https:\/\/guialimeira.com.br\/news\/wp-json\/wp\/v2\/categories?post=8251"},{"taxonomy":"post_tag","embeddable":true,"href":"https:\/\/guialimeira.com.br\/news\/wp-json\/wp\/v2\/tags?post=8251"}],"curies":[{"name":"wp","href":"https:\/\/api.w.org\/{rel}","templated":true}]}}