{"id":8249,"date":"2024-06-12T19:46:53","date_gmt":"2024-06-12T22:46:53","guid":{"rendered":"https:\/\/guialimeira.com.br\/2024\/06\/12\/aplicativo-amplia-acesso-a-cadastro-habitacional-de-limeira\/"},"modified":"2024-06-12T19:46:53","modified_gmt":"2024-06-12T22:46:53","slug":"aplicativo-amplia-acesso-a-cadastro-habitacional-de-limeira","status":"publish","type":"post","link":"https:\/\/guialimeira.com.br\/news\/aplicativo-amplia-acesso-a-cadastro-habitacional-de-limeira\/","title":{"rendered":"Aplicativo amplia acesso a Cadastro Habitacional de Limeira"},"content":{"rendered":"<p> <br \/>\n<\/p>\n<div>\n            <main class=\"\">&#13;<br \/>\n                &#13;<br \/>\n&#13;<br \/>\n&#13;<br \/>\n&#13;<br \/>\n    <img data-recalc-dims=\"1\" decoding=\"async\" src=\"https:\/\/i0.wp.com\/ecrie.com.br\/sistema\/conteudos\/imagem\/m_137_0_1_12062024174202.jpg?w=696&#038;ssl=1\" alt=\"Aplicativo amplia acesso a Cadastro Habitacional de Limeira\"\/>&#13;<br \/>\n&#13;<\/p>\n<p style=\"text-align: justify;\" align=\"justify\"><span style=\"font-family: Arial, sans-serif;\">O prefeito Mario Botion, a vice-prefeita Erika Tank e a secret\u00e1ria de Habita\u00e7\u00e3o, Marcela Sisc\u00e3o, apresentaram nesta quarta-feira (12) o aplicativo do Cadastro Habitacional de Limeira e o novo site para a popula\u00e7\u00e3o (www.limeira.sp.gov.br\/cadastro-habitacao). A plataforma j\u00e1 est\u00e1 dispon\u00edvel para dispositivos Android. Por esses canais, a popula\u00e7\u00e3o pode inscrever ou atualizar o Cadastro Habitacional e participar de programas na \u00e1rea.<\/span><\/p>\n<p>&#13;<\/p>\n<p style=\"text-align: justify;\" align=\"justify\"><span style=\"font-family: Arial, sans-serif;\">O aplicativo foi desenvolvido em parceria com a Unicamp e integralizado \u00e0 antiga plataforma pelo Departamento de Tecnologia da Informa\u00e7\u00e3o da Prefeitura de Limeira. \u201cQuem tem inscri\u00e7\u00e3o no Cadastro Habitacional pode ficar tranquilo pois as informa\u00e7\u00f5es continuam inalteradas. Mas para essas pessoas, \u00e9 necess\u00e1rio acessar o site e criar uma senha com e-mail para poder acessar o cadastro pelo aplicativo ou mesmo atualizar a inscri\u00e7\u00e3o pelo site\u201d, explicou Marcela.<\/span><\/p>\n<p>&#13;<\/p>\n<p style=\"text-align: justify;\" align=\"justify\"><span style=\"font-family: Arial, sans-serif;\">Segundo a secret\u00e1ria, a cria\u00e7\u00e3o do e-mail e senha tem o objetivo de atender as normas da Lei Geral de Prote\u00e7\u00e3o de Dados (LGPD) e garantir mais seguran\u00e7a ao cadastro dos mun\u00edcipes. Para encontrar o app, basta pesquisar \u201cCadastro Habitacional Limeira\u201d na loja de aplicativos do Android. O aplicativo de Limeira tem o s\u00edmbolo azul com o desenho de uma casa e uma chave.<\/span><\/p>\n<p>&#13;<\/p>\n<p style=\"text-align: justify;\" align=\"justify\">\u201c<span style=\"font-family: Arial, sans-serif;\">\u00c9 mais uma ferramenta para que a popula\u00e7\u00e3o fa\u00e7a parte do Cadastro Habitacional. Ele \u00e9 \u00fanico e permanente, por isso \u00e9 importante mant\u00ea-lo sempre atualizado\u201d, observou Botion. \u201cO aplicativo vai ao encontro das novas tecnologias que temos implantado nos servi\u00e7os municipais\u201d, citou Erika Tank. Recentemente, a prefeitura lan\u00e7ou o \u201cLimeira Digital\u201d, que concentra diversos servi\u00e7os para a popula\u00e7\u00e3o.<\/span><\/p>\n<p>&#13;<\/p>\n<p style=\"text-align: justify;\" align=\"justify\"><span style=\"font-family: Arial, sans-serif;\">O Cadastro Habitacional por meio eletr\u00f4nico est\u00e1 previsto na Lei 6.600\/2021, de autoria do vereador Elias Barbosa e sancionada pelo prefeito Mario Botion. O decreto que regulamenta a legisla\u00e7\u00e3o foi publicado na edi\u00e7\u00e3o desta quarta-feira do Jornal Oficial do Munic\u00edpio (www.limeira.sp.gov.br\/jornaloficial).<\/span><\/p>\n<p>&#13;<br \/>\n&#13;<br \/>\n&#13;<br \/>\n&#13;<\/p>\n<aside class=\"list-related no-print\">&#13;<br \/>\n        &#13;<br \/>\n&#13;<\/p>\n<article class=\"list-item noticias \">&#13;<br \/>\n                    <a class=\"list-item__img\" href=\"https:\/\/limeira.sp.gov.br\/imprensa\/noticias\/habitacao\/estado-sorteia-121-moradias-a-preco-social-para-residencial-laranjeiras-em-limeira\" tabindex=\"-1\" aria-hidden=\"true\" rel=\"noopener\">&#13;<br \/>\n                        <img data-recalc-dims=\"1\" decoding=\"async\" src=\"https:\/\/i0.wp.com\/ecrie.com.br\/sistema\/conteudos\/imagem\/m_137_0_1_12062024173812.jpg?w=696&#038;ssl=1\" alt=\"Estado sorteia 121 moradias a pre\u00e7o social para Residencial Laranjeiras, em Limeira\"\/>&#13;<br \/>\n                    <\/a>&#13;<br \/>\n&#13;<br \/>\n                &#13;<br \/>\n            <\/article>\n<p>&#13;<\/p>\n<article class=\"list-item noticias \">&#13;<br \/>\n                    <a class=\"list-item__img\" href=\"https:\/\/limeira.sp.gov.br\/imprensa\/noticias\/habitacao\/sorteio-entre-inscritos-para-residencial-laranjeiras-acontece-nesta-quarta-12\" tabindex=\"-1\" aria-hidden=\"true\" rel=\"noopener\">&#13;<br \/>\n                        <img data-recalc-dims=\"1\" decoding=\"async\" src=\"https:\/\/i0.wp.com\/ecrie.com.br\/sistema\/conteudos\/imagem\/m_137_0_1_04062024165622.jpeg?w=696&#038;ssl=1\" alt=\"Sorteio entre inscritos para Residencial Laranjeiras acontece nesta quarta (12)\"\/>&#13;<br \/>\n                    <\/a>&#13;<br \/>\n&#13;<br \/>\n                &#13;<br \/>\n            <\/article>\n<p>&#13;<\/p>\n<article class=\"list-item noticias \">&#13;<br \/>\n                    <a class=\"list-item__img\" href=\"https:\/\/limeira.sp.gov.br\/imprensa\/noticias\/habitacao\/lista-final-de-inscritos-para-residencial-laranjeiras-e-divulgada-sorteio-sera-dia-12\" tabindex=\"-1\" aria-hidden=\"true\" rel=\"noopener\">&#13;<br \/>\n                        <img data-recalc-dims=\"1\" decoding=\"async\" src=\"https:\/\/i0.wp.com\/ecrie.com.br\/sistema\/conteudos\/imagem\/m_137_0_1_04062024165622.jpeg?w=696&#038;ssl=1\" alt=\"Lista final de inscritos para Residencial Laranjeiras \u00e9 divulgada; sorteio ser\u00e1 dia 12\"\/>&#13;<br \/>\n                    <\/a>&#13;<br \/>\n&#13;<br \/>\n                &#13;<br \/>\n            <\/article>\n<p>&#13;<br \/>\n    <\/aside>\n<p>&#13;<br \/>\n&#13;<br \/>\n            <\/main><\/p><\/div>\n<p><br \/>\n<br \/><a href=\"https:\/\/limeira.sp.gov.br\/aplicativo-amplia-acesso-a-cadastro-habitacional-de-limeira\" rel=\"noopener\">Informa\u00e7\u00f5es da PML <\/a><\/p>\n","protected":false},"excerpt":{"rendered":"<p>&#13; &#13; &#13; &#13; &#13; &#13; &#13; O prefeito Mario Botion, a vice-prefeita Erika Tank e a secret\u00e1ria de Habita\u00e7\u00e3o, Marcela Sisc\u00e3o, apresentaram nesta quarta-feira (12) o aplicativo do Cadastro Habitacional de Limeira e o novo site para a popula\u00e7\u00e3o (www.limeira.sp.gov.br\/cadastro-habitacao). A plataforma j\u00e1 est\u00e1 dispon\u00edvel para dispositivos Android. Por esses canais, a popula\u00e7\u00e3o pode [&hellip;]<\/p>\n","protected":false},"author":1,"featured_media":8250,"comment_status":"open","ping_status":"open","sticky":false,"template":"","format":"standard","meta":{"_jetpack_newsletter_access":"","_jetpack_dont_email_post_to_subs":false,"_jetpack_newsletter_tier_id":0,"_jetpack_memberships_contains_paywalled_content":false,"_mbp_banners":[],"_jetpack_feature_clip_id":0,"_jetpack_memberships_contains_paid_content":false,"footnotes":"","jetpack_publicize_message":"","jetpack_publicize_feature_enabled":true,"jetpack_social_post_already_shared":true,"jetpack_social_options":{"image_generator_settings":{"template":"highway","default_image_id":0,"font":"","enabled":false},"version":2},"jetpack_post_was_ever_published":false},"categories":[16],"tags":[],"class_list":["post-8249","post","type-post","status-publish","format-standard","has-post-thumbnail","category-local"],"jetpack_publicize_connections":[],"jetpack-related-posts":[],"jetpack_shortlink":"https:\/\/wp.me\/p7Eq1F-293","jetpack_sharing_enabled":true,"jetpack_featured_media_url":"https:\/\/i0.wp.com\/guialimeira.com.br\/news\/wp-content\/uploads\/2024\/06\/m_137_0_1_12062024174202.jpg?fit=1280%2C852&ssl=1","_links":{"self":[{"href":"https:\/\/guialimeira.com.br\/news\/wp-json\/wp\/v2\/posts\/8249","targetHints":{"allow":["GET"]}}],"collection":[{"href":"https:\/\/guialimeira.com.br\/news\/wp-json\/wp\/v2\/posts"}],"about":[{"href":"https:\/\/guialimeira.com.br\/news\/wp-json\/wp\/v2\/types\/post"}],"author":[{"embeddable":true,"href":"https:\/\/guialimeira.com.br\/news\/wp-json\/wp\/v2\/users\/1"}],"replies":[{"embeddable":true,"href":"https:\/\/guialimeira.com.br\/news\/wp-json\/wp\/v2\/comments?post=8249"}],"version-history":[{"count":0,"href":"https:\/\/guialimeira.com.br\/news\/wp-json\/wp\/v2\/posts\/8249\/revisions"}],"wp:featuredmedia":[{"embeddable":true,"href":"https:\/\/guialimeira.com.br\/news\/wp-json\/wp\/v2\/media\/8250"}],"wp:attachment":[{"href":"https:\/\/guialimeira.com.br\/news\/wp-json\/wp\/v2\/media?parent=8249"}],"wp:term":[{"taxonomy":"category","embeddable":true,"href":"https:\/\/guialimeira.com.br\/news\/wp-json\/wp\/v2\/categories?post=8249"},{"taxonomy":"post_tag","embeddable":true,"href":"https:\/\/guialimeira.com.br\/news\/wp-json\/wp\/v2\/tags?post=8249"}],"curies":[{"name":"wp","href":"https:\/\/api.w.org\/{rel}","templated":true}]}}