{"id":8246,"date":"2024-06-12T19:34:43","date_gmt":"2024-06-12T22:34:43","guid":{"rendered":"https:\/\/guialimeira.com.br\/2024\/06\/12\/ministro-da-agricultura-promete-novo-e-mais-eficiente-leilao-do-arroz\/"},"modified":"2024-06-12T19:34:43","modified_gmt":"2024-06-12T22:34:43","slug":"ministro-da-agricultura-promete-novo-e-mais-eficiente-leilao-do-arroz","status":"publish","type":"post","link":"https:\/\/guialimeira.com.br\/news\/ministro-da-agricultura-promete-novo-e-mais-eficiente-leilao-do-arroz\/","title":{"rendered":"Ministro da Agricultura promete novo e mais eficiente leil\u00e3o do arroz"},"content":{"rendered":"<p> <br \/>\n<\/p>\n<div>\n<p>O ministro da Agricultura, Carlos F\u00e1varo, disse hoje (12) que est\u00e1 previsto um novo leil\u00e3o do arroz, com data ainda a ser confirmada. Desta vez, a Central Nacional de Abastecimento (Conab) vai ter a atribui\u00e7\u00e3o de cadastrar e habilitar os vendedores interessados no processo. O leil\u00e3o anterior foi cancelado, segundo o ministro, porque a metologia escolhida n\u00e3o se mostrou eficiente.<img data-recalc-dims=\"1\" decoding=\"async\" src=\"https:\/\/i0.wp.com\/agenciabrasil.ebc.com.br\/ebc.png?w=696&#038;ssl=1\" style=\"width:1px; height:1px; display:inline;\"\/><img data-recalc-dims=\"1\" decoding=\"async\" src=\"https:\/\/i0.wp.com\/agenciabrasil.ebc.com.br\/ebc.gif?w=696&#038;ssl=1\" style=\"width:1px; height:1px; display:inline;\"\/><\/p>\n<p>\u201cA Conab usou um m\u00e9todo tradicional, que usa aqui dentro\u00a0para comprar milho de produtores e o vender para granjas e fornecedores. A metodologia n\u00e3o se mostrou eficiente. Havia prerrogativa no edital que a bolsa cadastrasse os poss\u00edveis interessados. Isso causa ao governo e ao mercado uma surpresa, de saber quem operou s\u00f3 depois de o leil\u00e3o acontecer. N\u00e3o temos compromisso com o erro, Achamos melhor cancelar o leil\u00e3o. Tivemos bons <em>players<\/em> que participaram. Outros, temos d\u00favidas da capacidade de cumprir aquilo que arremataram. A Conab vai trazer para si esse cadastro, a habilita\u00e7\u00e3o dos <em>players<\/em>, para termos um leil\u00e3o mais eficiente e efetivo. E cumprir o papel de n\u00e3o deixar faltar arroz para a popula\u00e7\u00e3o brasileira com pre\u00e7o equilibrado\u201d, disse o ministro.<\/p>\n<div class=\"dnd-widget-wrapper context-medio_4colunas type-image atom-align-right\">\n<div class=\"dnd-atom-rendered\"><!-- scald=388820:medio_4colunas {\"additionalClasses\":\"\"} --><\/p>\n<div class=\"shadow overflow-hidden rounded-lg d-block w-100\">\n            <img data-recalc-dims=\"1\" decoding=\"async\" src=\"https:\/\/i0.wp.com\/agenciabrasil.ebc.com.br\/sites\/default\/files\/thumbnails\/image\/loading_v2.gif?w=696&#038;ssl=1\" data-echo=\"https:\/\/imagens.ebc.com.br\/rEFjbloFrG7wPMyjKXB9vL7Lsu0=\/365x0\/smart\/https:\/\/agenciabrasil.ebc.com.br\/sites\/default\/files\/thumbnails\/image\/2024\/06\/12\/0g2a0384.jpg?itok=0sHEZzkn\" alt=\"Rio de Janeiro (RJ), 12\/06\/2024 - O ministro da Agricultura, Carlos F\u00e1varo durante o FII Priority, no Copacabana Palace, na zona sul da capital fluminense Foto: Tomaz Silva\/Ag\u00eancia Brasil\" title=\"Tomaz Silva\/Ag\u00eancia Brasil\" class=\"flex-fill img-cover\"\/><br \/>\n        <img data-recalc-dims=\"1\" decoding=\"async\" src=\"https:\/\/i0.wp.com\/imagens.ebc.com.br\/rEFjbloFrG7wPMyjKXB9vL7Lsu0%3D\/365x0\/smart\/https%3A\/\/agenciabrasil.ebc.com.br\/sites\/default\/files\/thumbnails\/image\/2024\/06\/12\/0g2a0384.jpg?w=696&#038;ssl=1\" alt=\"Rio de Janeiro (RJ), 12\/06\/2024 - O ministro da Agricultura, Carlos F\u00e1varo durante o FII Priority, no Copacabana Palace, na zona sul da capital fluminense Foto: Tomaz Silva\/Ag\u00eancia Brasil\" title=\"Tomaz Silva\/Ag\u00eancia Brasil\" class=\"flex-fill img-cover\"\/>\n    <\/div>\n<p><!-- END scald=388820 --><\/div>\n<div class=\"dnd-caption-wrapper\">\n<p>Ministro da Agricultura, Carlos F\u00e1varo, durante o FII Priority, no Copacabana Palace, no Rio.\u00a0Foto:\u00a0\u00a0<strong>Tomaz Silva\/Ag\u00eancia Brasil<\/strong><!--END copyright=388820--><\/p>\n<\/div>\n<\/div>\n<p>Carlos F\u00e1varo tamb\u00e9m criticou comportamento de parte da ind\u00fastria do arroz que, segundo ele, quer promover um movimento especulativo no pre\u00e7o do produto e lucrar com a trag\u00e9dia.<\/p>\n<p>\u201c\u00b4\u00c9 fato que estamos diante de um momento excepcional. Reconhecemos que a safra brasileira \u00e9 mais ou menos suficiente para a demanda brasileira. Portanto, n\u00e3o faz\u00a0sentido nenhum, ao final da safra, no momento em que os estoques est\u00e3o postos, ter aumento de pre\u00e7os exacerbados como tivemos. Logo ap\u00f3s a trag\u00e9dia, 30% a 40% de aumento. Se eu concordo com o fundamento dos produtores da ind\u00fastria ga\u00facha, de que a safra \u00e9 mais ou menos suficiente, podem faltar 500 ou 600 mil toneladas. E se faltar, vai ser l\u00e1 na entressafra, n\u00e3o no momento em que acabou a safra\u201d, disse F\u00e1varo.<\/p>\n<p>O ministro participa do FII Priority Summit, encontro no Copacabana Palace, no Rio de Janeiro, entre empres\u00e1rios e l\u00edderes pol\u00edticos. No evento, F\u00e1varo revelou que ainda neste\u00a0m\u00eas deve ser finalizado o novo plano Safra.<\/p>\n<p>\u201cVamos terminar nos pr\u00f3ximos 15 ou 20 dias, e anunciar o novo plano Safra. O governo Lula se comprometeu que faria, como aconteceu nos governos anteriores dele, planos sucessivos, um maior que o outro. Ent\u00e3o, estou adiantando aqui para voc\u00eas que ser\u00e1 um plano Safra maior este\u00a0ano\u201d, disse F\u00e1varo.<\/p>\n<\/p><\/div>\n<p><br \/>\n<br \/><a href=\"https:\/\/agenciabrasil.ebc.com.br\/economia\/noticia\/2024-06\/ministro-da-agricultura-promete-novo-e-mais-eficiente-leilao-do-arroz\" rel=\"noopener\">Ag\u00eancia Brasil<\/a><\/p>\n","protected":false},"excerpt":{"rendered":"<p>O ministro da Agricultura, Carlos F\u00e1varo, disse hoje (12) que est\u00e1 previsto um novo leil\u00e3o do arroz, com data ainda a ser confirmada. Desta vez, a Central Nacional de Abastecimento (Conab) vai ter a atribui\u00e7\u00e3o de cadastrar e habilitar os vendedores interessados no processo. O leil\u00e3o anterior foi cancelado, segundo o ministro, porque a metologia [&hellip;]<\/p>\n","protected":false},"author":1,"featured_media":8129,"comment_status":"open","ping_status":"open","sticky":false,"template":"","format":"standard","meta":{"_jetpack_newsletter_access":"","_jetpack_dont_email_post_to_subs":false,"_jetpack_newsletter_tier_id":0,"_jetpack_memberships_contains_paywalled_content":false,"_mbp_banners":[],"_jetpack_feature_clip_id":0,"_jetpack_memberships_contains_paid_content":false,"footnotes":"","jetpack_publicize_message":"","jetpack_publicize_feature_enabled":true,"jetpack_social_post_already_shared":true,"jetpack_social_options":{"image_generator_settings":{"template":"highway","default_image_id":0,"font":"","enabled":false},"version":2},"jetpack_post_was_ever_published":false},"categories":[24],"tags":[],"class_list":["post-8246","post","type-post","status-publish","format-standard","has-post-thumbnail","category-economia"],"jetpack_publicize_connections":[],"jetpack-related-posts":[],"jetpack_shortlink":"https:\/\/wp.me\/p7Eq1F-290","jetpack_sharing_enabled":true,"jetpack_featured_media_url":"https:\/\/i0.wp.com\/guialimeira.com.br\/news\/wp-content\/uploads\/2024\/06\/arroz_1009201522.jpg?fit=1600%2C800&ssl=1","_links":{"self":[{"href":"https:\/\/guialimeira.com.br\/news\/wp-json\/wp\/v2\/posts\/8246","targetHints":{"allow":["GET"]}}],"collection":[{"href":"https:\/\/guialimeira.com.br\/news\/wp-json\/wp\/v2\/posts"}],"about":[{"href":"https:\/\/guialimeira.com.br\/news\/wp-json\/wp\/v2\/types\/post"}],"author":[{"embeddable":true,"href":"https:\/\/guialimeira.com.br\/news\/wp-json\/wp\/v2\/users\/1"}],"replies":[{"embeddable":true,"href":"https:\/\/guialimeira.com.br\/news\/wp-json\/wp\/v2\/comments?post=8246"}],"version-history":[{"count":0,"href":"https:\/\/guialimeira.com.br\/news\/wp-json\/wp\/v2\/posts\/8246\/revisions"}],"wp:featuredmedia":[{"embeddable":true,"href":"https:\/\/guialimeira.com.br\/news\/wp-json\/wp\/v2\/media\/8129"}],"wp:attachment":[{"href":"https:\/\/guialimeira.com.br\/news\/wp-json\/wp\/v2\/media?parent=8246"}],"wp:term":[{"taxonomy":"category","embeddable":true,"href":"https:\/\/guialimeira.com.br\/news\/wp-json\/wp\/v2\/categories?post=8246"},{"taxonomy":"post_tag","embeddable":true,"href":"https:\/\/guialimeira.com.br\/news\/wp-json\/wp\/v2\/tags?post=8246"}],"curies":[{"name":"wp","href":"https:\/\/api.w.org\/{rel}","templated":true}]}}