{"id":8234,"date":"2024-06-12T17:44:56","date_gmt":"2024-06-12T20:44:56","guid":{"rendered":"https:\/\/guialimeira.com.br\/2024\/06\/12\/estado-sorteia-121-moradias-a-preco-social-para-residencial-laranjeiras-em-limeira\/"},"modified":"2024-06-12T17:44:56","modified_gmt":"2024-06-12T20:44:56","slug":"estado-sorteia-121-moradias-a-preco-social-para-residencial-laranjeiras-em-limeira","status":"publish","type":"post","link":"https:\/\/guialimeira.com.br\/news\/estado-sorteia-121-moradias-a-preco-social-para-residencial-laranjeiras-em-limeira\/","title":{"rendered":"Estado sorteia 121 moradias a pre\u00e7o social para Residencial Laranjeiras, em Limeira"},"content":{"rendered":"<p> <br \/>\n<\/p>\n<div>\n            <main class=\"\">&#13;<br \/>\n                &#13;<br \/>\n&#13;<br \/>\n&#13;<br \/>\n&#13;<br \/>\n    <img data-recalc-dims=\"1\" decoding=\"async\" src=\"https:\/\/i0.wp.com\/ecrie.com.br\/sistema\/conteudos\/imagem\/m_137_0_1_12062024173812.jpg?w=696&#038;ssl=1\" alt=\"Estado sorteia 121 moradias a pre\u00e7o social para Residencial Laranjeiras, em Limeira\"\/>&#13;<br \/>\n&#13;<\/p>\n<p style=\"text-align: justify;\" align=\"justify\"><span style=\"font-family: Arial, sans-serif;\">O Governo do Estado de S\u00e3o Paulo sorteou nesta quarta-feira (12) os 121 beneficiados de Limeira para o programa Nossa Casa \u2013 Pre\u00e7o Social. A demanda \u00e9 para o Residencial Laranjeiras, no Jardim Manac\u00e1 \u2013 a \u00e1rea foi cedida pela Prefeitura de Limeira. Acompanharam o sorteio, no Edif\u00edcio Prada, o prefeito Mario Botion, a vice-prefeita Erika Tank, a secret\u00e1ria de Habita\u00e7\u00e3o, Marcela Sisc\u00e3o, e o vereador Elias Barbosa.<\/span><\/p>\n<p>&#13;<\/p>\n<p style=\"text-align: justify;\" align=\"justify\"><span style=\"font-family: Arial, sans-serif;\">A construtora MRV foi a vencedora da licita\u00e7\u00e3o para construir os apartamentos \u2013 as obras j\u00e1 tiveram in\u00edcio. A gestora de desenvolvimento imobili\u00e1rio da empresa, Juliana Rodrigues Karkow, e a consultora Sofia Fontoura Ribeiro estiveram presentes. Tamb\u00e9m acompanharam o sorteio a presidente do Ceprosom, Maria Auc\u00e9lia Damaceno, e os secret\u00e1rios Edison Moreno Gil (Gabinete) e S\u00e9rgio Moreira (Comunica\u00e7\u00e3o Social).<\/span><\/p>\n<p>&#13;<\/p>\n<p style=\"text-align: justify;\" align=\"justify\"><span style=\"font-family: Arial, sans-serif;\">A lista dos sorteados ser\u00e1 publicada no site da Secretaria de Desenvolvimento Urbano e Habita\u00e7\u00e3o (<a href=\"http:\/\/www.nossacasa.sp.gov.br\/Editais\/Familias\" rel=\"noopener\">www.nossacasa.sp.gov.br\/Editais\/Familias<\/a>). Todo o sorteio, transmitido ao vivo pelo <a href=\"https:\/\/www.youtube.com\/watch?v=GuzepQgj17s\" target=\"_blank\" rel=\"noopener\">YouTube<\/a>, teve acompanhamento de um auditor. O sorteio contemplou cinco diferentes grupos: deficientes, idosos, servidores da seguran\u00e7a p\u00fablica, demanda municipal (indicados pelo Ceprosom) e demanda geral.<\/span><\/p>\n<p>&#13;<\/p>\n<p style=\"text-align: justify;\" align=\"justify\">\u201c<span style=\"font-family: Arial, sans-serif;\">Desde 2017 temos feito parcerias para viabilizar mais qualidade de vida para nossa popula\u00e7\u00e3o, e n\u00e3o \u00e9 diferente na habita\u00e7\u00e3o. Junto ao Governo Estadual, 121 fam\u00edlias ter\u00e3o o sonho de ter uma moradia digna, a pre\u00e7o social\u201d, comentou o prefeito Mario Botion. \u201c\u00c9 o Governo do Estado e a Prefeitura de Limeira trabalhando juntos para garantir o direito \u00e0 casa pr\u00f3pria para os limeirenses\u201d, observou Erika Tank.<\/span><\/p>\n<p>&#13;<\/p>\n<p style=\"text-align: justify;\" align=\"justify\"><span style=\"font-family: Arial, sans-serif;\">Agora, com os sorteados conhecidos, come\u00e7a o processo de verifica\u00e7\u00e3o e entrega de documentos, que ser\u00e1 conduzido pela MRV. A construtora entrar\u00e1 em contato com os contemplados para agendar os atendimentos, que v\u00e3o ocorrer na prefeitura.<\/span><\/p>\n<p>&#13;<br \/>\n&#13;<br \/>\n&#13;<br \/>\n&#13;<\/p>\n<aside class=\"list-related no-print\">&#13;<br \/>\n        &#13;<br \/>\n&#13;<\/p>\n<article class=\"list-item noticias \">&#13;<br \/>\n                    <a class=\"list-item__img\" href=\"https:\/\/limeira.sp.gov.br\/imprensa\/noticias\/gabinete-do-prefeito\/prefeito-e-vice-recebemcompositor-limeirense-de-musica-classica-que-se-destaca-no-cenario-europeu\" tabindex=\"-1\" aria-hidden=\"true\" rel=\"noopener\">&#13;<br \/>\n                        <img data-recalc-dims=\"1\" decoding=\"async\" src=\"https:\/\/i0.wp.com\/ecrie.com.br\/sistema\/conteudos\/imagem\/m_137_0_1_11062024174434.jpg?w=696&#038;ssl=1\" alt=\"Prefeito e vice recebem\u00a0compositor limeirense de m\u00fasica cl\u00e1ssica que se destaca no cen\u00e1rio europeu\"\/>&#13;<br \/>\n                    <\/a>&#13;<br \/>\n&#13;<br \/>\n                &#13;<br \/>\n            <\/article>\n<p>&#13;<\/p>\n<article class=\"list-item noticias \">&#13;<br \/>\n                    <a class=\"list-item__img\" href=\"https:\/\/limeira.sp.gov.br\/imprensa\/noticias\/gabinete-do-prefeito\/proprietarios-de-cadeiras-cativas-no-limeirao-devem-fazer-recadastramento\" tabindex=\"-1\" aria-hidden=\"true\" rel=\"noopener\">&#13;<br \/>\n                        <img data-recalc-dims=\"1\" decoding=\"async\" src=\"https:\/\/i0.wp.com\/ecrie.com.br\/sistema\/conteudos\/imagem\/m_137_0_1_11062024124907.jpg?w=696&#038;ssl=1\" alt=\"Propriet\u00e1rios de cadeiras cativas no Limeir\u00e3o devem fazer recadastramento\"\/>&#13;<br \/>\n                    <\/a>&#13;<br \/>\n&#13;<br \/>\n                &#13;<br \/>\n            <\/article>\n<p>&#13;<\/p>\n<article class=\"list-item noticias \">&#13;<br \/>\n                    <a class=\"list-item__img\" href=\"https:\/\/limeira.sp.gov.br\/imprensa\/noticias\/gabinete-do-prefeito\/servidores-do-dpbea-participam-de-treinamento-e-passam-a-colaborar-com-rede-elza-tank\" tabindex=\"-1\" aria-hidden=\"true\" rel=\"noopener\">&#13;<br \/>\n                        <img data-recalc-dims=\"1\" decoding=\"async\" src=\"https:\/\/i0.wp.com\/ecrie.com.br\/sistema\/conteudos\/imagem\/m_137_0_1_11062024123432.jpg?w=696&#038;ssl=1\" alt=\"Servidores do DPBEA participam de treinamento e passam a colaborar com Rede Elza Tank\"\/>&#13;<br \/>\n                    <\/a>&#13;<br \/>\n&#13;<br \/>\n                &#13;<br \/>\n            <\/article>\n<p>&#13;<br \/>\n    <\/aside>\n<p>&#13;<br \/>\n&#13;<br \/>\n            <\/main><\/p><\/div>\n<p><br \/>\n<br \/><a href=\"https:\/\/limeira.sp.gov.br\/estado-sorteia-121-moradias-a-preco-social-para-residencial-laranjeiras-em-limeira\" rel=\"noopener\">Informa\u00e7\u00f5es da PML <\/a><\/p>\n","protected":false},"excerpt":{"rendered":"<p>&#13; &#13; &#13; &#13; &#13; &#13; &#13; O Governo do Estado de S\u00e3o Paulo sorteou nesta quarta-feira (12) os 121 beneficiados de Limeira para o programa Nossa Casa \u2013 Pre\u00e7o Social. A demanda \u00e9 para o Residencial Laranjeiras, no Jardim Manac\u00e1 \u2013 a \u00e1rea foi cedida pela Prefeitura de Limeira. Acompanharam o sorteio, no Edif\u00edcio [&hellip;]<\/p>\n","protected":false},"author":1,"featured_media":8235,"comment_status":"open","ping_status":"open","sticky":false,"template":"","format":"standard","meta":{"_jetpack_newsletter_access":"","_jetpack_dont_email_post_to_subs":false,"_jetpack_newsletter_tier_id":0,"_jetpack_memberships_contains_paywalled_content":false,"_mbp_banners":[],"_jetpack_feature_clip_id":0,"_jetpack_memberships_contains_paid_content":false,"footnotes":"","jetpack_publicize_message":"","jetpack_publicize_feature_enabled":true,"jetpack_social_post_already_shared":true,"jetpack_social_options":{"image_generator_settings":{"template":"highway","default_image_id":0,"font":"","enabled":false},"version":2},"jetpack_post_was_ever_published":false},"categories":[16],"tags":[],"class_list":["post-8234","post","type-post","status-publish","format-standard","has-post-thumbnail","category-local"],"jetpack_publicize_connections":[],"jetpack-related-posts":[],"jetpack_shortlink":"https:\/\/wp.me\/p7Eq1F-28O","jetpack_sharing_enabled":true,"jetpack_featured_media_url":"https:\/\/i0.wp.com\/guialimeira.com.br\/news\/wp-content\/uploads\/2024\/06\/m_137_0_1_12062024173812.jpg?fit=1280%2C852&ssl=1","_links":{"self":[{"href":"https:\/\/guialimeira.com.br\/news\/wp-json\/wp\/v2\/posts\/8234","targetHints":{"allow":["GET"]}}],"collection":[{"href":"https:\/\/guialimeira.com.br\/news\/wp-json\/wp\/v2\/posts"}],"about":[{"href":"https:\/\/guialimeira.com.br\/news\/wp-json\/wp\/v2\/types\/post"}],"author":[{"embeddable":true,"href":"https:\/\/guialimeira.com.br\/news\/wp-json\/wp\/v2\/users\/1"}],"replies":[{"embeddable":true,"href":"https:\/\/guialimeira.com.br\/news\/wp-json\/wp\/v2\/comments?post=8234"}],"version-history":[{"count":0,"href":"https:\/\/guialimeira.com.br\/news\/wp-json\/wp\/v2\/posts\/8234\/revisions"}],"wp:featuredmedia":[{"embeddable":true,"href":"https:\/\/guialimeira.com.br\/news\/wp-json\/wp\/v2\/media\/8235"}],"wp:attachment":[{"href":"https:\/\/guialimeira.com.br\/news\/wp-json\/wp\/v2\/media?parent=8234"}],"wp:term":[{"taxonomy":"category","embeddable":true,"href":"https:\/\/guialimeira.com.br\/news\/wp-json\/wp\/v2\/categories?post=8234"},{"taxonomy":"post_tag","embeddable":true,"href":"https:\/\/guialimeira.com.br\/news\/wp-json\/wp\/v2\/tags?post=8234"}],"curies":[{"name":"wp","href":"https:\/\/api.w.org\/{rel}","templated":true}]}}