{"id":8226,"date":"2024-06-12T16:44:01","date_gmt":"2024-06-12T19:44:01","guid":{"rendered":"https:\/\/guialimeira.com.br\/2024\/06\/12\/parque-cidade-recebe-campeonato-de-caes-farejadores-evento-marca-aposentadoria-da-cadela-safira\/"},"modified":"2024-06-12T16:44:01","modified_gmt":"2024-06-12T19:44:01","slug":"parque-cidade-recebe-campeonato-de-caes-farejadores-evento-marca-aposentadoria-da-cadela-safira","status":"publish","type":"post","link":"https:\/\/guialimeira.com.br\/news\/parque-cidade-recebe-campeonato-de-caes-farejadores-evento-marca-aposentadoria-da-cadela-safira\/","title":{"rendered":"Parque Cidade recebe campeonato de c\u00e3es farejadores; evento marca aposentadoria da cadela Safira"},"content":{"rendered":"<p> <br \/>\n<\/p>\n<div id=\"\">&#13;<br \/>\n                &#13;<br \/>\n&#13;<br \/>\n&#13;<br \/>\n&#13;<br \/>\n    <img data-recalc-dims=\"1\" decoding=\"async\" src=\"https:\/\/i0.wp.com\/ecrie.com.br\/sistema\/conteudos\/imagem\/m_137_0_1_12062024141220.jpeg?w=696&#038;ssl=1\" alt=\"Parque Cidade recebe campeonato de c\u00e3es farejadores; evento marca aposentadoria da cadela Safira\"\/>&#13;<br \/>\n&#13;<\/p>\n<p>A Secretaria de Seguran\u00e7a P\u00fablica e Defesa Civil de Limeira promove neste s\u00e1bado (15) o 14\u00ba\u00a0Campeonato Nacional de C\u00e3es de Pol\u00edcia das Guardas Municipais. O evento ocorre das 8h \u00e0s 18h, no Parque Cidade, e contar\u00e1 com 80 equipes da Guarda Civil Municipal (GCM) dos estados do Paran\u00e1, Esp\u00edrito Santo, Rio de Janeiro, Minas Gerais e S\u00e3o Paulo. Durante o evento, que ser\u00e1 aberto ao p\u00fablico, haver\u00e1 o an\u00fancio da\u00a0aposentadoria da cadela Safira, da ra\u00e7a pastor belga de Malinois, de 8 anos.<\/p>\n<p>&#13;<\/p>\n<p>O campeonato ter\u00e1 duas modalidades, a prova de detec\u00e7\u00e3o (faro) e a prova de abordagem. Ambas ser\u00e3o realizadas em cen\u00e1rios recriados no local, para simular uma ocorr\u00eancia criminal. Na prova de abordagem, por exemplo, os c\u00e3es ter\u00e3o de participar da captura de um indiv\u00edduo em fuga, que se esconde dentro de uma resid\u00eancia.<\/p>\n<p>&#13;<\/p>\n<p>O desempenho dos animais ser\u00e1 avaliado por ju\u00edzes com mais de 20 anos de experi\u00eancia em canil, segundo o GCM Ragonha, que atua no Canil da GCM de Limeira e \u00e9 um dos organizadores do evento. Ap\u00f3s a prova, Ragonha esclarece que os ju\u00edzes dar\u00e3o \u201cfeedeback\u201d aos condutores, com dicas para aperfei\u00e7oar o desempenho dos animais.<\/p>\n<p>&#13;<\/p>\n<p>\u00a0<\/p>\n<p>&#13;<\/p>\n<p><strong>SAFIRA<\/strong><\/p>\n<p>&#13;<\/p>\n<p>Depois de 8 anos de servi\u00e7os prestados \u00e0 Seguran\u00e7a P\u00fablica, Safira ganhar\u00e1 sua merecida aposentadoria. Com\u00a0faro apurado, ela atuou no patrulhamento e no\u00a0apoio a opera\u00e7\u00f5es da GCM, Pol\u00edcia Militar, Pol\u00edcia Civil e da Pol\u00edcia Rodovi\u00e1ria, e ainda, participou de atividades educativas em escolas.\u00a0Vivendo no Canil da GCM, que fica no Jd. Nossa Senhora do Amparo, ela ficar\u00e1 sob os cuidados de\u00a0seu condutor, o GCM Hugo.<\/p>\n<p>&#13;<\/p>\n<p>\u00a0<\/p>\n<p>&#13;<\/p>\n<p><strong>TREINAMENTO<\/strong><\/p>\n<p>&#13;<\/p>\n<p>Para atuar no Canil da GCM, os c\u00e3es s\u00e3o selecionados logo ap\u00f3s o nascimento, com base em crit\u00e9rios como\u00a0personalidade, porte f\u00edsico, sociabilidade, adaptabilidade, presen\u00e7a de impulsos e gen\u00e9tica.\u00a0Aos 2 meses, come\u00e7am a vivenciar diferentes situa\u00e7\u00f5es, andam nas viaturas, passam por locais com aglomera\u00e7\u00e3o de pessoas\u00a0e\u00a0entram em contato com outros animais.\u00a0<\/p>\n<p>&#13;<\/p>\n<p>Quando atingem 8 meses, iniciam de fato o treinamento, que baseia-se nos impulsos de ca\u00e7a (hunt drive), de perseguir a presa em movimento (prey drive), de brincar (play drive) e de motiva\u00e7\u00e3o por comida (food drive).\u00a0Esse processo leva em torno de 90 dias, quando \u00e9 feita a transi\u00e7\u00e3o para as ruas.<\/p>\n<p>&#13;<\/p>\n<p>\u00a0<\/p>\n<p>&#13;<\/p>\n<p><u>Confira o cronograma do 14\u00ba Campeonato<\/u>:<\/p>\n<p>&#13;<\/p>\n<p>8h &#8211; Abertura\u00a0(no palco do Parque Cidade)<\/p>\n<p>&#13;<\/p>\n<p>8h30 &#8211; An\u00fancio da aposentadoria da cadela Safira<br \/>9h &#8211; In\u00edcio do campeonato\u00a0(provas ocorrem no bosque de eucal\u00edptos, entre a Biblioteca Municipal e o playground, e ao lado da Secretaria de Meio Ambiente e Agricultura)<br \/>17h &#8211; Premia\u00e7\u00f5es e sorteios de brindes<br \/>18h &#8211; Encerramento<\/p>\n<p>&#13;<br \/>\n&#13;<br \/>\n&#13;<br \/>\n&#13;<\/p>\n<aside class=\"list-related no-print\">&#13;<br \/>\n        &#13;<br \/>\n&#13;<\/p>\n<article class=\"list-item noticias \">&#13;<br \/>\n                    <a class=\"list-item__img\" href=\"https:\/\/limeira.sp.gov.br\/imprensa\/noticias\/seguranca-publica-e-defesa-civil\/prazo-para-alistamento-militar-termina-dia-30\" tabindex=\"-1\" aria-hidden=\"true\" rel=\"noopener\">&#13;<br \/>\n                        <img data-recalc-dims=\"1\" decoding=\"async\" src=\"https:\/\/i0.wp.com\/ecrie.com.br\/sistema\/conteudos\/imagem\/m_137_0_1_20032023143034.jpg?w=696&#038;ssl=1\" alt=\"Prazo para alistamento militar termina dia 30\"\/>&#13;<br \/>\n                    <\/a>&#13;<br \/>\n&#13;<br \/>\n                &#13;<br \/>\n            <\/article>\n<p>&#13;<\/p>\n<article class=\"list-item noticias \">&#13;<br \/>\n                    <a class=\"list-item__img\" href=\"https:\/\/limeira.sp.gov.br\/imprensa\/noticias\/seguranca-publica-e-defesa-civil\/limpeza-compulsoria-remove-dezenas-de-caixas-com-inserviveis-em-casa-no-parque-das-nacoes\" tabindex=\"-1\" aria-hidden=\"true\" rel=\"noopener\">&#13;<br \/>\n                        <img data-recalc-dims=\"1\" decoding=\"async\" src=\"https:\/\/i0.wp.com\/ecrie.com.br\/sistema\/conteudos\/imagem\/m_137_0_1_06062024163208.jpg?w=696&#038;ssl=1\" alt=\"Limpeza compuls\u00f3ria remove dezenas de caixas com inserv\u00edveis em casa no Parque das Na\u00e7\u00f5es\"\/>&#13;<br \/>\n                    <\/a>&#13;<br \/>\n&#13;<br \/>\n                &#13;<br \/>\n            <\/article>\n<p>&#13;<\/p>\n<article class=\"list-item noticias \">&#13;<br \/>\n                    <a class=\"list-item__img\" href=\"https:\/\/limeira.sp.gov.br\/imprensa\/noticias\/seguranca-publica-e-defesa-civil\/acoes-voltadas-a-inovacao-e-tecnologia-rendem-premio-a-limeira\" tabindex=\"-1\" aria-hidden=\"true\" rel=\"noopener\">&#13;<br \/>\n                        <img data-recalc-dims=\"1\" decoding=\"async\" src=\"https:\/\/i0.wp.com\/ecrie.com.br\/sistema\/conteudos\/imagem\/m_137_2_2_14052024150439.jpg?w=696&#038;ssl=1\" alt=\"A\u00e7\u00f5es voltadas \u00e0 inova\u00e7\u00e3o e tecnologia rendem pr\u00eamio a Limeira\"\/>&#13;<br \/>\n                    <\/a>&#13;<br \/>\n&#13;<br \/>\n                &#13;<br \/>\n            <\/article>\n<p>&#13;<br \/>\n    <\/aside>\n<p>&#13;<br \/>\n&#13;\n            <\/p><\/div>\n<p><br \/>\n<br \/><a href=\"https:\/\/limeira.sp.gov.br\/parque-cidade-recebe-campeonato-de-caes-farejadores-evento-marca-aposentadoria-da-cadela-safira\" rel=\"noopener\">Informa\u00e7\u00f5es da PML <\/a><\/p>\n","protected":false},"excerpt":{"rendered":"<p>&#13; &#13; &#13; &#13; &#13; &#13; &#13; A Secretaria de Seguran\u00e7a P\u00fablica e Defesa Civil de Limeira promove neste s\u00e1bado (15) o 14\u00ba\u00a0Campeonato Nacional de C\u00e3es de Pol\u00edcia das Guardas Municipais. O evento ocorre das 8h \u00e0s 18h, no Parque Cidade, e contar\u00e1 com 80 equipes da Guarda Civil Municipal (GCM) dos estados do Paran\u00e1, [&hellip;]<\/p>\n","protected":false},"author":1,"featured_media":8227,"comment_status":"open","ping_status":"open","sticky":false,"template":"","format":"standard","meta":{"_jetpack_newsletter_access":"","_jetpack_dont_email_post_to_subs":false,"_jetpack_newsletter_tier_id":0,"_jetpack_memberships_contains_paywalled_content":false,"_mbp_banners":[],"_jetpack_feature_clip_id":0,"_jetpack_memberships_contains_paid_content":false,"footnotes":"","jetpack_publicize_message":"","jetpack_publicize_feature_enabled":true,"jetpack_social_post_already_shared":true,"jetpack_social_options":{"image_generator_settings":{"template":"highway","default_image_id":0,"font":"","enabled":false},"version":2},"jetpack_post_was_ever_published":false},"categories":[16],"tags":[],"class_list":["post-8226","post","type-post","status-publish","format-standard","has-post-thumbnail","category-local"],"jetpack_publicize_connections":[],"jetpack-related-posts":[],"jetpack_shortlink":"https:\/\/wp.me\/p7Eq1F-28G","jetpack_sharing_enabled":true,"jetpack_featured_media_url":"https:\/\/i0.wp.com\/guialimeira.com.br\/news\/wp-content\/uploads\/2024\/06\/m_137_0_1_12062024141220.jpeg?fit=506%2C675&ssl=1","_links":{"self":[{"href":"https:\/\/guialimeira.com.br\/news\/wp-json\/wp\/v2\/posts\/8226","targetHints":{"allow":["GET"]}}],"collection":[{"href":"https:\/\/guialimeira.com.br\/news\/wp-json\/wp\/v2\/posts"}],"about":[{"href":"https:\/\/guialimeira.com.br\/news\/wp-json\/wp\/v2\/types\/post"}],"author":[{"embeddable":true,"href":"https:\/\/guialimeira.com.br\/news\/wp-json\/wp\/v2\/users\/1"}],"replies":[{"embeddable":true,"href":"https:\/\/guialimeira.com.br\/news\/wp-json\/wp\/v2\/comments?post=8226"}],"version-history":[{"count":0,"href":"https:\/\/guialimeira.com.br\/news\/wp-json\/wp\/v2\/posts\/8226\/revisions"}],"wp:featuredmedia":[{"embeddable":true,"href":"https:\/\/guialimeira.com.br\/news\/wp-json\/wp\/v2\/media\/8227"}],"wp:attachment":[{"href":"https:\/\/guialimeira.com.br\/news\/wp-json\/wp\/v2\/media?parent=8226"}],"wp:term":[{"taxonomy":"category","embeddable":true,"href":"https:\/\/guialimeira.com.br\/news\/wp-json\/wp\/v2\/categories?post=8226"},{"taxonomy":"post_tag","embeddable":true,"href":"https:\/\/guialimeira.com.br\/news\/wp-json\/wp\/v2\/tags?post=8226"}],"curies":[{"name":"wp","href":"https:\/\/api.w.org\/{rel}","templated":true}]}}