{"id":8215,"date":"2024-06-12T15:15:06","date_gmt":"2024-06-12T18:15:06","guid":{"rendered":"https:\/\/guialimeira.com.br\/2024\/06\/12\/quase-um-terco-dos-casos-de-malaria-ocorre-em-criancas-de-ate-12-anos\/"},"modified":"2024-06-12T15:15:06","modified_gmt":"2024-06-12T18:15:06","slug":"quase-um-terco-dos-casos-de-malaria-ocorre-em-criancas-de-ate-12-anos","status":"publish","type":"post","link":"https:\/\/guialimeira.com.br\/news\/quase-um-terco-dos-casos-de-malaria-ocorre-em-criancas-de-ate-12-anos\/","title":{"rendered":"Quase um ter\u00e7o dos casos de mal\u00e1ria ocorre em crian\u00e7as de at\u00e9 12 anos"},"content":{"rendered":"<p> <br \/>\n<\/p>\n<div>\n<p>Entre mais de 1,5 milh\u00e3o de casos aut\u00f3ctones de mal\u00e1ria identificados na regi\u00e3o amaz\u00f4nica brasileira entre 2013 e 2022, 29% foram em crian\u00e7as de at\u00e9 12 anos. No mesmo per\u00edodo, foram registrados 73 mortes de\u00a0crian\u00e7as nessa faixa et\u00e1ria, sendo 22 em crian\u00e7as com menos de 1 ano.<img data-recalc-dims=\"1\" decoding=\"async\" src=\"https:\/\/i0.wp.com\/agenciabrasil.ebc.com.br\/ebc.png?w=696&#038;ssl=1\" style=\"width:1px; height:1px; display:inline;\"\/><img data-recalc-dims=\"1\" decoding=\"async\" src=\"https:\/\/i0.wp.com\/agenciabrasil.ebc.com.br\/ebc.gif?w=696&#038;ssl=1\" style=\"width:1px; height:1px; display:inline;\"\/><\/p>\n<p>Os dados integram a pesquisa Sa\u00fade Brasil, lan\u00e7ada este m\u00eas pelo Minist\u00e9rio da Sa\u00fade, e demonstram, segundo avalia\u00e7\u00e3o da pr\u00f3pria pasta, que a taxa de letalidade por mal\u00e1ria na regi\u00e3o amaz\u00f4nica brasileira \u00e9 baixa, mesmo em crian\u00e7as.<\/p>\n<p>No intuito de diminuir a ocorr\u00eancia de casos da doen\u00e7a, uma das estrat\u00e9gias recomendadas pelo minist\u00e9rio \u00e9 o uso de mosquiteiros impregnados com inseticidas de longa dura\u00e7\u00e3o (MILDs), distribu\u00eddos gratuitamente e instalados em \u00e1reas de alta transmiss\u00e3o por meio do Sistema \u00danico de Sa\u00fade (SUS).<\/p>\n<p>\u201cNa busca pelo controle e pela elimina\u00e7\u00e3o da mal\u00e1ria, o diagn\u00f3stico e o tratamento oportunos s\u00e3o combinados com a\u00e7\u00f5es de controle vetorial do mosquito, como a utiliza\u00e7\u00e3o de MILDs. Essa estrat\u00e9gia, recomendada pela Organiza\u00e7\u00e3o Mundial da Sa\u00fade (OMS), oferece uma barreira f\u00edsica e qu\u00edmica, diminuindo a popula\u00e7\u00e3o intradomiciliar do vetor.\u201d<\/p>\n<h2>Tratamento<\/h2>\n<p>Para tratar menores de 12 anos contra a mal\u00e1ria, causada pelo parasita\u00a0<em>Plasmodium falciparum<\/em>, a pasta informou que est\u00e1 retomando a oferta da associa\u00e7\u00e3o artesunato + mefloquina, conhecida como ASMQ, produzida no Instituto de Tecnologia em F\u00e1rmacos (Farmanguinhos), da Funda\u00e7\u00e3o Oswaldo Cruz (Fiocruz).<\/p>\n<p>O AMSQ foi incorporado ao Programa Nacional de Preven\u00e7\u00e3o e Controle da Mal\u00e1ria em 2009, mas teve sua fabrica\u00e7\u00e3o interrompida em 2021. Em 2023, foram fabricados e disponibilizados no SUS\u00a0254,4 mil unidades do medicamento, mas para maiores de 12 anos. \u201cAgora, em 2024, Farmaguinhos retomou a produ\u00e7\u00e3o do ASMQ para menores de 12 anos\u201d.<\/p>\n<\/p><\/div>\n<p><br \/>\n<br \/><a href=\"https:\/\/agenciabrasil.ebc.com.br\/saude\/noticia\/2024-06\/quase-um-terco-dos-casos-de-malaria-ocorre-em-criancas-de-ate-12-anos\" rel=\"noopener\">Ag\u00eancia Brasil <\/a><\/p>\n","protected":false},"excerpt":{"rendered":"<p>Entre mais de 1,5 milh\u00e3o de casos aut\u00f3ctones de mal\u00e1ria identificados na regi\u00e3o amaz\u00f4nica brasileira entre 2013 e 2022, 29% foram em crian\u00e7as de at\u00e9 12 anos. No mesmo per\u00edodo, foram registrados 73 mortes de\u00a0crian\u00e7as nessa faixa et\u00e1ria, sendo 22 em crian\u00e7as com menos de 1 ano. Os dados integram a pesquisa Sa\u00fade Brasil, lan\u00e7ada [&hellip;]<\/p>\n","protected":false},"author":1,"featured_media":2719,"comment_status":"open","ping_status":"open","sticky":false,"template":"","format":"standard","meta":{"_jetpack_newsletter_access":"","_jetpack_dont_email_post_to_subs":false,"_jetpack_newsletter_tier_id":0,"_jetpack_memberships_contains_paywalled_content":false,"_mbp_banners":[],"_jetpack_feature_clip_id":0,"_jetpack_memberships_contains_paid_content":false,"footnotes":"","jetpack_publicize_message":"","jetpack_publicize_feature_enabled":true,"jetpack_social_post_already_shared":true,"jetpack_social_options":{"image_generator_settings":{"template":"highway","default_image_id":0,"font":"","enabled":false},"version":2},"jetpack_post_was_ever_published":false},"categories":[15],"tags":[],"class_list":["post-8215","post","type-post","status-publish","format-standard","has-post-thumbnail","category-saude"],"jetpack_publicize_connections":[],"jetpack-related-posts":[],"jetpack_shortlink":"https:\/\/wp.me\/p7Eq1F-28v","jetpack_sharing_enabled":true,"jetpack_featured_media_url":"https:\/\/i0.wp.com\/guialimeira.com.br\/news\/wp-content\/uploads\/2024\/04\/malaria_mosquito_anopheles260420212826.jpeg?fit=1600%2C800&ssl=1","_links":{"self":[{"href":"https:\/\/guialimeira.com.br\/news\/wp-json\/wp\/v2\/posts\/8215","targetHints":{"allow":["GET"]}}],"collection":[{"href":"https:\/\/guialimeira.com.br\/news\/wp-json\/wp\/v2\/posts"}],"about":[{"href":"https:\/\/guialimeira.com.br\/news\/wp-json\/wp\/v2\/types\/post"}],"author":[{"embeddable":true,"href":"https:\/\/guialimeira.com.br\/news\/wp-json\/wp\/v2\/users\/1"}],"replies":[{"embeddable":true,"href":"https:\/\/guialimeira.com.br\/news\/wp-json\/wp\/v2\/comments?post=8215"}],"version-history":[{"count":0,"href":"https:\/\/guialimeira.com.br\/news\/wp-json\/wp\/v2\/posts\/8215\/revisions"}],"wp:featuredmedia":[{"embeddable":true,"href":"https:\/\/guialimeira.com.br\/news\/wp-json\/wp\/v2\/media\/2719"}],"wp:attachment":[{"href":"https:\/\/guialimeira.com.br\/news\/wp-json\/wp\/v2\/media?parent=8215"}],"wp:term":[{"taxonomy":"category","embeddable":true,"href":"https:\/\/guialimeira.com.br\/news\/wp-json\/wp\/v2\/categories?post=8215"},{"taxonomy":"post_tag","embeddable":true,"href":"https:\/\/guialimeira.com.br\/news\/wp-json\/wp\/v2\/tags?post=8215"}],"curies":[{"name":"wp","href":"https:\/\/api.w.org\/{rel}","templated":true}]}}