{"id":8206,"date":"2024-06-12T13:31:43","date_gmt":"2024-06-12T16:31:43","guid":{"rendered":"https:\/\/guialimeira.com.br\/2024\/06\/12\/nadal-e-alcaraz-jogarao-duplas-pela-espanha-nas-olimpiadas-de-paris\/"},"modified":"2024-06-12T13:31:43","modified_gmt":"2024-06-12T16:31:43","slug":"nadal-e-alcaraz-jogarao-duplas-pela-espanha-nas-olimpiadas-de-paris","status":"publish","type":"post","link":"https:\/\/guialimeira.com.br\/news\/nadal-e-alcaraz-jogarao-duplas-pela-espanha-nas-olimpiadas-de-paris\/","title":{"rendered":"Nadal e Alcaraz jogar\u00e3o duplas pela Espanha nas Olimp\u00edadas de Paris"},"content":{"rendered":"<p> <br \/>\n<\/p>\n<div>\n<p>Os espanh\u00f3is Rafael Nadal e Carlos Alcaraz se juntar\u00e3o para jogar duplas nos Jogos Ol\u00edmpicos de Paris deste ano, informou a Real Federa\u00e7\u00e3o Espanhola de T\u00eanis (RFET) nesta quarta-feira (12).<img data-recalc-dims=\"1\" decoding=\"async\" src=\"https:\/\/i0.wp.com\/agenciabrasil.ebc.com.br\/ebc.png?w=696&#038;ssl=1\" style=\"width:1px; height:1px; display:inline;\"\/><img data-recalc-dims=\"1\" decoding=\"async\" src=\"https:\/\/i0.wp.com\/agenciabrasil.ebc.com.br\/ebc.gif?w=696&#038;ssl=1\" style=\"width:1px; height:1px; display:inline;\"\/><\/p>\n<p>Nadal ganhou uma medalha de ouro ol\u00edmpica em 2008, mas os Jogos de Paris ser\u00e3o os primeiros de Alcaraz, que retorna a Roland Garros, onde foi coroado campe\u00e3o do Aberto da Fran\u00e7a no domingo (9).<\/p>\n<blockquote class=\"instagram-media\" data-instgrm-captioned=\"\" data-instgrm-permalink=\"https:\/\/www.instagram.com\/p\/C8HYaFeoieK\/?utm_source=ig_embed&amp;utm_campaign=loading\" data-instgrm-version=\"14\" style=\" background:#FFF; border:0; border-radius:3px; box-shadow:0 0 1px 0 rgba(0,0,0,0.5),0 1px 10px 0 rgba(0,0,0,0.15); margin: 1px; max-width:540px; min-width:326px; padding:0; width:99.375%; width:-webkit-calc(100% - 2px); width:calc(100% - 2px);\">\n<\/blockquote>\n<p>A participa\u00e7\u00e3o de Nadal era incerta, j\u00e1 que o 14 vezes campe\u00e3o do Aberto da Fran\u00e7a n\u00e3o est\u00e1 em sua melhor forma depois de les\u00f5es, mas o t\u00e9cnico da equipe nacional, David Ferrer, disse que o tenista de 38 anos formar\u00e1 dupla com Alcaraz, de 21 anos.<\/p>\n<blockquote>\n<p>&#8220;Uma dupla, que acho que todos conhecem e esperavam, \u00e9 Carlos Alcaraz e Rafael Nadal, e a segunda dupla ainda n\u00e3o foi decidida, ainda n\u00e3o foi 100% confirmada&#8221;, disse Ferrer aos rep\u00f3rteres.\u00a0&#8220;Vamos esperar um pouco antes de anunciar isso. Mas Rafa e Carlos jogar\u00e3o juntos em Paris.&#8221;<\/p>\n<\/blockquote>\n<p>Os outros atletas selecionados s\u00e3o Pablo Carre\u00f1o Busta e Alejandro Davidovich Fokina, enquanto Marcel Granollers, n\u00famero dois do mundo em duplas, tamb\u00e9m est\u00e1 na equipe.<\/p>\n<p>Os Jogos Ol\u00edmpicos de Paris v\u00e3o de 26 de julho a 11 de agosto.<\/p>\n<p><em><strong>* \u00c9 proibida a reprodu\u00e7\u00e3o deste conte\u00fado.\u00a0<\/strong><\/em><\/p>\n<\/p><\/div>\n<p><script async src=\"\/\/www.instagram.com\/embed.js\"><\/script><br \/>\n<br \/><br \/>\n<br \/><a href=\"https:\/\/agenciabrasil.ebc.com.br\/esportes\/noticia\/2024-06\/nadal-e-alcaraz-jogarao-duplas-pela-espanha-nas-olimpiadas-de-paris\" rel=\"noopener\">Ag\u00eancia Brasil<\/a><\/p>\n","protected":false},"excerpt":{"rendered":"<p>Os espanh\u00f3is Rafael Nadal e Carlos Alcaraz se juntar\u00e3o para jogar duplas nos Jogos Ol\u00edmpicos de Paris deste ano, informou a Real Federa\u00e7\u00e3o Espanhola de T\u00eanis (RFET) nesta quarta-feira (12). Nadal ganhou uma medalha de ouro ol\u00edmpica em 2008, mas os Jogos de Paris ser\u00e3o os primeiros de Alcaraz, que retorna a Roland Garros, onde [&hellip;]<\/p>\n","protected":false},"author":1,"featured_media":8207,"comment_status":"open","ping_status":"open","sticky":false,"template":"","format":"standard","meta":{"_jetpack_newsletter_access":"","_jetpack_dont_email_post_to_subs":false,"_jetpack_newsletter_tier_id":0,"_jetpack_memberships_contains_paywalled_content":false,"_mbp_banners":[],"_jetpack_feature_clip_id":0,"_jetpack_memberships_contains_paid_content":false,"footnotes":"","jetpack_publicize_message":"","jetpack_publicize_feature_enabled":true,"jetpack_social_post_already_shared":true,"jetpack_social_options":{"image_generator_settings":{"template":"highway","default_image_id":0,"font":"","enabled":false},"version":2},"jetpack_post_was_ever_published":false},"categories":[23],"tags":[],"class_list":["post-8206","post","type-post","status-publish","format-standard","has-post-thumbnail","category-esportes"],"jetpack_publicize_connections":[],"jetpack-related-posts":[],"jetpack_shortlink":"https:\/\/wp.me\/p7Eq1F-28m","jetpack_sharing_enabled":true,"jetpack_featured_media_url":"https:\/\/i0.wp.com\/guialimeira.com.br\/news\/wp-content\/uploads\/2024\/06\/alcaraz_e_nadal_dupla_em_paris_2024.jpg?fit=1600%2C800&ssl=1","_links":{"self":[{"href":"https:\/\/guialimeira.com.br\/news\/wp-json\/wp\/v2\/posts\/8206","targetHints":{"allow":["GET"]}}],"collection":[{"href":"https:\/\/guialimeira.com.br\/news\/wp-json\/wp\/v2\/posts"}],"about":[{"href":"https:\/\/guialimeira.com.br\/news\/wp-json\/wp\/v2\/types\/post"}],"author":[{"embeddable":true,"href":"https:\/\/guialimeira.com.br\/news\/wp-json\/wp\/v2\/users\/1"}],"replies":[{"embeddable":true,"href":"https:\/\/guialimeira.com.br\/news\/wp-json\/wp\/v2\/comments?post=8206"}],"version-history":[{"count":0,"href":"https:\/\/guialimeira.com.br\/news\/wp-json\/wp\/v2\/posts\/8206\/revisions"}],"wp:featuredmedia":[{"embeddable":true,"href":"https:\/\/guialimeira.com.br\/news\/wp-json\/wp\/v2\/media\/8207"}],"wp:attachment":[{"href":"https:\/\/guialimeira.com.br\/news\/wp-json\/wp\/v2\/media?parent=8206"}],"wp:term":[{"taxonomy":"category","embeddable":true,"href":"https:\/\/guialimeira.com.br\/news\/wp-json\/wp\/v2\/categories?post=8206"},{"taxonomy":"post_tag","embeddable":true,"href":"https:\/\/guialimeira.com.br\/news\/wp-json\/wp\/v2\/tags?post=8206"}],"curies":[{"name":"wp","href":"https:\/\/api.w.org\/{rel}","templated":true}]}}