{"id":8201,"date":"2024-06-12T11:26:42","date_gmt":"2024-06-12T14:26:42","guid":{"rendered":"https:\/\/guialimeira.com.br\/2024\/06\/12\/setor-de-servicos-cresce-05-de-marco-para-abril-no-pais-revela-ibge\/"},"modified":"2024-06-12T11:26:42","modified_gmt":"2024-06-12T14:26:42","slug":"setor-de-servicos-cresce-05-de-marco-para-abril-no-pais-revela-ibge","status":"publish","type":"post","link":"https:\/\/guialimeira.com.br\/news\/setor-de-servicos-cresce-05-de-marco-para-abril-no-pais-revela-ibge\/","title":{"rendered":"Setor de servi\u00e7os cresce 0,5% de mar\u00e7o para abril no pa\u00eds, revela IBGE"},"content":{"rendered":"<p> <br \/>\n<\/p>\n<div>\n<p>O volume de servi\u00e7os no pa\u00eds cresceu 0,5% na passagem de mar\u00e7o para abril, segundo dados divulgados nesta quarta-feira (12), no Rio de Janeiro, pelo Instituto Brasileiro de Geografia e Estat\u00edstica (IBGE). \u00c9 a segunda alta consecutiva do indicador, que j\u00e1 havia avan\u00e7ado 0,7% de fevereiro para mar\u00e7o.<img data-recalc-dims=\"1\" decoding=\"async\" src=\"https:\/\/i0.wp.com\/agenciabrasil.ebc.com.br\/ebc.png?w=696&#038;ssl=1\" style=\"width:1px; height:1px; display:inline;\"\/><img data-recalc-dims=\"1\" decoding=\"async\" src=\"https:\/\/i0.wp.com\/agenciabrasil.ebc.com.br\/ebc.gif?w=696&#038;ssl=1\" style=\"width:1px; height:1px; display:inline;\"\/><\/p>\n<p>De acordo com a Pesquisa Mensal de Servi\u00e7os (PMS), o setor cresceu 5,6% na compara\u00e7\u00e3o com abril do ano passado, 2,3% no acumulado do ano e 1,6% no acumulado de 12 meses.<\/p>\n<p>Tr\u00eas das cinco atividades do setor de servi\u00e7os investigadas apresentaram alta de mar\u00e7o para abril deste ano, com destaque para os segmentos de transportes (1,7%) e de outros servi\u00e7os (5,0%). A terceira atividade com resultado positivo foi informa\u00e7\u00e3o e comunica\u00e7\u00e3o (0,4%), que atingiu, mais uma vez, seu ponto mais alto da s\u00e9rie hist\u00f3rica, iniciada em 2012.<\/p>\n<h2>Queda<\/h2>\n<p>Ao mesmo tempo, apresentaram queda de mar\u00e7o para abril os servi\u00e7os profissionais, administrativos e complementares (-1,1%) e os servi\u00e7os prestados \u00e0s fam\u00edlias (-1,8%). Na passagem de fevereiro para mar\u00e7o, essas atividades haviam crescido.<\/p>\n<p>O \u00edndice de atividades tur\u00edsticas &#8211; analisado de forma separada pelo IBGE \u2013 teve expans\u00e3o de 2,3% em abril ante mar\u00e7o. \u00c9 o segundo resultado positivo do segmento, que se encontra 4,7% acima do patamar de fevereiro de 2020, mas ainda 3% abaixo do ponto mais alto da s\u00e9rie, alcan\u00e7ado em fevereiro de 2014.<\/p>\n<p>Em rela\u00e7\u00e3o \u00e0 receita nominal, o setor de servi\u00e7os apresentou altas de 1,1% em rela\u00e7\u00e3o a mar\u00e7o, de 8,9% na compara\u00e7\u00e3o com abril de 2023, de 6,3% no acumulado do ano e de 5,2% no acumulado de 12 meses.<\/p>\n<\/p><\/div>\n<p><br \/>\n<br \/><a href=\"https:\/\/agenciabrasil.ebc.com.br\/economia\/noticia\/2024-06\/setor-de-servicos-cresce-05-de-marco-para-abril-no-pais-revela-ibge\" rel=\"noopener\">Ag\u00eancia Brasil<\/a><\/p>\n","protected":false},"excerpt":{"rendered":"<p>O volume de servi\u00e7os no pa\u00eds cresceu 0,5% na passagem de mar\u00e7o para abril, segundo dados divulgados nesta quarta-feira (12), no Rio de Janeiro, pelo Instituto Brasileiro de Geografia e Estat\u00edstica (IBGE). \u00c9 a segunda alta consecutiva do indicador, que j\u00e1 havia avan\u00e7ado 0,7% de fevereiro para mar\u00e7o. De acordo com a Pesquisa Mensal de [&hellip;]<\/p>\n","protected":false},"author":1,"featured_media":1513,"comment_status":"open","ping_status":"open","sticky":false,"template":"","format":"standard","meta":{"_jetpack_newsletter_access":"","_jetpack_dont_email_post_to_subs":false,"_jetpack_newsletter_tier_id":0,"_jetpack_memberships_contains_paywalled_content":false,"_mbp_banners":[],"_jetpack_feature_clip_id":0,"_jetpack_memberships_contains_paid_content":false,"footnotes":"","jetpack_publicize_message":"","jetpack_publicize_feature_enabled":true,"jetpack_social_post_already_shared":true,"jetpack_social_options":{"image_generator_settings":{"template":"highway","default_image_id":0,"font":"","enabled":false},"version":2},"jetpack_post_was_ever_published":false},"categories":[24],"tags":[],"class_list":["post-8201","post","type-post","status-publish","format-standard","has-post-thumbnail","category-economia"],"jetpack_publicize_connections":[],"jetpack-related-posts":[],"jetpack_shortlink":"https:\/\/wp.me\/p7Eq1F-28h","jetpack_sharing_enabled":true,"jetpack_featured_media_url":"https:\/\/i0.wp.com\/guialimeira.com.br\/news\/wp-content\/uploads\/2024\/04\/20230324092529_mg_5200_1.jpg?fit=1600%2C800&ssl=1","_links":{"self":[{"href":"https:\/\/guialimeira.com.br\/news\/wp-json\/wp\/v2\/posts\/8201","targetHints":{"allow":["GET"]}}],"collection":[{"href":"https:\/\/guialimeira.com.br\/news\/wp-json\/wp\/v2\/posts"}],"about":[{"href":"https:\/\/guialimeira.com.br\/news\/wp-json\/wp\/v2\/types\/post"}],"author":[{"embeddable":true,"href":"https:\/\/guialimeira.com.br\/news\/wp-json\/wp\/v2\/users\/1"}],"replies":[{"embeddable":true,"href":"https:\/\/guialimeira.com.br\/news\/wp-json\/wp\/v2\/comments?post=8201"}],"version-history":[{"count":0,"href":"https:\/\/guialimeira.com.br\/news\/wp-json\/wp\/v2\/posts\/8201\/revisions"}],"wp:featuredmedia":[{"embeddable":true,"href":"https:\/\/guialimeira.com.br\/news\/wp-json\/wp\/v2\/media\/1513"}],"wp:attachment":[{"href":"https:\/\/guialimeira.com.br\/news\/wp-json\/wp\/v2\/media?parent=8201"}],"wp:term":[{"taxonomy":"category","embeddable":true,"href":"https:\/\/guialimeira.com.br\/news\/wp-json\/wp\/v2\/categories?post=8201"},{"taxonomy":"post_tag","embeddable":true,"href":"https:\/\/guialimeira.com.br\/news\/wp-json\/wp\/v2\/tags?post=8201"}],"curies":[{"name":"wp","href":"https:\/\/api.w.org\/{rel}","templated":true}]}}