{"id":8166,"date":"2024-06-11T19:23:00","date_gmt":"2024-06-11T22:23:00","guid":{"rendered":"https:\/\/guialimeira.com.br\/2024\/06\/11\/secretaria-de-cultura-oferece-230-vagas-em-oficinas-culturais\/"},"modified":"2024-06-11T19:23:00","modified_gmt":"2024-06-11T22:23:00","slug":"secretaria-de-cultura-oferece-230-vagas-em-oficinas-culturais","status":"publish","type":"post","link":"https:\/\/guialimeira.com.br\/news\/secretaria-de-cultura-oferece-230-vagas-em-oficinas-culturais\/","title":{"rendered":"Secretaria de Cultura oferece 230 vagas em oficinas culturais"},"content":{"rendered":"<p> <br \/>\n<\/p>\n<div id=\"\">&#13;<br \/>\n                &#13;<br \/>\n&#13;<br \/>\n&#13;<br \/>\n&#13;<br \/>\n    <img data-recalc-dims=\"1\" decoding=\"async\" src=\"https:\/\/i0.wp.com\/ecrie.com.br\/sistema\/conteudos\/imagem\/m_137_0_1_11062024143727.jpeg?w=696&#038;ssl=1\" alt=\"Secretaria de Cultura oferece 230 vagas em oficinas culturais\"\/>&#13;<br \/>\n&#13;<\/p>\n<p style=\"text-align: justify;\"><span style=\"font-weight: 400;\">A Prefeitura de Limeira, por meio da Secretaria de Cultura, abre, no dia 1\u00ba de julho, as inscri\u00e7\u00f5es para as oficinas culturais gratuitas do segundo semestre. S\u00e3o oferecidas 230 vagas nas modalidades de moda, artesanato, dan\u00e7a, fotografia, literatura, maquiagem, arte e m\u00fasica.\u00a0<\/span><\/p>\n<p>&#13;<\/p>\n<p style=\"text-align: justify;\"><span style=\"font-weight: 400;\">As atividades abrangem diversas faixas et\u00e1rias, iniciando aos 4 anos, e acontecem na Escola Municipal de Cultura e Artes \u201cMaestro M\u00e1rio Tintori\u201d (Emcea).<\/span><\/p>\n<p>&#13;<\/p>\n<p style=\"text-align: justify;\"><span style=\"font-weight: 400;\">Os interessados devem se inscrever pessoalmente na Emcea, de segunda a sexta, das 9 \u00e0s 12h e das 13h \u00e0s 17h30. Pessoas com menos de 18 anos devem estar acompanhadas pelo respons\u00e1vel. As vagas s\u00e3o garantidas por ordem de chegada e finalizam conforme o preenchimento da turma. Mais informa\u00e7\u00f5es podem ser obtidas pelo telefone: 3441-5493.<\/span><\/p>\n<p>&#13;<\/p>\n<p style=\"text-align: justify;\"><span style=\"font-weight: 400;\">Confira os detalhes das oficinas culturais:<\/span><\/p>\n<p>&#13;<\/p>\n<p style=\"text-align: justify;\">\u00a0<\/p>\n<p>&#13;<\/p>\n<p style=\"text-align: center;\"><strong>O F I C I N A S \u00a0 C U L T U R A I S\u00a0 .\u00a0 2024<\/strong><\/p>\n<p>&#13;<\/p>\n<p style=\"text-align: justify;\">\u00a0<\/p>\n<p>&#13;<\/p>\n<p style=\"text-align: justify;\"><strong>PROGRAMA\u00c7\u00c3O DE F\u00c9RIAS<\/strong><\/p>\n<p>&#13;<\/p>\n<p style=\"text-align: justify;\"><span style=\"font-weight: 400;\">Inscri\u00e7\u00f5es: &#8230;&#8230;&#8230;&#8230;&#8230;&#8230;&#8230;&#8230;&#8230;<\/span> <strong>A partir de 1 de julho<\/strong><\/p>\n<p>&#13;<\/p>\n<p style=\"text-align: justify;\"><span style=\"font-weight: 400;\">Hor\u00e1rio: &#8230;&#8230;&#8230;&#8230;&#8230;&#8230;&#8230;&#8230;&#8230;&#8230;..<\/span> <strong>Segunda a sexta-feira &#8211; 9h \u00e0s 12h e das 13h \u00e1s 17h30<\/strong><\/p>\n<p>&#13;<\/p>\n<p style=\"text-align: justify;\">\u00a0<\/p>\n<p>&#13;<\/p>\n<p style=\"text-align: justify;\"><strong>MODA\u00a0<\/strong><\/p>\n<p>&#13;<\/p>\n<p style=\"text-align: justify;\"><strong>OFICINA DE MODA: VITRINE: DO ENCANTAMENTO AO LUXO &#8211; 30 vagas (15 por turma)<\/strong><\/p>\n<p>&#13;<\/p>\n<p style=\"text-align: justify;\"><span style=\"font-weight: 400;\">Coordena\u00e7\u00e3o: Mylena Arruda<\/span><\/p>\n<p>&#13;<\/p>\n<p style=\"text-align: justify;\"><span style=\"font-weight: 400;\">Turma 1\u00a0<\/span><\/p>\n<p>&#13;<\/p>\n<p style=\"text-align: justify;\"><span style=\"font-weight: 400;\">Per\u00edodo: 15 a 31\/07 &#8211; segundas e quartas-feiras &#8211; 18h30 \u00e0s 21h00<\/span><\/p>\n<p>&#13;<\/p>\n<p style=\"text-align: justify;\"><span style=\"font-weight: 400;\">Turma 2<\/span><\/p>\n<p>&#13;<\/p>\n<p style=\"text-align: justify;\"><span style=\"font-weight: 400;\">Per\u00edodo: 16\/07 a 01\/08 &#8211; ter\u00e7as e quintas-feiras &#8211; 18h30 \u00e0s 21h00<\/span><\/p>\n<p>&#13;<\/p>\n<p style=\"text-align: justify;\"><span style=\"font-weight: 400;\">P\u00fablico-Alvo: Interessados a partir de 16 anos<\/span><\/p>\n<p>&#13;<\/p>\n<p>\u00a0<\/p>\n<p>&#13;<\/p>\n<p style=\"text-align: justify;\"><span style=\"font-weight: 400;\">A oficina desenvolve habilidades para criar uma vitrine personalizada e cheia de identidade. A vitrine \u00e9 o primeiro contato com a loja, se voc\u00ea quer que o seu cliente se conecte e se identifique com os seus os seus produtos, ferramentas do Visual Merchandising s\u00e3o essenciais para come\u00e7ar a estrategizar a comunica\u00e7\u00e3o visual desse espa\u00e7o. Esta atividade tem a finalidade de desenvolver o profissional para atua\u00e7\u00e3o aut\u00f4noma e empreendedora nas diversas realidades comerciais da atualidade.<\/span><\/p>\n<p>&#13;<\/p>\n<p style=\"text-align: justify;\">\u00a0<\/p>\n<p>&#13;<\/p>\n<p style=\"text-align: justify;\"><span style=\"font-weight: 400;\">Mylena Arruda \u00e9 Jornalista, Consultora de Imagem, Analista de Colora\u00e7\u00e3o Pessoal e Docente de Moda em cursos livres e de n\u00edvel t\u00e9cnico no SENAC. Especialista em Design de Produtos de Moda pelo SENAI CETIQT, com experi\u00eancia editorial em mercado de luxo, hoje atua com a educa\u00e7\u00e3o e comunica\u00e7\u00e3o da imagem, promovendo autoconhecimento, empoderamento e liberdade na composi\u00e7\u00e3o da identidade visual.<\/span><\/p>\n<p>&#13;<\/p>\n<p>\u00a0<\/p>\n<p>&#13;<\/p>\n<p style=\"text-align: center;\"><strong>O F I C I N A S \u00a0 C U L T U R A I S\u00a0 .\u00a0 2024<\/strong><\/p>\n<p>&#13;<\/p>\n<p style=\"text-align: center;\"><strong>PROGRAMA\u00c7\u00c3O 2\u00ba SEMESTRE<\/strong><\/p>\n<p>&#13;<\/p>\n<p style=\"text-align: justify;\">\u00a0<\/p>\n<p>&#13;<\/p>\n<p style=\"text-align: justify;\"><span style=\"font-weight: 400;\">Inscri\u00e7\u00f5es: &#8230;&#8230;&#8230;&#8230;&#8230;&#8230;&#8230;&#8230;&#8230;<\/span> <strong>A partir de 1 de julho<\/strong><\/p>\n<p>&#13;<\/p>\n<p style=\"text-align: justify;\"><span style=\"font-weight: 400;\">Hor\u00e1rio: &#8230;&#8230;&#8230;&#8230;&#8230;&#8230;&#8230;&#8230;&#8230;&#8230;..<\/span> <strong>Segunda a sexta-feira &#8211; 9h \u00e0s 17h30<\/strong><\/p>\n<p>&#13;<\/p>\n<p style=\"text-align: justify;\">\u00a0<\/p>\n<p>&#13;<\/p>\n<p style=\"text-align: justify;\"><strong>ARTESANATO\u00a0<\/strong><\/p>\n<p>&#13;<\/p>\n<p style=\"text-align: justify;\"><strong>OFICINA DE ARTESANATO: ENTRELA\u00c7ANDO CRIATIVIDADE COM MACRAM\u00ca &#8211; 15 vagas<\/strong><\/p>\n<p>&#13;<\/p>\n<p style=\"text-align: justify;\"><span style=\"font-weight: 400;\">Coordena\u00e7\u00e3o: Aline Savazzi<\/span><\/p>\n<p>&#13;<\/p>\n<p style=\"text-align: justify;\"><span style=\"font-weight: 400;\">Per\u00edodo: 27\/08 a 29\/10 &#8211; ter\u00e7as-feiras &#8211; 19h \u00e0s 21h<\/span><\/p>\n<p>&#13;<\/p>\n<p style=\"text-align: justify;\"><span style=\"font-weight: 400;\">P\u00fablico-Alvo: Interessados, a partir de 16 anos<\/span><\/p>\n<p>&#13;<\/p>\n<p style=\"text-align: justify;\"><span style=\"font-weight: 400;\">Nesta oficina os participantes ter\u00e3o a oportunidade de aprender pontos, realizar combina\u00e7\u00f5es e criar pe\u00e7as exclusivas, que podem ser decorativas ou utilit\u00e1rias, como hangers para plantas, paineis, toalhas e mais.<\/span><\/p>\n<p>&#13;<\/p>\n<p style=\"text-align: justify;\"><span style=\"font-weight: 400;\">Aline Savazzi \u00e9 formada em Educa\u00e7\u00e3o F\u00edsica. Professora de Bal\u00e9, Jazz e Dan\u00e7a Contempor\u00e2nea h\u00e1 20 anos. Atua como professora de gin\u00e1stica, pilates, yoga e exerc\u00edcio funcional, realizando atendimentos em grupo e particular. Participou de cursos e workshops por todo o Brasil.<\/span><\/p>\n<p>&#13;<\/p>\n<p>\u00a0<\/p>\n<p>&#13;<\/p>\n<p style=\"text-align: justify;\"><strong>ARTES PL\u00c1STICAS | PINTURA\u00a0<\/strong><\/p>\n<p>&#13;<\/p>\n<p style=\"text-align: justify;\"><strong>OFICINA DE PINTURA EM TELA COM TINTA ACR\u00cdLICA &#8211; 30 vagas (15 por turma)<\/strong><\/p>\n<p>&#13;<\/p>\n<p style=\"text-align: justify;\"><span style=\"font-weight: 400;\">Coordena\u00e7\u00e3o: Neuza Tamashiro<\/span><\/p>\n<p>&#13;<\/p>\n<p style=\"text-align: justify;\"><span style=\"font-weight: 400;\">Per\u00edodo: 15\/08 a 07\/11 &#8211; quintas-feiras<\/span><\/p>\n<p>&#13;<\/p>\n<p style=\"text-align: justify;\"><span style=\"font-weight: 400;\">Turma 1: 8h30 \u00e0s 10h30<\/span><\/p>\n<p>&#13;<\/p>\n<p style=\"text-align: justify;\"><span style=\"font-weight: 400;\">Turma 2: 15h00 \u00e0s 17h00 (exceto 12\/9 &#8211; n\u00e3o haver\u00e1 aula)<\/span><\/p>\n<p>&#13;<\/p>\n<p style=\"text-align: justify;\"><span style=\"font-weight: 400;\">P\u00fablico-Alvo: Crian\u00e7as, com idade entre 9 a 14 anos<\/span><\/p>\n<p>&#13;<\/p>\n<p style=\"text-align: justify;\"><span style=\"font-weight: 400;\">As atividades com tinta possibilitam que a crian\u00e7a descubra um mundo cheio de cores, linhas, formas e sentimentos. Na pintura em tela, ser\u00e3o usadas v\u00e1rias maneiras para construir uma imagem, trabalhando a imagina\u00e7\u00e3o e criatividade, por meio de desenhos e muitas cores.<\/span><\/p>\n<p>&#13;<\/p>\n<p style=\"text-align: justify;\"><span style=\"font-weight: 400;\">Neuza Tamashiro \u00e9 artista pl\u00e1stica e professora de t\u00e9cnicas de Artes Pl\u00e1sticas h\u00e1 mais de 20 anos em Limeira. Aborda temas suaves da bot\u00e2nica, da fauna e de caracter\u00edsticas Japonesas. Participou de mostras em toda a regi\u00e3o e recentemente foi professora da marca E_CRAF em eventos de Artesanato, como a Mega Artesanal em S\u00e3o Paulo.<\/span><\/p>\n<p>&#13;<\/p>\n<p>\u00a0<\/p>\n<p>&#13;<\/p>\n<p style=\"text-align: justify;\"><strong>DAN\u00c7A<\/strong><\/p>\n<p>&#13;<\/p>\n<p style=\"text-align: justify;\"><strong>OFICINA: OS PRIMEIROS PASSOS DO BAL\u00c9 &#8211; 45 vagas (15 por turma)<\/strong><\/p>\n<p>&#13;<\/p>\n<p style=\"text-align: justify;\"><span style=\"font-weight: 400;\">Coordena\u00e7\u00e3o: Aline Savazzi<\/span><\/p>\n<p>&#13;<\/p>\n<p style=\"text-align: justify;\"><span style=\"font-weight: 400;\">Per\u00edodo: 06\/08 a 29\/10 &#8211; ter\u00e7as-feiras<\/span><\/p>\n<p>&#13;<\/p>\n<p style=\"text-align: justify;\"><span style=\"font-weight: 400;\">Turma 1: 9h \u00e0s 10h<\/span><\/p>\n<p>&#13;<\/p>\n<p style=\"text-align: justify;\"><span style=\"font-weight: 400;\">Turma 2: 16h30 \u00e0s 17h30<\/span><\/p>\n<p>&#13;<\/p>\n<p style=\"text-align: justify;\"><span style=\"font-weight: 400;\">Turma 3: 18h \u00e0s 19h<\/span><\/p>\n<p>&#13;<\/p>\n<p style=\"text-align: justify;\"><span style=\"font-weight: 400;\">P\u00fablico-Alvo: Crian\u00e7as, com idade entre 4 a 6 anos<\/span><\/p>\n<p>&#13;<\/p>\n<p style=\"text-align: justify;\"><span style=\"font-weight: 400;\">Atrav\u00e9s dos movimentos leves e expressivos, o participante potencializa aspectos f\u00edsicos, cognitivos e sociais. Nesta oficina, ser\u00e3o propostos jogos, brincadeiras e atividades dirigidas, abordando o ensino do Bal\u00e9 Cl\u00e1ssico e diferentes manifesta\u00e7\u00f5es da cultura corporal de movimentos para se vivenciar a dan\u00e7a de forma global em todas as suas potencialidades.<\/span><\/p>\n<p>&#13;<\/p>\n<p style=\"text-align: justify;\"><span style=\"font-weight: 400;\">Aline Savazzi \u00e9 formada em Educa\u00e7\u00e3o F\u00edsica. Professora de Bal\u00e9, Jazz e Dan\u00e7a Contempor\u00e2nea h\u00e1 20 anos. Atua como professora de gin\u00e1stica, pilates, yoga e exerc\u00edcio funcional, realizando atendimentos em grupo e particular. Participou de cursos e workshops por todo o Brasil.<\/span><\/p>\n<p>&#13;<\/p>\n<p>\u00a0<\/p>\n<p>&#13;<\/p>\n<p style=\"text-align: justify;\"><strong>OFICINA DE DAN\u00c7A &#8211; STILETTO: DIVAS NO SALTO &#8211; 15 vagas<\/strong><\/p>\n<p>&#13;<\/p>\n<p style=\"text-align: justify;\"><span style=\"font-weight: 400;\">Coordena\u00e7\u00e3o: Gisele Barana<\/span><\/p>\n<p>&#13;<\/p>\n<p style=\"text-align: justify;\"><span style=\"font-weight: 400;\">Per\u00edodo: 12\/09 a 28\/11 &#8211; quintas-feiras &#8211; 19h \u00e0s 20h30<\/span><\/p>\n<p>&#13;<\/p>\n<p style=\"text-align: justify;\"><span style=\"font-weight: 400;\">P\u00fablico-Alvo: Interessados, a partir de 16 anos.<\/span><\/p>\n<p>&#13;<\/p>\n<p style=\"text-align: justify;\"><span style=\"font-weight: 400;\">O Stiletto, assim como as outras modalidades de dan\u00e7a, traz diversos benef\u00edcios ao corpo. <\/span><span style=\"font-weight: 400;\">Estilo que melhora a postura e o equil\u00edbrio, al\u00e9m de promover um trabalho muscular em todo o corpo. Nesta atividade os participantes aprender\u00e3o a caminhar e dan\u00e7ar no salto alto, atrav\u00e9s de coreografias de grandes musicais da Broadway.<\/span><\/p>\n<p>&#13;<\/p>\n<p style=\"text-align: justify;\"><span style=\"font-weight: 400;\">Gisele Barana \u00e9 <\/span><span style=\"font-weight: 400;\">Professora de dan\u00e7as entre elas no estilo (flamenco, musical jazz Broadway, sapateado, ballet, dan\u00e7a de rua, dan\u00e7a flamenca, personal trainer e pilates bola solo), al\u00e9m de b<\/span><span style=\"font-weight: 400;\">acharel em Educa\u00e7\u00e3o F\u00edsica pela Universidade Metodista de Piracicaba. Possui cursos de especializa\u00e7\u00e3o na \u00e1rea <\/span><span style=\"font-weight: 400;\">realizados no Brasil e exterior.<\/span><\/p>\n<p>&#13;<\/p>\n<p>\u00a0<\/p>\n<p>&#13;<\/p>\n<p style=\"text-align: justify;\"><strong>OFICINA DE DAN\u00c7A DE SAL\u00c3O: INTRODUZINDO O BOLERO &#8211; 20 vagas (10 casais)<\/strong><\/p>\n<p>&#13;<\/p>\n<p style=\"text-align: justify;\"><span style=\"font-weight: 400;\">Coordena\u00e7\u00e3o: Grazi Mendes<\/span><\/p>\n<p>&#13;<\/p>\n<p style=\"text-align: justify;\"><span style=\"font-weight: 400;\">Per\u00edodo: 29\/08 a 28\/11 &#8211; quintas-feiras &#8211; 19h \u00e0s 20h30<\/span><\/p>\n<p>&#13;<\/p>\n<p style=\"text-align: justify;\"><span style=\"font-weight: 400;\">P\u00fablico-Alvo: Interessados, a partir de 16 anos<\/span><\/p>\n<p>&#13;<\/p>\n<p style=\"text-align: justify;\"><span style=\"font-weight: 400;\">Um ritmo de dan\u00e7a elegante e rom\u00e2ntico, o Bolero \u00e9 uma das principais dan\u00e7as de sal\u00e3o. Os participantes aprender\u00e3o os passos b\u00e1sicos desse ritmo.<\/span><\/p>\n<p>&#13;<\/p>\n<p style=\"text-align: justify;\"><span style=\"font-weight: 400;\">Grazi Mendes \u00e9 formada em Bal\u00e9 Cl\u00e1ssico, Jazz e Dan\u00e7a de Sal\u00e3o. Iniciou na dan\u00e7a aos 4 anos e desde ent\u00e3o fez diversos cursos para aprimoramento. Ministrou aulas de Ballet, Jazz, Ritmos (ax\u00e9, funk pop) e v\u00e1rios ritmos da Dan\u00e7a de Sal\u00e3o.<\/span><\/p>\n<p>&#13;<\/p>\n<p>\u00a0<\/p>\n<p>&#13;<\/p>\n<p style=\"text-align: justify;\"><strong>OFICINA: A DAN\u00c7A DO VENTRE E SEUS BENEF\u00cdCIOS &#8211; 15 vagas<\/strong><\/p>\n<p>&#13;<\/p>\n<p style=\"text-align: justify;\"><span style=\"font-weight: 400;\">Coordena\u00e7\u00e3o: Mait\u00ea Voigt<\/span><\/p>\n<p>&#13;<\/p>\n<p style=\"text-align: justify;\"><span style=\"font-weight: 400;\">Per\u00edodo: 10\/09 a 26\/11 &#8211; ter\u00e7as-feiras &#8211; 19h \u00e0s 20h30<\/span><\/p>\n<p>&#13;<\/p>\n<p style=\"text-align: justify;\"><span style=\"font-weight: 400;\">P\u00fablico-Alvo: Interessados, a partir de 16 anos<\/span><\/p>\n<p>&#13;<\/p>\n<p style=\"text-align: justify;\"><span style=\"font-weight: 400;\">A atividade vai iniciar os participantes na Dan\u00e7a do Ventre. Atrav\u00e9s de movimentos de quadril, tronco, m\u00e3o e bra\u00e7os, a dan\u00e7a do ventre auxilia na coordena\u00e7\u00e3o motora e t\u00f4nus muscular de quem a pratica. Al\u00e9m dos benef\u00edcios psicol\u00f3gicos, sua pr\u00e1tica eleva a postura e gera um maior entendimento do corpo, trazendo melhorias na rotina e conex\u00e3o mente e corpo.<\/span><\/p>\n<p>&#13;<\/p>\n<p style=\"text-align: justify;\"><span style=\"font-weight: 400;\">Mait\u00ea Voigt \u00e9 Diretora, Bailarina, Professora e Core\u00f3grafa, al\u00e9m de ministrar aulas particulares na \u00e1rea. \u00c9 tamb\u00e9m propriet\u00e1ria do N\u00facleo Tendas em Limeira, que oferece aulas de Dan\u00e7a do Ventre, Dan\u00e7as \u00c1rabes Folcl\u00f3ricas e Dan\u00e7as Ciganas. Participou de diversas aulas, workshops e cursos de especializa\u00e7\u00e3o em busca de aperfei\u00e7oamento com mestres nacionais e internacionais. Iniciou neste ano, p\u00f3s gradua\u00e7\u00e3o em Lato Sensu em Dan\u00e7a Terapia, pela institui\u00e7\u00e3o Faculeste.\u00a0<\/span><\/p>\n<p>&#13;<\/p>\n<p>\u00a0<\/p>\n<p>&#13;<\/p>\n<p style=\"text-align: justify;\"><strong>FOTOGRAFIA<\/strong><\/p>\n<p>&#13;<\/p>\n<p style=\"text-align: justify;\"><strong>OFICINA: FOTOGRAFIA SOCIAL &#8211; ETERNIZANDO MOMENTOS &#8211; 15 vagas<\/strong><\/p>\n<p>&#13;<\/p>\n<p style=\"text-align: justify;\"><span style=\"font-weight: 400;\">Coordena\u00e7\u00e3o: Tiago Degaspari<\/span><\/p>\n<p>&#13;<\/p>\n<p style=\"text-align: justify;\"><span style=\"font-weight: 400;\">Per\u00edodo: 13\/08 a 29\/10 &#8211; ter\u00e7as-feiras &#8211; 18h30 \u00e0s 20h30<\/span><\/p>\n<p>&#13;<\/p>\n<p style=\"text-align: justify;\"><span style=\"font-weight: 400;\">P\u00fablico-Alvo: Interessados na \u00e1rea, com c\u00e2meras fotogr\u00e1ficas a partir de 16 anos<\/span><\/p>\n<p>&#13;<\/p>\n<p style=\"text-align: justify;\"><span style=\"font-weight: 400;\">Eternizar momentos \u00e9 um desafio para os fot\u00f3grafos, e essa oficina vem justamente para expor conceitos e t\u00e9cnicas que facilitem os trabalhos sociais nas diversas vertentes da \u00e1rea: de casamentos \u00e0 anivers\u00e1rios, de eventos empresariais \u00e0 festas familiares, contribuindo diretamente na constru\u00e7\u00e3o de mem\u00f3ria pessoal, familiar ou social.<\/span><\/p>\n<p>&#13;<\/p>\n<p style=\"text-align: justify;\"><span style=\"font-weight: 400;\">Tiago Degaspari \u00e9 formado em Fotografia pela UNIMEP &#8211; Universidade Metodista de Piracicaba. Ex-Docente do curso T\u00e9cnico de Fotografia do SENAC Piracicaba. Vanguardista na fotografia, participou de exposi\u00e7\u00f5es nacionais e internacionais, al\u00e9m de autor de tr\u00eas livros, sendo eles: Passarinhar em Iracem\u00e1polis, BH Nossa Natureza e &#8220;Inspira Cacau&#8221;, lan\u00e7ado em outubro\/22, em S\u00e3o Paulo.<\/span><\/p>\n<p>&#13;<\/p>\n<p style=\"text-align: justify;\">\u00a0<\/p>\n<p>&#13;<\/p>\n<p><span style=\"font-size: 16px; color: #000000;\"><strong>LITERATURA<\/strong><\/span><\/p>\n<p>&#13;<\/p>\n<p style=\"text-align: justify;\"><strong>OFICINA: ESCRITA CRIATIVA PARA CRIAN\u00c7AS: LIBERANDO A IMAGINA\u00c7\u00c3O &#8211; 15 vagas<\/strong><\/p>\n<p>&#13;<\/p>\n<p style=\"text-align: justify;\"><span style=\"font-weight: 400;\">Coordena\u00e7\u00e3o: Denise Aparecida da Silva<\/span><\/p>\n<p>&#13;<\/p>\n<p style=\"text-align: justify;\"><span style=\"font-weight: 400;\">Per\u00edodo: 12\/9 a 28\/11 &#8211; quintas-feiras &#8211; 19h \u00e0s 20h<\/span><\/p>\n<p>&#13;<\/p>\n<p style=\"text-align: justify;\"><span style=\"font-weight: 400;\">P\u00fablico-Alvo: Crian\u00e7as, com idade entre 8 a 12 anos<\/span><\/p>\n<p>&#13;<\/p>\n<p style=\"text-align: justify;\"><span style=\"font-weight: 400;\">A partir da leitura e do debate, sobre as tem\u00e1ticas abordadas nas obras apresentadas e lidas, bem como sobre as estruturas narrativas utilizadas, os participantes ser\u00e3o convidados a exercitarem a sua escrita com base em algum aspecto importante do texto lido, a fim de auxiliar tanto em seu desenvolvimento psicol\u00f3gico como em sua afinidade com a leitura-escrita.<\/span><\/p>\n<p>&#13;<\/p>\n<p style=\"text-align: justify;\"><span style=\"font-weight: 400;\">Denise Aparecida da Silva \u00e9 graduada em Letras e mestra em Lingu\u00edstica Textual pela UNICAMP. \u00c9 idealizadora, professora e revisora de textos no Orienta Reda\u00e7\u00e3o; e escritora, tendo como textos publicados: o romance \u201cToda a \u00e1gua dentro da gente\u201d na Editora Patu\u00e1, o conto \u201cA Bolha\u201d na Revista Contos de Samsara (6\u00aa edi\u00e7\u00e3o) e o poema \u201cA Lua\u201d na Revista Desvario.<\/span><\/p>\n<p>&#13;<br \/>\n&#13;<\/p>\n<p style=\"text-align: justify;\"><strong>MAQUIAGEM\u00a0<\/strong><\/p>\n<p>&#13;<\/p>\n<p style=\"text-align: justify;\"><strong>OFICINA DE MAQUIAGEM ART\u00cdSTICA: ARTE NO ESPELHO &#8211; 15 vagas<\/strong><\/p>\n<p>&#13;<\/p>\n<p style=\"text-align: justify;\"><span style=\"font-weight: 400;\">Coordena\u00e7\u00e3o: Well Baz\u00edlio<\/span><\/p>\n<p>&#13;<\/p>\n<p style=\"text-align: justify;\"><span style=\"font-weight: 400;\">Per\u00edodo: 12\/09 a 28\/11 &#8211; quintas-feiras &#8211; 18h30 \u00e0s 20h30<\/span><\/p>\n<p>&#13;<\/p>\n<p style=\"text-align: justify;\"><span style=\"font-weight: 400;\">P\u00fablico-Alvo: Interessados, a partir de 14 anos<\/span><\/p>\n<p>&#13;<\/p>\n<p style=\"text-align: justify;\"><span style=\"font-weight: 400;\">Oficina destinada para artistas c\u00eanicos ou entusiastas da \u00e1rea da maquiagem, profissionais da est\u00e9tica, proporcionando a estes, uma imers\u00e3o profunda nos conceitos, t\u00e9cnicas e estilos que transformam rostos em verdadeiras telas de express\u00e3o, descobrindo como cada tra\u00e7o, sombra e cor podem contar hist\u00f3rias extraordin\u00e1rias.<\/span><\/p>\n<p>&#13;<\/p>\n<p style=\"text-align: justify;\"><span style=\"font-weight: 400;\">Well Baz\u00edlio \u00e9 Ator, Bailarino, Figurinista e Maquiador, possui forma\u00e7\u00e3o t\u00e9cnica em Artes Dram\u00e1ticas pelo SENAC-SP. Realiza diversos trabalhos nessas \u00e1reas para a Encante-se Personagens V e tamb\u00e9m do Grupo Levitar de Teatro em Limeira. \u00c9 propriet\u00e1rio da empresa Entrelace Ateli\u00ea de Costura e Maquiagem.<\/span><\/p>\n<p>&#13;<\/p>\n<p style=\"text-align: justify;\">\u00a0<\/p>\n<p>&#13;<\/p>\n<p style=\"text-align: justify;\"><strong>M\u00daSICA<\/strong><\/p>\n<p>&#13;<\/p>\n<p style=\"text-align: justify;\"><strong>OFICINA: DESENVOLVENDO RITMOS NO CAJ\u00d3N &#8211; 15 vagas<\/strong><\/p>\n<p>&#13;<\/p>\n<p style=\"text-align: justify;\"><span style=\"font-weight: 400;\">Coordena\u00e7\u00e3o: Marcos Lima<\/span><\/p>\n<p>&#13;<\/p>\n<p style=\"text-align: justify;\"><span style=\"font-weight: 400;\">Per\u00edodo: 19\/08 a 25\/11 &#8211; segundas-feiras &#8211; 19h \u00e0s 20h30<\/span><\/p>\n<p>&#13;<\/p>\n<p style=\"text-align: justify;\"><span style=\"font-weight: 400;\">P\u00fablico-Alvo: Interessados, a partir de 14 anos, com o instrumento proposto<\/span><\/p>\n<p>&#13;<\/p>\n<p style=\"text-align: justify;\"><span style=\"font-weight: 400;\">Esta oficina visa o desenvolvimento r\u00edtmico no instrumento \u201cCaj\u00f3n\u201d. Desenvolver a introdu\u00e7\u00e3o \u00e0 leitura r\u00edtmica em forma de partituras e aplica\u00e7\u00e3o sonora, explorando as possibilidades do instrumento. Aplica\u00e7\u00e3o r\u00edtmica em ritmos brasileiros.<\/span><\/p>\n<p>&#13;<\/p>\n<p style=\"text-align: justify;\"><span style=\"font-weight: 400;\">Marcos Lima \u00e9 m\u00fasico e luthier. \u00c9 oficineiro de instrumentos musicais, com \u00eanfase em reaproveitamento de materiais, no N\u00facleo Nova Vida, em Limeira, desde 2015. Foi professor de Percuss\u00e3o pela Escola Livre de M\u00fasica, de 2004 a 2019. \u00c9 Empreendedor, Luthier dos ASALATOS MALI, comercializado a n\u00edvel nacional. \u00c9 tamb\u00e9m gestor de Arte e Cultura, com especializa\u00e7\u00e3o pela &#8211; UFRGS.\u00a0<\/span><\/p>\n<p>&#13;<\/p>\n<p>\u00a0<\/p>\n<p>&#13;<\/p>\n<p style=\"text-align: center;\"><strong>O F I C I N A S \u00a0 C U L T U R A I S\u00a0 .\u00a0 2024<\/strong><\/p>\n<p>&#13;<\/p>\n<p style=\"text-align: center;\"><strong>PROGRAMA\u00c7\u00c3O EM<\/strong><\/p>\n<p>&#13;<\/p>\n<p style=\"text-align: center;\"><strong>COMEMORA\u00c7\u00c3O A CONSCI\u00caNCIA NEGRA<\/strong><\/p>\n<p>&#13;<\/p>\n<p style=\"text-align: justify;\">\u00a0<\/p>\n<p>&#13;<\/p>\n<p style=\"text-align: justify;\"><strong>CULTURA AFRO BRASILEIRA<\/strong><\/p>\n<p>&#13;<\/p>\n<p style=\"text-align: justify;\"><strong>OFICINA: CULTURA AFRO-BRASILEIRA: \u201cBRASIS, QUEST\u00d5ES RACIAIS &amp; CULTURA POL\u00cdTICA &#8211; 15 vagas<\/strong><\/p>\n<p>&#13;<\/p>\n<p style=\"text-align: justify;\"><span style=\"font-weight: 400;\">Coordena\u00e7\u00e3o: Maur\u00edcio Brugnaro Junior<\/span><\/p>\n<p>&#13;<\/p>\n<p style=\"text-align: justify;\"><span style=\"font-weight: 400;\">Per\u00edodo: 07\/10 a 25\/11 &#8211; segundas-feiras &#8211; 19h \u00e0s 21h<\/span><\/p>\n<p>&#13;<\/p>\n<p style=\"text-align: justify;\"><span style=\"font-weight: 400;\">P\u00fablico-Alvo: Interessados na \u00e1rea, a partir de 14 anos<\/span><\/p>\n<p>&#13;<\/p>\n<p style=\"text-align: justify;\"><span style=\"font-weight: 400;\">Oferecer aos participantes uma base cultural, social e pol\u00edtica s\u00f3lida e cr\u00edtica que colabore para a compreens\u00e3o da realidade contempor\u00e2nea, tornando-os capazes de identificar, interpretar e criticar fen\u00f4menos latentes na realidade brasileira cotidiana. Ao longo da atividade, ser\u00e3o passados os conceitos-chave do vocabul\u00e1rio de estudos sociais, quest\u00f5es hist\u00f3ricas ao redor da na\u00e7\u00e3o, disputas e movimentos sociais e produ\u00e7\u00e3o art\u00edsticas que versam sobre a tem\u00e1tica.<\/span><\/p>\n<p>&#13;<\/p>\n<p style=\"text-align: justify;\"><span style=\"font-weight: 400;\">Maur\u00edcio Brugnaro<\/span> <span style=\"font-weight: 400;\">\u00e9 graduado em Ci\u00eancias Sociais no Instituto de Filosofia e ci\u00eancias Humanas (IFCH) da Universidade Estadual de Campinas (UNICAMP), membro do laborat\u00f3rio de pensamento pol\u00edtico (PEPOL\/Unicamp) e pesquisador-associado do N\u00facleo Pr\u00e1xis de pesquisa, educa\u00e7\u00e3o popular e pol\u00edtica\/Universidade de S\u00e3o Paulo (USP). Publicou artigos em peri\u00f3dicos cient\u00edficos e jornais de relev\u00e2ncia no debate pol\u00edtico.<\/span><\/p>\n<p>&#13;<\/p>\n<p style=\"text-align: justify;\">\u00a0<\/p>\n<p>&#13;<\/p>\n<p style=\"text-align: justify;\"><strong>OFICINA: ARTE DE RUA E AFRICANIDADES &#8211; 15 vagas<\/strong><\/p>\n<p>&#13;<\/p>\n<p style=\"text-align: justify;\"><span style=\"font-weight: 400;\">Coordena\u00e7\u00e3o: Amanda de Castro<\/span><\/p>\n<p>&#13;<\/p>\n<p style=\"text-align: justify;\"><span style=\"font-weight: 400;\">Per\u00edodo: 08\/10 a 26\/11 &#8211; ter\u00e7as-feiras &#8211; 19h00 \u00e0s 21h<\/span><\/p>\n<p>&#13;<\/p>\n<p style=\"text-align: justify;\"><span style=\"font-weight: 400;\">P\u00fablico-Alvo:<\/span> <span style=\"font-weight: 400;\">Interessados na \u00e1rea, a partir de 14 anos<\/span><\/p>\n<p>&#13;<\/p>\n<p style=\"text-align: justify;\"><span style=\"font-weight: 400;\">Atividade com o objetivo de provocar a potencialidade do encontro com a diferen\u00e7a, o contato com a mem\u00f3ria e a ancestralidade negra, por meio da cultura e da arte, possibilitando as express\u00f5es art\u00edsticas e a constru\u00e7\u00e3o de identidade. Ser\u00e3o trabalhados temas e t\u00e9cnicas da arte urbana e da cultura popular, tais como lambe lambe, grafite, escrita criativa e produ\u00e7\u00e3o artesanal.<\/span><\/p>\n<p>&#13;<\/p>\n<p style=\"text-align: justify;\"><span style=\"font-weight: 400;\">Amanda Castro \u00e9 Psic\u00f3loga formada pela FHO Uniararas, atua como educadora social e articuladora cultural no CEDECA. Tem experi\u00eancia com o p\u00fablico de crian\u00e7as, adolescentes e jovens nos temas sobre sa\u00fade mental, cultura e arte urbana. Realiza a Oficina de Bonecas ABAYOMI h\u00e1 7 anos em espa\u00e7os p\u00fablicos, escolas e servi\u00e7os socioassistenciais. Organiza diversos eventos nesta tem\u00e1tica em institui\u00e7\u00f5es e universidades.<\/span><\/p>\n<p>&#13;<\/p>\n<p>\u00a0<\/p>\n<p>&#13;<\/p>\n<p style=\"text-align: center;\"><strong>O F I C I N A S \u00a0 C U L T U R A I S\u00a0 .\u00a0 2024<\/strong><\/p>\n<p>&#13;<\/p>\n<p style=\"text-align: center;\"><strong>PROGRAMA\u00c7\u00c3O EXTERNA<\/strong><\/p>\n<p>&#13;<\/p>\n<p style=\"text-align: justify;\"><strong><br \/><\/strong><strong>M\u00daSICA<\/strong><\/p>\n<p>&#13;<\/p>\n<p style=\"text-align: justify;\"><strong>OFICINA: A FAZENDA R\u00cdTMICA &#8211; 15 vagas<\/strong><\/p>\n<p>&#13;<\/p>\n<p style=\"text-align: justify;\"><span style=\"font-weight: 400;\">Coordena\u00e7\u00e3o: Anderson Fernando<\/span><\/p>\n<p>&#13;<\/p>\n<p style=\"text-align: justify;\"><span style=\"font-weight: 400;\">Per\u00edodo:\u00a0 12\/08 a 18\/11 &#8211; segundas-feiras &#8211; 13h30 \u00e0s 15h00<\/span><\/p>\n<p>&#13;<\/p>\n<p style=\"text-align: justify;\"><span style=\"font-weight: 400;\">P\u00fablico-Alvo: Interessados na \u00e1rea, com idade entre 8 e 12 anos, da <\/span><span style=\"font-weight: 400;\">EMEIEF Limeira.<\/span><\/p>\n<p>&#13;<\/p>\n<p style=\"text-align: justify;\"><span style=\"font-weight: 400;\">Local.: <\/span><span style=\"font-weight: 400;\">Biblioteca Municipal Prof\u00ba Jo\u00e3o de Sousa Ferraz (Anfiteatro) &#8211; Rua Dr. Jos\u00e9 Botelho Veloso S\/N &#8211; Vila S\u00e3o Jo\u00e3o.<\/span><\/p>\n<p>&#13;<\/p>\n<p style=\"text-align: justify;\"><span style=\"font-weight: 400;\">Introduzir as crian\u00e7as no mundo da m\u00fasica atrav\u00e9s da leitura de partitura, utilizando a associa\u00e7\u00e3o dos elementos musicais aos bichos. A oficina promove a busca da estimula\u00e7\u00e3o, a coordena\u00e7\u00e3o motora, a criatividade, o racioc\u00ednio l\u00f3gico e o interesse pela m\u00fasica.<\/span><\/p>\n<p>&#13;<\/p>\n<p style=\"text-align: justify;\"><span style=\"font-weight: 400;\">Anderson Fernando \u00e9 ritimista e baterista pelo conservat\u00f3rio de Tatu\u00ed. Atua como professor, em diversas escolas de m\u00fasica, al\u00e9m de orquestras no estado de S\u00e3o Paulo, como a OFSM e a OSLI. Hoje a maior parte de suas aulas e masterclass \u00e9 sobre r\u00edtmicas e cultura popular brasileira.<\/span><\/p>\n<p>&#13;<\/p>\n<p style=\"text-align: justify;\">\u00a0<\/p>\n<p>&#13;<\/p>\n<p style=\"text-align: justify;\">\u00a0<\/p>\n<p>&#13;<br \/>\n&#13;<br \/>\n&#13;<br \/>\n&#13;<\/p>\n<aside class=\"list-related no-print\">&#13;<br \/>\n        &#13;<br \/>\n&#13;<\/p>\n<article class=\"list-item noticias \">&#13;<br \/>\n                    <a class=\"list-item__img\" href=\"https:\/\/limeira.sp.gov.br\/imprensa\/noticias\/cultura\/oficina-relevos-botanicos-se-inicia-nesta-quinta-13\" tabindex=\"-1\" aria-hidden=\"true\" rel=\"noopener\">&#13;<br \/>\n                        <img data-recalc-dims=\"1\" decoding=\"async\" src=\"https:\/\/i0.wp.com\/ecrie.com.br\/sistema\/conteudos\/imagem\/m_137_0_1_11062024113337.jpeg?w=696&#038;ssl=1\" alt=\"Oficina \u201cRelevos Bot\u00e2nicos\u201d se inicia nesta quinta (13)\"\/>&#13;<br \/>\n                    <\/a>&#13;<br \/>\n&#13;<br \/>\n                &#13;<br \/>\n            <\/article>\n<p>&#13;<\/p>\n<article class=\"list-item noticias \">&#13;<br \/>\n                    <a class=\"list-item__img\" href=\"https:\/\/limeira.sp.gov.br\/imprensa\/noticias\/cultura\/curso-acessibilidade-e-inclusao-social-em-museus-acontece-nesta-quinta-13\" tabindex=\"-1\" aria-hidden=\"true\" rel=\"noopener\">&#13;<br \/>\n                        <img data-recalc-dims=\"1\" decoding=\"async\" src=\"https:\/\/i0.wp.com\/ecrie.com.br\/sistema\/conteudos\/imagem\/m_137_0_1_11062024113121.jpeg?w=696&#038;ssl=1\" alt=\"Curso \u201cAcessibilidade e Inclus\u00e3o Social em Museus\u201d acontece nesta quinta (13)\"\/>&#13;<br \/>\n                    <\/a>&#13;<br \/>\n&#13;<br \/>\n                &#13;<br \/>\n            <\/article>\n<p>&#13;<\/p>\n<article class=\"list-item noticias \">&#13;<br \/>\n                    <a class=\"list-item__img\" href=\"https:\/\/limeira.sp.gov.br\/imprensa\/noticias\/cultura\/saiba-como-doar-livros-a-biblioteca-municipal\" tabindex=\"-1\" aria-hidden=\"true\" rel=\"noopener\">&#13;<br \/>\n                        <img data-recalc-dims=\"1\" decoding=\"async\" src=\"https:\/\/i0.wp.com\/ecrie.com.br\/sistema\/conteudos\/imagem\/m_137_0_1_10062024125643.jpg?w=696&#038;ssl=1\" alt=\"Saiba como doar livros \u00e0 Biblioteca Municipal\"\/>&#13;<br \/>\n                    <\/a>&#13;<br \/>\n&#13;<br \/>\n                &#13;<br \/>\n            <\/article>\n<p>&#13;<br \/>\n    <\/aside>\n<p>&#13;<br \/>\n&#13;\n            <\/p><\/div>\n<p><br \/>\n<br \/><a href=\"https:\/\/limeira.sp.gov.br\/secretaria-de-cultura-oferece-230-vagas-em-oficinas-culturais\" rel=\"noopener\">Informa\u00e7\u00f5es da PML <\/a><\/p>\n","protected":false},"excerpt":{"rendered":"<p>&#13; &#13; &#13; &#13; &#13; &#13; &#13; A Prefeitura de Limeira, por meio da Secretaria de Cultura, abre, no dia 1\u00ba de julho, as inscri\u00e7\u00f5es para as oficinas culturais gratuitas do segundo semestre. S\u00e3o oferecidas 230 vagas nas modalidades de moda, artesanato, dan\u00e7a, fotografia, literatura, maquiagem, arte e m\u00fasica.\u00a0 &#13; As atividades abrangem diversas faixas [&hellip;]<\/p>\n","protected":false},"author":1,"featured_media":8167,"comment_status":"open","ping_status":"open","sticky":false,"template":"","format":"standard","meta":{"_jetpack_newsletter_access":"","_jetpack_dont_email_post_to_subs":false,"_jetpack_newsletter_tier_id":0,"_jetpack_memberships_contains_paywalled_content":false,"_mbp_banners":[],"_jetpack_feature_clip_id":0,"_jetpack_memberships_contains_paid_content":false,"footnotes":"","jetpack_publicize_message":"","jetpack_publicize_feature_enabled":true,"jetpack_social_post_already_shared":true,"jetpack_social_options":{"image_generator_settings":{"template":"highway","default_image_id":0,"font":"","enabled":false},"version":2},"jetpack_post_was_ever_published":false},"categories":[16],"tags":[],"class_list":["post-8166","post","type-post","status-publish","format-standard","has-post-thumbnail","category-local"],"jetpack_publicize_connections":[],"jetpack-related-posts":[],"jetpack_shortlink":"https:\/\/wp.me\/p7Eq1F-27I","jetpack_sharing_enabled":true,"jetpack_featured_media_url":"https:\/\/i0.wp.com\/guialimeira.com.br\/news\/wp-content\/uploads\/2024\/06\/m_137_0_1_11062024143727.jpeg?fit=800%2C928&ssl=1","_links":{"self":[{"href":"https:\/\/guialimeira.com.br\/news\/wp-json\/wp\/v2\/posts\/8166","targetHints":{"allow":["GET"]}}],"collection":[{"href":"https:\/\/guialimeira.com.br\/news\/wp-json\/wp\/v2\/posts"}],"about":[{"href":"https:\/\/guialimeira.com.br\/news\/wp-json\/wp\/v2\/types\/post"}],"author":[{"embeddable":true,"href":"https:\/\/guialimeira.com.br\/news\/wp-json\/wp\/v2\/users\/1"}],"replies":[{"embeddable":true,"href":"https:\/\/guialimeira.com.br\/news\/wp-json\/wp\/v2\/comments?post=8166"}],"version-history":[{"count":0,"href":"https:\/\/guialimeira.com.br\/news\/wp-json\/wp\/v2\/posts\/8166\/revisions"}],"wp:featuredmedia":[{"embeddable":true,"href":"https:\/\/guialimeira.com.br\/news\/wp-json\/wp\/v2\/media\/8167"}],"wp:attachment":[{"href":"https:\/\/guialimeira.com.br\/news\/wp-json\/wp\/v2\/media?parent=8166"}],"wp:term":[{"taxonomy":"category","embeddable":true,"href":"https:\/\/guialimeira.com.br\/news\/wp-json\/wp\/v2\/categories?post=8166"},{"taxonomy":"post_tag","embeddable":true,"href":"https:\/\/guialimeira.com.br\/news\/wp-json\/wp\/v2\/tags?post=8166"}],"curies":[{"name":"wp","href":"https:\/\/api.w.org\/{rel}","templated":true}]}}