{"id":8162,"date":"2024-06-11T18:21:48","date_gmt":"2024-06-11T21:21:48","guid":{"rendered":"https:\/\/guialimeira.com.br\/2024\/06\/11\/prefeito-e-vice-recebem-compositor-limeirense-de-musica-classica-que-se-destaca-no-cenario-europeu\/"},"modified":"2024-06-11T18:21:48","modified_gmt":"2024-06-11T21:21:48","slug":"prefeito-e-vice-recebem-compositor-limeirense-de-musica-classica-que-se-destaca-no-cenario-europeu","status":"publish","type":"post","link":"https:\/\/guialimeira.com.br\/news\/prefeito-e-vice-recebem-compositor-limeirense-de-musica-classica-que-se-destaca-no-cenario-europeu\/","title":{"rendered":"Prefeito e vice recebem\u00a0compositor limeirense de m\u00fasica cl\u00e1ssica que se destaca no cen\u00e1rio europeu"},"content":{"rendered":"<p> <br \/>\n<\/p>\n<div id=\"\">&#13;<br \/>\n                &#13;<br \/>\n&#13;<br \/>\n&#13;<br \/>\n&#13;<br \/>\n    <img data-recalc-dims=\"1\" decoding=\"async\" src=\"https:\/\/i0.wp.com\/ecrie.com.br\/sistema\/conteudos\/imagem\/m_137_0_1_11062024174434.jpg?w=696&#038;ssl=1\" alt=\"Prefeito e vice recebem\u00a0compositor limeirense de m\u00fasica cl\u00e1ssica que se destaca no cen\u00e1rio europeu\"\/>&#13;<br \/>\n&#13;<\/p>\n<p>O prefeito Mario Botion e a vice-prefeita Erika Tank receberam nesta ter\u00e7a-feira (11), na sede da Prefeitura de Limeira, o compositor de m\u00fasica cl\u00e1ssica Rafael Marino Arcaro, de 34 anos, considerado um verdadeiro fen\u00f4meno da m\u00fasica erudita mundial, acompanhado de sua tia e servidora da Secretaria de Educa\u00e7\u00e3o, Carla Maduro. Morando em Berlim, na Alemanha, ele est\u00e1 no Brasil, onde acompanhou o Festival Sesc de M\u00fasica de C\u00e2mara. Rafael \u00e9 limeirense.\u00a0<\/p>\n<p>&#13;<\/p>\n<p>O Festival levou ao p\u00fablico brasileiro uma composi\u00e7\u00e3o de sua autoria, \u201cQuatro noturnos para ninar cigarras op. 24\u201d, interpretada pelo Trio Peckham, formado por Braimah Kanneh-Mason (violino), Hadewych van Gent (violoncelo e voz) e Pl\u00ednio Fernandes (viol\u00e3o). Rafael aproveitou o evento para visitar os familiares, amigos e reviver as lembran\u00e7as de inf\u00e2ncia em sua cidade natal, uma de suas grandes fontes de inspira\u00e7\u00e3o.<\/p>\n<p>&#13;<\/p>\n<p>Rafael conta que come\u00e7ou a tocar viol\u00e3o e guitarra aos 8 anos. Por orienta\u00e7\u00e3o dos pais,\u00a0Armando Campedelli Arcaro e Andr\u00e9a Marino Rodrigues, graduou-se em Cinema, mas a paix\u00e3o pela m\u00fasica falou mais alto. Com ajuda da internet, come\u00e7ou a buscar informa\u00e7\u00f5es sobre m\u00fasica cl\u00e1ssica e a estudar por conta pr\u00f3pria. Em S\u00e3o Paulo, cursou viol\u00e3o cl\u00e1ssico e an\u00e1lise musical. Em 2016, foi escolhido para ingressar no Mestrado em Composi\u00e7\u00e3o na Royal Academy of Music, em\u00a0Londres.\u00a0<\/p>\n<p>&#13;<\/p>\n<p>Mesmo morando em Berlim, faz doutorado no King\u2019s College de Londres, onde morou por oito anos. No ano passado, venceu o concorrid\u00edssimo \u201cConcurso de Encomendas\u201d da Orquestra Sinf\u00f4nica de Londres e o trabalho op. 22, \u201cinven\u00e7\u00e3o em l\u00edngua de crian\u00e7a\u201d ser\u00e1 apresentado na temporada 2024\/2025 no Barbican Centre, em Londres. \u201cEstou come\u00e7ando a dar passos significativos na minha carreira\u201d, disse Rafael.<\/p>\n<p>&#13;<\/p>\n<p>Das mem\u00f3rias de inf\u00e2ncia, ele comentou as idas \u00e0 ch\u00e1cara dos av\u00f3s, onde brincava com os primos, andava de bicicleta e comia frutas no p\u00e9, como acerola e rom\u00e3. \u201cPercebi que minha for\u00e7a \u00e9 exatamente essa viv\u00eancia que as pessoas ligadas \u00e0 m\u00fasica cl\u00e1ssica raramente t\u00eam\u201d, frisou. Paralelamente, ele relatou que o poeta Manoel de Barros \u00e9 sua grande fonte de inspira\u00e7\u00e3o est\u00e9tica. E, tomando como exemplo Heitor Villa-Lobos, o compositor cl\u00e1ssico brasileiro mais conhecido no mundo, Rafael afirmou que deseja projetar nossa m\u00fasica internacionalmente, sem perder sua identidade do interior paulista.<\/p>\n<p>&#13;<\/p>\n<p>Botion agradeceu o encontro com Rafael e falou sobre a satisfa\u00e7\u00e3o em receb\u00ea-lo. \u201cEstamos bastante honrados com sua visita\u201d, afirmou. \u201cOuvir um jovem compositor limeirense dizer que pretende crescer profissionalmente, sem esquecer suas ra\u00edzes, \u00e9 como m\u00fasica para meus ouvidos\u201d, salientou o prefeito.<\/p>\n<p>&#13;<\/p>\n<p>Erika Tank interessou-se em conhecer o processo de cria\u00e7\u00e3o musical de Rafael, que costuma andar com um caderno para anotar suas ideias e mant\u00e9m uma lista de \u00e1udios no celular. A vice-prefeita tamb\u00e9m agradeceu o encontro e desejou sucesso ao compositor. \u201cEsperamos que voc\u00ea seja cada vez mais reconhecido pelo seu talento e pela sua dedica\u00e7\u00e3o \u00e0 m\u00fasica, levando sempre o nome de Limeira e de suas origens\u201d, enfatizou.<\/p>\n<p>&#13;<br \/>\n&#13;<br \/>\n&#13;<br \/>\n&#13;<\/p>\n<aside class=\"list-related no-print\">&#13;<br \/>\n        &#13;<br \/>\n&#13;<\/p>\n<article class=\"list-item noticias \">&#13;<br \/>\n                    <a class=\"list-item__img\" href=\"https:\/\/limeira.sp.gov.br\/imprensa\/noticias\/gabinete-do-prefeito\/proprietarios-de-cadeiras-cativas-no-limeirao-devem-fazer-recadastramento\" tabindex=\"-1\" aria-hidden=\"true\" rel=\"noopener\">&#13;<br \/>\n                        <img data-recalc-dims=\"1\" decoding=\"async\" src=\"https:\/\/i0.wp.com\/ecrie.com.br\/sistema\/conteudos\/imagem\/m_137_0_1_11062024124907.jpg?w=696&#038;ssl=1\" alt=\"Propriet\u00e1rios de cadeiras cativas no Limeir\u00e3o devem fazer recadastramento\"\/>&#13;<br \/>\n                    <\/a>&#13;<br \/>\n&#13;<br \/>\n                &#13;<br \/>\n            <\/article>\n<p>&#13;<\/p>\n<article class=\"list-item noticias \">&#13;<br \/>\n                    <a class=\"list-item__img\" href=\"https:\/\/limeira.sp.gov.br\/imprensa\/noticias\/gabinete-do-prefeito\/servidores-do-dpbea-participam-de-treinamento-e-passam-a-colaborar-com-rede-elza-tank\" tabindex=\"-1\" aria-hidden=\"true\" rel=\"noopener\">&#13;<br \/>\n                        <img data-recalc-dims=\"1\" decoding=\"async\" src=\"https:\/\/i0.wp.com\/ecrie.com.br\/sistema\/conteudos\/imagem\/m_137_0_1_11062024123432.jpg?w=696&#038;ssl=1\" alt=\"Servidores do DPBEA participam de treinamento e passam a colaborar com Rede Elza Tank\"\/>&#13;<br \/>\n                    <\/a>&#13;<br \/>\n&#13;<br \/>\n                &#13;<br \/>\n            <\/article>\n<p>&#13;<\/p>\n<article class=\"list-item noticias \">&#13;<br \/>\n                    <a class=\"list-item__img\" href=\"https:\/\/limeira.sp.gov.br\/imprensa\/noticias\/gabinete-do-prefeito\/construcao-dos-reservatorios-de-agua-na-regiao-do-mercado-modelo-e-finalizada\" tabindex=\"-1\" aria-hidden=\"true\" rel=\"noopener\">&#13;<br \/>\n                        <img data-recalc-dims=\"1\" decoding=\"async\" src=\"https:\/\/i0.wp.com\/ecrie.com.br\/sistema\/conteudos\/imagem\/m_137_0_1_10062024172033.jpg?w=696&#038;ssl=1\" alt=\"Constru\u00e7\u00e3o dos reservat\u00f3rios de \u00e1gua na regi\u00e3o do Mercado Modelo \u00e9 finalizada\"\/>&#13;<br \/>\n                    <\/a>&#13;<br \/>\n&#13;<br \/>\n                &#13;<br \/>\n            <\/article>\n<p>&#13;<br \/>\n    <\/aside>\n<p>&#13;<br \/>\n&#13;\n            <\/p><\/div>\n<p><br \/>\n<br \/><a href=\"https:\/\/limeira.sp.gov.br\/prefeito-e-vice-recebemcompositor-limeirense-de-musica-classica-que-se-destaca-no-cenario-europeu\" rel=\"noopener\">Informa\u00e7\u00f5es da PML <\/a><\/p>\n","protected":false},"excerpt":{"rendered":"<p>&#13; &#13; &#13; &#13; &#13; &#13; &#13; O prefeito Mario Botion e a vice-prefeita Erika Tank receberam nesta ter\u00e7a-feira (11), na sede da Prefeitura de Limeira, o compositor de m\u00fasica cl\u00e1ssica Rafael Marino Arcaro, de 34 anos, considerado um verdadeiro fen\u00f4meno da m\u00fasica erudita mundial, acompanhado de sua tia e servidora da Secretaria de Educa\u00e7\u00e3o, [&hellip;]<\/p>\n","protected":false},"author":1,"featured_media":8163,"comment_status":"open","ping_status":"open","sticky":false,"template":"","format":"standard","meta":{"_jetpack_newsletter_access":"","_jetpack_dont_email_post_to_subs":false,"_jetpack_newsletter_tier_id":0,"_jetpack_memberships_contains_paywalled_content":false,"_mbp_banners":[],"_jetpack_feature_clip_id":0,"_jetpack_memberships_contains_paid_content":false,"footnotes":"","jetpack_publicize_message":"","jetpack_publicize_feature_enabled":true,"jetpack_social_post_already_shared":true,"jetpack_social_options":{"image_generator_settings":{"template":"highway","default_image_id":0,"font":"","enabled":false},"version":2},"jetpack_post_was_ever_published":false},"categories":[16],"tags":[],"class_list":["post-8162","post","type-post","status-publish","format-standard","has-post-thumbnail","category-local"],"jetpack_publicize_connections":[],"jetpack-related-posts":[],"jetpack_shortlink":"https:\/\/wp.me\/p7Eq1F-27E","jetpack_sharing_enabled":true,"jetpack_featured_media_url":"https:\/\/i0.wp.com\/guialimeira.com.br\/news\/wp-content\/uploads\/2024\/06\/m_137_0_1_11062024174434.jpg?fit=1280%2C852&ssl=1","_links":{"self":[{"href":"https:\/\/guialimeira.com.br\/news\/wp-json\/wp\/v2\/posts\/8162","targetHints":{"allow":["GET"]}}],"collection":[{"href":"https:\/\/guialimeira.com.br\/news\/wp-json\/wp\/v2\/posts"}],"about":[{"href":"https:\/\/guialimeira.com.br\/news\/wp-json\/wp\/v2\/types\/post"}],"author":[{"embeddable":true,"href":"https:\/\/guialimeira.com.br\/news\/wp-json\/wp\/v2\/users\/1"}],"replies":[{"embeddable":true,"href":"https:\/\/guialimeira.com.br\/news\/wp-json\/wp\/v2\/comments?post=8162"}],"version-history":[{"count":0,"href":"https:\/\/guialimeira.com.br\/news\/wp-json\/wp\/v2\/posts\/8162\/revisions"}],"wp:featuredmedia":[{"embeddable":true,"href":"https:\/\/guialimeira.com.br\/news\/wp-json\/wp\/v2\/media\/8163"}],"wp:attachment":[{"href":"https:\/\/guialimeira.com.br\/news\/wp-json\/wp\/v2\/media?parent=8162"}],"wp:term":[{"taxonomy":"category","embeddable":true,"href":"https:\/\/guialimeira.com.br\/news\/wp-json\/wp\/v2\/categories?post=8162"},{"taxonomy":"post_tag","embeddable":true,"href":"https:\/\/guialimeira.com.br\/news\/wp-json\/wp\/v2\/tags?post=8162"}],"curies":[{"name":"wp","href":"https:\/\/api.w.org\/{rel}","templated":true}]}}