{"id":8152,"date":"2024-06-11T17:20:57","date_gmt":"2024-06-11T20:20:57","guid":{"rendered":"https:\/\/guialimeira.com.br\/2024\/06\/11\/alunos-visitam-casa-ecologica-e-aprendem-sobre-sustentabilidade-e-preservacao-ambiental\/"},"modified":"2024-06-11T17:20:57","modified_gmt":"2024-06-11T20:20:57","slug":"alunos-visitam-casa-ecologica-e-aprendem-sobre-sustentabilidade-e-preservacao-ambiental","status":"publish","type":"post","link":"https:\/\/guialimeira.com.br\/news\/alunos-visitam-casa-ecologica-e-aprendem-sobre-sustentabilidade-e-preservacao-ambiental\/","title":{"rendered":"Alunos visitam Casa Ecol\u00f3gica e aprendem sobre sustentabilidade e preserva\u00e7\u00e3o ambiental"},"content":{"rendered":"<p> <br \/>\n<\/p>\n<div>\n            <main class=\"\">&#13;<br \/>\n                &#13;<br \/>\n&#13;<br \/>\n&#13;<br \/>\n&#13;<br \/>\n    <img data-recalc-dims=\"1\" decoding=\"async\" src=\"https:\/\/i0.wp.com\/ecrie.com.br\/sistema\/conteudos\/imagem\/m_137_0_4_11062024165130.jpeg?w=696&#038;ssl=1\" alt=\"Alunos visitam Casa Ecol\u00f3gica e aprendem sobre sustentabilidade e preserva\u00e7\u00e3o ambiental\"\/>&#13;<br \/>\n&#13;<\/p>\n<p style=\"text-align: justify;\" align=\"justify\">Os alunos da Escola de Educa\u00e7\u00e3o Infantil \u201cMeu Cantinho\u201d visitaram, nesta segunda-feira (10), a Casa Ecol\u00f3gica do Horto Florestal de Limeira. Na atividade, promovida pela Secretaria de Meio Ambiente e Agricultura, foram abordados temas como sustentabilidade, reciclagem, import\u00e2ncia da arboriza\u00e7\u00e3o e a conserva\u00e7\u00e3o, preserva\u00e7\u00e3o e uso racional da \u00e1gua. A a\u00e7\u00e3o integra a programa\u00e7\u00e3o do M\u00eas do Meio Ambiente 2024.<\/p>\n<p>&#13;<\/p>\n<p style=\"text-align: justify;\" align=\"justify\">Al\u00e9m da visita monitorada, os estudantes tamb\u00e9m ouviram uma conta\u00e7\u00e3o de hist\u00f3ria sobre os problemas gerados pelos res\u00edduos s\u00f3lidos quando despejados inadequadamente no ambiente e alcan\u00e7am os recursos h\u00eddricos. \u201cA conscientiza\u00e7\u00e3o de crian\u00e7as, jovens e adultos para os problemas gerados pelo descarte irregular de res\u00edduos visa garantir que esta e as futuras gera\u00e7\u00f5es possam conviver de modo equilibrado com o ambiente\u201d, destaca o secret\u00e1rio Reinaldo Buck Belussi.<\/p>\n<p>&#13;<\/p>\n<p style=\"text-align: justify;\" align=\"justify\"><strong>PROGRAMA\u00c7\u00c3O<\/strong><\/p>\n<p>&#13;<\/p>\n<p style=\"text-align: justify;\" align=\"justify\">O M\u00eas Municipal de Conscientiza\u00e7\u00e3o e Preserva\u00e7\u00e3o do Meio Ambiente traz diversas atividades para crian\u00e7as, jovens e adultos, como curso de poda urbana, doa\u00e7\u00e3o de mudas de \u00e1rvores nativas, visitas monitoradas, trilhas ecol\u00f3gicas, palestra, oficina de compostagem e blitz orientativa visando o descarte irregular de res\u00edduos s\u00f3lidos nas vias do munic\u00edpio.<\/p>\n<p>&#13;<\/p>\n<p style=\"text-align: justify;\" align=\"justify\">A programa\u00e7\u00e3o completa pode ser acessada no site da prefeitura (www.limeira.sp.gov.br\/mesdomeioambiente).<\/p>\n<p>&#13;<br \/>\n&#13;<br \/>\n    &#13;<br \/>\n    &#13;<br \/>\n&#13;<br \/>\n&#13;<\/p>\n<aside class=\"list-related no-print\">&#13;<br \/>\n        &#13;<br \/>\n&#13;<\/p>\n<article class=\"list-item noticias \">&#13;<br \/>\n                    <a class=\"list-item__img\" href=\"https:\/\/limeira.sp.gov.br\/imprensa\/noticias\/meio-ambiente-e-agricultura\/servidores-do-dpbea-participam-de-treinamento-e-passam-a-colaborar-com-rede-elza-tank\" tabindex=\"-1\" aria-hidden=\"true\" rel=\"noopener\">&#13;<br \/>\n                        <img data-recalc-dims=\"1\" decoding=\"async\" src=\"https:\/\/i0.wp.com\/ecrie.com.br\/sistema\/conteudos\/imagem\/m_137_0_1_11062024123432.jpg?w=696&#038;ssl=1\" alt=\"Servidores do DPBEA participam de treinamento e passam a colaborar com Rede Elza Tank\"\/>&#13;<br \/>\n                    <\/a>&#13;<br \/>\n&#13;<br \/>\n                &#13;<br \/>\n            <\/article>\n<p>&#13;<\/p>\n<article class=\"list-item noticias \">&#13;<br \/>\n                    <a class=\"list-item__img\" href=\"https:\/\/limeira.sp.gov.br\/imprensa\/noticias\/meio-ambiente-e-agricultura\/caes-e-gatos-poderao-ser-adotados-no-prefeito-no-bairro-deste-sabado-8\" tabindex=\"-1\" aria-hidden=\"true\" rel=\"noopener\">&#13;<br \/>\n                        <img data-recalc-dims=\"1\" decoding=\"async\" src=\"https:\/\/i0.wp.com\/ecrie.com.br\/sistema\/conteudos\/imagem\/m_137_0_1_07062024153735.jpg?w=696&#038;ssl=1\" alt=\"C\u00e3es e gatos poder\u00e3o ser adotados no Prefeito no Bairro deste s\u00e1bado (8)\"\/>&#13;<br \/>\n                    <\/a>&#13;<br \/>\n&#13;<br \/>\n                &#13;<br \/>\n            <\/article>\n<p>&#13;<\/p>\n<article class=\"list-item noticias \">&#13;<br \/>\n                    <a class=\"list-item__img\" href=\"https:\/\/limeira.sp.gov.br\/imprensa\/noticias\/meio-ambiente-e-agricultura\/trilha-das-sementes-e-destaque-na-abertura-do-mes-do-meio-ambiente\" tabindex=\"-1\" aria-hidden=\"true\" rel=\"noopener\">&#13;<br \/>\n                        <img data-recalc-dims=\"1\" decoding=\"async\" src=\"https:\/\/i0.wp.com\/ecrie.com.br\/sistema\/conteudos\/imagem\/m_137_0_1_04062024161327.jpeg?w=696&#038;ssl=1\" alt=\"Trilha das Sementes \u00e9 destaque na abertura do M\u00eas do Meio Ambiente\"\/>&#13;<br \/>\n                    <\/a>&#13;<br \/>\n&#13;<br \/>\n                &#13;<br \/>\n            <\/article>\n<p>&#13;<br \/>\n    <\/aside>\n<p>&#13;<br \/>\n&#13;<br \/>\n            <\/main><\/p><\/div>\n<p><br \/>\n<br \/><a href=\"https:\/\/limeira.sp.gov.br\/alunos-visitam-casa-ecologica-e-aprendem-sobre-sustentabilidade-e-preservacao-ambiental\" rel=\"noopener\">Informa\u00e7\u00f5es da PML <\/a><\/p>\n","protected":false},"excerpt":{"rendered":"<p>&#13; &#13; &#13; &#13; &#13; &#13; &#13; Os alunos da Escola de Educa\u00e7\u00e3o Infantil \u201cMeu Cantinho\u201d visitaram, nesta segunda-feira (10), a Casa Ecol\u00f3gica do Horto Florestal de Limeira. Na atividade, promovida pela Secretaria de Meio Ambiente e Agricultura, foram abordados temas como sustentabilidade, reciclagem, import\u00e2ncia da arboriza\u00e7\u00e3o e a conserva\u00e7\u00e3o, preserva\u00e7\u00e3o e uso racional da [&hellip;]<\/p>\n","protected":false},"author":1,"featured_media":8153,"comment_status":"open","ping_status":"open","sticky":false,"template":"","format":"standard","meta":{"_jetpack_newsletter_access":"","_jetpack_dont_email_post_to_subs":false,"_jetpack_newsletter_tier_id":0,"_jetpack_memberships_contains_paywalled_content":false,"_mbp_banners":[],"_jetpack_feature_clip_id":0,"_jetpack_memberships_contains_paid_content":false,"footnotes":"","jetpack_publicize_message":"","jetpack_publicize_feature_enabled":true,"jetpack_social_post_already_shared":true,"jetpack_social_options":{"image_generator_settings":{"template":"highway","default_image_id":0,"font":"","enabled":false},"version":2},"jetpack_post_was_ever_published":false},"categories":[16],"tags":[],"class_list":["post-8152","post","type-post","status-publish","format-standard","has-post-thumbnail","category-local"],"jetpack_publicize_connections":[],"jetpack-related-posts":[],"jetpack_shortlink":"https:\/\/wp.me\/p7Eq1F-27u","jetpack_sharing_enabled":true,"jetpack_featured_media_url":"https:\/\/i0.wp.com\/guialimeira.com.br\/news\/wp-content\/uploads\/2024\/06\/m_137_0_4_11062024165130.jpeg?fit=1280%2C852&ssl=1","_links":{"self":[{"href":"https:\/\/guialimeira.com.br\/news\/wp-json\/wp\/v2\/posts\/8152","targetHints":{"allow":["GET"]}}],"collection":[{"href":"https:\/\/guialimeira.com.br\/news\/wp-json\/wp\/v2\/posts"}],"about":[{"href":"https:\/\/guialimeira.com.br\/news\/wp-json\/wp\/v2\/types\/post"}],"author":[{"embeddable":true,"href":"https:\/\/guialimeira.com.br\/news\/wp-json\/wp\/v2\/users\/1"}],"replies":[{"embeddable":true,"href":"https:\/\/guialimeira.com.br\/news\/wp-json\/wp\/v2\/comments?post=8152"}],"version-history":[{"count":0,"href":"https:\/\/guialimeira.com.br\/news\/wp-json\/wp\/v2\/posts\/8152\/revisions"}],"wp:featuredmedia":[{"embeddable":true,"href":"https:\/\/guialimeira.com.br\/news\/wp-json\/wp\/v2\/media\/8153"}],"wp:attachment":[{"href":"https:\/\/guialimeira.com.br\/news\/wp-json\/wp\/v2\/media?parent=8152"}],"wp:term":[{"taxonomy":"category","embeddable":true,"href":"https:\/\/guialimeira.com.br\/news\/wp-json\/wp\/v2\/categories?post=8152"},{"taxonomy":"post_tag","embeddable":true,"href":"https:\/\/guialimeira.com.br\/news\/wp-json\/wp\/v2\/tags?post=8152"}],"curies":[{"name":"wp","href":"https:\/\/api.w.org\/{rel}","templated":true}]}}