{"id":8143,"date":"2024-06-11T16:19:51","date_gmt":"2024-06-11T19:19:51","guid":{"rendered":"https:\/\/guialimeira.com.br\/2024\/06\/11\/curso-acessibilidade-e-inclusao-social-em-museus-acontece-nesta-quinta-13\/"},"modified":"2024-06-11T16:19:51","modified_gmt":"2024-06-11T19:19:51","slug":"curso-acessibilidade-e-inclusao-social-em-museus-acontece-nesta-quinta-13","status":"publish","type":"post","link":"https:\/\/guialimeira.com.br\/news\/curso-acessibilidade-e-inclusao-social-em-museus-acontece-nesta-quinta-13\/","title":{"rendered":"Curso \u201cAcessibilidade e Inclus\u00e3o Social em Museus\u201d acontece nesta quinta (13)"},"content":{"rendered":"<p> <br \/>\n<\/p>\n<div>\n            <main class=\"\">&#13;<br \/>\n                &#13;<br \/>\n&#13;<br \/>\n&#13;<br \/>\n&#13;<br \/>\n    <img data-recalc-dims=\"1\" decoding=\"async\" src=\"https:\/\/i0.wp.com\/ecrie.com.br\/sistema\/conteudos\/imagem\/m_137_0_1_11062024113121.jpeg?w=696&#038;ssl=1\" alt=\"Curso \u201cAcessibilidade e Inclus\u00e3o Social em Museus\u201d acontece nesta quinta (13)\"\/>&#13;<br \/>\n&#13;<\/p>\n<p dir=\"ltr\" style=\"text-align: justify;\">Nesta quinta-feira (13), acontece o curso \u201cAcessibilidade e Inclus\u00e3o Social em Museus\u201d, no Museu Major Jos\u00e9 Levy Sobrinho, das 14h \u00e0s 17h. A atividade \u00e9 ministrada por Evelyn Ariane Lauro, voltada para interessados a partir de 18 anos. A realiza\u00e7\u00e3o \u00e9 do Sistema Estadual de Museus (SISEM-SP), Casa das Rosas e Prefeitura de Limeira, por meio da Secretaria de Cultura.<\/p>\n<p>&#13;<\/p>\n<p dir=\"ltr\" style=\"text-align: justify;\">O curso pretende refletir sobre a acessibilidade universal, propondo um debate sobre inclus\u00e3o e participa\u00e7\u00e3o social no campo museol\u00f3gico, com recortes para a experi\u00eancia no Museu da L\u00edngua Portuguesa. Ser\u00e3o discutidos os processos de renova\u00e7\u00e3o do papel dos museus no s\u00e9culo XXI a partir das demandas sociais que v\u00eam tensionando as institui\u00e7\u00f5es, em contraposi\u00e7\u00e3o \u00e0 contextos pol\u00edticos adversos. Nesse sentido, ser\u00e3o apresentadas as formas como o MLP se prop\u00f4s a visibilizar, valorizar e positivar as mem\u00f3rias das pessoas trans em sua nova fase de opera\u00e7\u00e3o.<\/p>\n<p>&#13;<\/p>\n<p dir=\"ltr\" style=\"text-align: justify;\">Os interessados devem se inscrever pelo telefone 3442-1707 ou pelo e-mail\u00a0<a href=\"http:\/\/limeira.sp.gov.br\/cdn-cgi\/l\/email-protection#5f3e383a313b3e323a312b3071322a2c3a2a1f3336323a362d3e712c2f71383029713d2d\" target=\"_blank\" rel=\"noopener noreferrer\">agendamento.museu@<wbr\/>limeira.sp.gov.br<\/a>.\u00a0O\u00a0Museu\u00a0<wbr\/>fica na Rua Boa Morte, 471, Centro.<\/p>\n<p>&#13;<\/p>\n<p dir=\"ltr\" style=\"text-align: justify;\">\u00a0<\/p>\n<p>&#13;<\/p>\n<p dir=\"ltr\" style=\"text-align: justify;\"><strong>SOBRE A PALESTRANTE<\/strong><\/p>\n<p>&#13;<\/p>\n<p dir=\"ltr\" style=\"text-align: justify;\">Evelyn Ariane Lauro \u00e9 T\u00e9cnica em Museologia (ETC-SP), bacharel em Turismo (FAENAC) e Hist\u00f3ria (UNIFESP), especialista em Direitos Humanos (UFABC) e mestra em Estudos Culturais (USP). Atua na museologia desde 2006, passando pelas \u00e1reas de educa\u00e7\u00e3o, pesquisa, documenta\u00e7\u00e3o e produ\u00e7\u00e3o de exposi\u00e7\u00f5es. Hoje \u00e9 articuladora social no Museu da L\u00edngua Portuguesa \u2013 \u00e1rea dedicada \u00e0 inclus\u00e3o e acesso e \u00e0 cria\u00e7\u00e3o de v\u00ednculos entre a institui\u00e7\u00e3o e o territ\u00f3rio onde est\u00e1 inserida. Em paralelo, atuou em movimentos sociais relacionados aos direitos humanos nos campos da educa\u00e7\u00e3o popular, dos direitos LGBTQI+ e da redu\u00e7\u00e3o de danos quanto ao uso abusivo de \u00e1lcool e outras drogas.<\/p>\n<p>&#13;<br \/>\n&#13;<br \/>\n&#13;<br \/>\n&#13;<\/p>\n<aside class=\"list-related no-print\">&#13;<br \/>\n        &#13;<br \/>\n&#13;<\/p>\n<article class=\"list-item noticias \">&#13;<br \/>\n                    <a class=\"list-item__img\" href=\"https:\/\/limeira.sp.gov.br\/imprensa\/noticias\/cultura\/secretaria-de-cultura-oferece-230-vagas-em-oficinas-culturais\" tabindex=\"-1\" aria-hidden=\"true\" rel=\"noopener\">&#13;<br \/>\n                        <img data-recalc-dims=\"1\" decoding=\"async\" src=\"https:\/\/i0.wp.com\/ecrie.com.br\/sistema\/conteudos\/imagem\/m_137_0_1_11062024143727.jpeg?w=696&#038;ssl=1\" alt=\"Secretaria de Cultura oferece 230 vagas em oficinas culturais\"\/>&#13;<br \/>\n                    <\/a>&#13;<br \/>\n&#13;<br \/>\n                &#13;<br \/>\n            <\/article>\n<p>&#13;<\/p>\n<article class=\"list-item noticias \">&#13;<br \/>\n                    <a class=\"list-item__img\" href=\"https:\/\/limeira.sp.gov.br\/imprensa\/noticias\/cultura\/oficina-relevos-botanicos-se-inicia-nesta-quinta-13\" tabindex=\"-1\" aria-hidden=\"true\" rel=\"noopener\">&#13;<br \/>\n                        <img data-recalc-dims=\"1\" decoding=\"async\" src=\"https:\/\/i0.wp.com\/ecrie.com.br\/sistema\/conteudos\/imagem\/m_137_0_1_11062024113337.jpeg?w=696&#038;ssl=1\" alt=\"Oficina \u201cRelevos Bot\u00e2nicos\u201d se inicia nesta quinta (13)\"\/>&#13;<br \/>\n                    <\/a>&#13;<br \/>\n&#13;<br \/>\n                &#13;<br \/>\n            <\/article>\n<p>&#13;<\/p>\n<article class=\"list-item noticias \">&#13;<br \/>\n                    <a class=\"list-item__img\" href=\"https:\/\/limeira.sp.gov.br\/imprensa\/noticias\/cultura\/saiba-como-doar-livros-a-biblioteca-municipal\" tabindex=\"-1\" aria-hidden=\"true\" rel=\"noopener\">&#13;<br \/>\n                        <img data-recalc-dims=\"1\" decoding=\"async\" src=\"https:\/\/i0.wp.com\/ecrie.com.br\/sistema\/conteudos\/imagem\/m_137_0_1_10062024125643.jpg?w=696&#038;ssl=1\" alt=\"Saiba como doar livros \u00e0 Biblioteca Municipal\"\/>&#13;<br \/>\n                    <\/a>&#13;<br \/>\n&#13;<br \/>\n                &#13;<br \/>\n            <\/article>\n<p>&#13;<br \/>\n    <\/aside>\n<p>&#13;<br \/>\n&#13;<br \/>\n            <\/main><\/p><\/div>\n<p><br \/>\n<br \/><a href=\"https:\/\/limeira.sp.gov.br\/curso-acessibilidade-e-inclusao-social-em-museus-acontece-nesta-quinta-13\" rel=\"noopener\">Informa\u00e7\u00f5es da PML <\/a><\/p>\n","protected":false},"excerpt":{"rendered":"<p>&#13; &#13; &#13; &#13; &#13; &#13; &#13; Nesta quinta-feira (13), acontece o curso \u201cAcessibilidade e Inclus\u00e3o Social em Museus\u201d, no Museu Major Jos\u00e9 Levy Sobrinho, das 14h \u00e0s 17h. A atividade \u00e9 ministrada por Evelyn Ariane Lauro, voltada para interessados a partir de 18 anos. A realiza\u00e7\u00e3o \u00e9 do Sistema Estadual de Museus (SISEM-SP), Casa [&hellip;]<\/p>\n","protected":false},"author":1,"featured_media":8144,"comment_status":"open","ping_status":"open","sticky":false,"template":"","format":"standard","meta":{"_jetpack_newsletter_access":"","_jetpack_dont_email_post_to_subs":false,"_jetpack_newsletter_tier_id":0,"_jetpack_memberships_contains_paywalled_content":false,"_mbp_banners":[],"_jetpack_feature_clip_id":0,"_jetpack_memberships_contains_paid_content":false,"footnotes":"","jetpack_publicize_message":"","jetpack_publicize_feature_enabled":true,"jetpack_social_post_already_shared":true,"jetpack_social_options":{"image_generator_settings":{"template":"highway","default_image_id":0,"font":"","enabled":false},"version":2},"jetpack_post_was_ever_published":false},"categories":[16],"tags":[],"class_list":["post-8143","post","type-post","status-publish","format-standard","has-post-thumbnail","category-local"],"jetpack_publicize_connections":[],"jetpack-related-posts":[],"jetpack_shortlink":"https:\/\/wp.me\/p7Eq1F-27l","jetpack_sharing_enabled":true,"jetpack_featured_media_url":"https:\/\/i0.wp.com\/guialimeira.com.br\/news\/wp-content\/uploads\/2024\/06\/m_137_0_1_11062024113121.jpeg?fit=900%2C900&ssl=1","_links":{"self":[{"href":"https:\/\/guialimeira.com.br\/news\/wp-json\/wp\/v2\/posts\/8143","targetHints":{"allow":["GET"]}}],"collection":[{"href":"https:\/\/guialimeira.com.br\/news\/wp-json\/wp\/v2\/posts"}],"about":[{"href":"https:\/\/guialimeira.com.br\/news\/wp-json\/wp\/v2\/types\/post"}],"author":[{"embeddable":true,"href":"https:\/\/guialimeira.com.br\/news\/wp-json\/wp\/v2\/users\/1"}],"replies":[{"embeddable":true,"href":"https:\/\/guialimeira.com.br\/news\/wp-json\/wp\/v2\/comments?post=8143"}],"version-history":[{"count":0,"href":"https:\/\/guialimeira.com.br\/news\/wp-json\/wp\/v2\/posts\/8143\/revisions"}],"wp:featuredmedia":[{"embeddable":true,"href":"https:\/\/guialimeira.com.br\/news\/wp-json\/wp\/v2\/media\/8144"}],"wp:attachment":[{"href":"https:\/\/guialimeira.com.br\/news\/wp-json\/wp\/v2\/media?parent=8143"}],"wp:term":[{"taxonomy":"category","embeddable":true,"href":"https:\/\/guialimeira.com.br\/news\/wp-json\/wp\/v2\/categories?post=8143"},{"taxonomy":"post_tag","embeddable":true,"href":"https:\/\/guialimeira.com.br\/news\/wp-json\/wp\/v2\/tags?post=8143"}],"curies":[{"name":"wp","href":"https:\/\/api.w.org\/{rel}","templated":true}]}}