{"id":8134,"date":"2024-06-11T15:51:47","date_gmt":"2024-06-11T18:51:47","guid":{"rendered":"https:\/\/guialimeira.com.br\/2024\/06\/11\/governo-do-rio-decreta-fim-da-epidemia-de-dengue\/"},"modified":"2024-06-11T15:51:47","modified_gmt":"2024-06-11T18:51:47","slug":"governo-do-rio-decreta-fim-da-epidemia-de-dengue","status":"publish","type":"post","link":"https:\/\/guialimeira.com.br\/news\/governo-do-rio-decreta-fim-da-epidemia-de-dengue\/","title":{"rendered":"Governo do Rio decreta fim da epidemia de dengue"},"content":{"rendered":"<p> <br \/>\n<\/p>\n<div>\n<p>O governo do Rio de Janeiro decretou, nesta ter\u00e7a-feira (11), o fim da epidemia de dengue no estado. A decis\u00e3o &#8211; publicada no Di\u00e1rio Oficial do estado &#8211; \u00e9 baseada em an\u00e1lises t\u00e9cnicas do Centro de Intelig\u00eancia em Sa\u00fade (CIS), da Secretaria de Sa\u00fade.<img data-recalc-dims=\"1\" decoding=\"async\" src=\"https:\/\/i0.wp.com\/agenciabrasil.ebc.com.br\/ebc.png?w=696&#038;ssl=1\" style=\"width:1px; height:1px; display:inline;\"\/><img data-recalc-dims=\"1\" decoding=\"async\" src=\"https:\/\/i0.wp.com\/agenciabrasil.ebc.com.br\/ebc.gif?w=696&#038;ssl=1\" style=\"width:1px; height:1px; display:inline;\"\/><\/p>\n<p>Segundo o monitoramento, o n\u00famero de casos est\u00e1 em queda em todas as regi\u00f5es fluminenses por mais de quatro semanas consecutivas, atingindo o n\u00edvel 1 do Plano de Conting\u00eancia Estadual Contra a Dengue.<\/p>\n<p>A epidemia havia sido decretada no estado do Rio em fevereiro, quando foram registrados mais de 91 mil casos prov\u00e1veis da doen\u00e7a e tamb\u00e9m com maior n\u00famero em uma s\u00f3 semana.<\/p>\n<p>Entre 18 e 24 de fevereiro, o estado registrou 27 mil v\u00edtimas. Em mar\u00e7o, foram notificados 85 mil casos, n\u00famero que caiu para 42 mil em abril. Em maio, o recuo foi ainda mais acentuado &#8211; 18 mil registros &#8211; n\u00famero 57% menor que o do m\u00eas anterior.<\/p>\n<p>\u201cOs \u00edndices atuais s\u00e3o os mais baixos desde o in\u00edcio da epidemia de dengue em todas as regi\u00f5es do nosso estado, o que nos deu tranquilidade para reavaliar a medida. Apesar disso, os cuidados devem continuar, com a popula\u00e7\u00e3o mantendo a checagem semanal em suas casas para evitar a prolifera\u00e7\u00e3o do mosquito <em>Aedes Aegypti<\/em>\u201d, disse a secret\u00e1ria de Sa\u00fade, Claudia Mello.<\/p>\n<h2>N\u00fameros da doen\u00e7a<\/h2>\n<p>Na \u00faltima semana epidemiol\u00f3gica avaliada pelos t\u00e9cnicos da secretaria, equivalente ao per\u00edodo entre 26 de maio e 1\u00ba de junho, houve 1.467 casos prov\u00e1veis de dengue. Desde janeiro deste ano at\u00e9 10 de junho, foram anotadas 268.947 mil v\u00edtimas e 178 mortes pela doen\u00e7a.<\/p>\n<p>O governo do Rio destinou 160 leitos de nove unidades de refer\u00eancia da rede para o tratamento da doen\u00e7a e lan\u00e7ou uma ferramenta <em>online<\/em> para auxiliar m\u00e9dicos no diagn\u00f3stico e estabelecer condutas de tratamento. Criou-se o Observat\u00f3rio da Dengue &#8211; plataforma virtual que permite acompanhar dados e medidas de suporte aos munic\u00edpios fluminenses, al\u00e9m da instala\u00e7\u00e3o do Comit\u00ea de Opera\u00e7\u00f5es Emergenciais para a dengue, o que acelerou e aprimorou as respostas \u00e0 epidemia.<\/p>\n<\/p><\/div>\n<p><br \/>\n<br \/><a href=\"https:\/\/agenciabrasil.ebc.com.br\/saude\/noticia\/2024-06\/governo-do-rio-decreta-fim-da-epidemia-de-dengue-no-estado\" rel=\"noopener\">Ag\u00eancia Brasil <\/a><\/p>\n","protected":false},"excerpt":{"rendered":"<p>O governo do Rio de Janeiro decretou, nesta ter\u00e7a-feira (11), o fim da epidemia de dengue no estado. A decis\u00e3o &#8211; publicada no Di\u00e1rio Oficial do estado &#8211; \u00e9 baseada em an\u00e1lises t\u00e9cnicas do Centro de Intelig\u00eancia em Sa\u00fade (CIS), da Secretaria de Sa\u00fade. Segundo o monitoramento, o n\u00famero de casos est\u00e1 em queda em [&hellip;]<\/p>\n","protected":false},"author":1,"featured_media":3095,"comment_status":"open","ping_status":"open","sticky":false,"template":"","format":"standard","meta":{"_jetpack_newsletter_access":"","_jetpack_dont_email_post_to_subs":false,"_jetpack_newsletter_tier_id":0,"_jetpack_memberships_contains_paywalled_content":false,"_mbp_banners":[],"_jetpack_feature_clip_id":0,"_jetpack_memberships_contains_paid_content":false,"footnotes":"","jetpack_publicize_message":"","jetpack_publicize_feature_enabled":true,"jetpack_social_post_already_shared":true,"jetpack_social_options":{"image_generator_settings":{"template":"highway","default_image_id":0,"font":"","enabled":false},"version":2},"jetpack_post_was_ever_published":false},"categories":[15],"tags":[],"class_list":["post-8134","post","type-post","status-publish","format-standard","has-post-thumbnail","category-saude"],"jetpack_publicize_connections":[],"jetpack-related-posts":[],"jetpack_shortlink":"https:\/\/wp.me\/p7Eq1F-27c","jetpack_sharing_enabled":true,"jetpack_featured_media_url":"https:\/\/i0.wp.com\/guialimeira.com.br\/news\/wp-content\/uploads\/2024\/04\/mosquito-1548947.jpg?fit=1600%2C800&ssl=1","_links":{"self":[{"href":"https:\/\/guialimeira.com.br\/news\/wp-json\/wp\/v2\/posts\/8134","targetHints":{"allow":["GET"]}}],"collection":[{"href":"https:\/\/guialimeira.com.br\/news\/wp-json\/wp\/v2\/posts"}],"about":[{"href":"https:\/\/guialimeira.com.br\/news\/wp-json\/wp\/v2\/types\/post"}],"author":[{"embeddable":true,"href":"https:\/\/guialimeira.com.br\/news\/wp-json\/wp\/v2\/users\/1"}],"replies":[{"embeddable":true,"href":"https:\/\/guialimeira.com.br\/news\/wp-json\/wp\/v2\/comments?post=8134"}],"version-history":[{"count":0,"href":"https:\/\/guialimeira.com.br\/news\/wp-json\/wp\/v2\/posts\/8134\/revisions"}],"wp:featuredmedia":[{"embeddable":true,"href":"https:\/\/guialimeira.com.br\/news\/wp-json\/wp\/v2\/media\/3095"}],"wp:attachment":[{"href":"https:\/\/guialimeira.com.br\/news\/wp-json\/wp\/v2\/media?parent=8134"}],"wp:term":[{"taxonomy":"category","embeddable":true,"href":"https:\/\/guialimeira.com.br\/news\/wp-json\/wp\/v2\/categories?post=8134"},{"taxonomy":"post_tag","embeddable":true,"href":"https:\/\/guialimeira.com.br\/news\/wp-json\/wp\/v2\/tags?post=8134"}],"curies":[{"name":"wp","href":"https:\/\/api.w.org\/{rel}","templated":true}]}}