{"id":8133,"date":"2024-06-11T15:18:51","date_gmt":"2024-06-11T18:18:51","guid":{"rendered":"https:\/\/guialimeira.com.br\/2024\/06\/11\/fundo-social-realiza-drive-thru-na-vila-labak\/"},"modified":"2024-06-11T15:18:51","modified_gmt":"2024-06-11T18:18:51","slug":"fundo-social-realiza-drive-thru-na-vila-labak","status":"publish","type":"post","link":"https:\/\/guialimeira.com.br\/news\/fundo-social-realiza-drive-thru-na-vila-labak\/","title":{"rendered":"Fundo Social realiza drive-thru na Vila Labak"},"content":{"rendered":"<p> <br \/>\n<\/p>\n<div>\n            <main class=\"\">&#13;<br \/>\n                &#13;<br \/>\n&#13;<br \/>\n&#13;<br \/>\n&#13;<br \/>\n    <img data-recalc-dims=\"1\" decoding=\"async\" src=\"https:\/\/i0.wp.com\/ecrie.com.br\/sistema\/conteudos\/imagem\/m_137_0_1_21052024170347.jpg?w=696&#038;ssl=1\" alt=\"Fundo Social realiza drive-thru na Vila Labak\"\/>&#13;<br \/>\n&#13;<\/p>\n<p style=\"text-align: justify;\">O Fundo Social de Limeira realiza amanh\u00e3 (12), das 8h \u00e0s 15h, em frente \u00e0 Padaria Futura, na Rua General Rondon, 2059 &#8211; Vila Labak, o drive-thru da Campanha do Agasalho. A popula\u00e7\u00e3o pode doar agasalhos, roupas, cobertores e sapatos em boas condi\u00e7\u00f5es de uso. A campanha segue at\u00e9 o dia 10 de julho.<\/p>\n<p>&#13;<\/p>\n<p style=\"text-align: justify;\">PET<\/p>\n<p>&#13;<\/p>\n<p style=\"text-align: justify;\">A Campanha do Agasalho Pet tamb\u00e9m segue com as arrecada\u00e7\u00f5es. Al\u00e9m de roupas, cobertores e ra\u00e7\u00e3o, podem ser doadas guias e coleiras para os animais. A a\u00e7\u00e3o tem parceria da Secretaria de Meio Ambiente e Agricultura. Veja os locais de coleta no site (www.limeira.sp.gov.br\/campanhadoagasalhopet).<\/p>\n<p>&#13;<\/p>\n<p style=\"text-align: justify;\">SERVI\u00c7O<\/p>\n<p>&#13;<\/p>\n<p style=\"text-align: justify;\">Drive-thru \u2013 Campanha do Agasalho<br \/>12 de junho (quarta-feira)<br \/>8h \u00e0s 15h<br \/>Padaria Futura \u2013 Rua General Rondon, 2059 &#8211; Vila Labak<\/p>\n<p>&#13;<br \/>\n&#13;<br \/>\n&#13;<br \/>\n&#13;<\/p>\n<aside class=\"list-related no-print\">&#13;<br \/>\n        &#13;<br \/>\n&#13;<\/p>\n<article class=\"list-item noticias \">&#13;<br \/>\n                    <a class=\"list-item__img\" href=\"https:\/\/limeira.sp.gov.br\/imprensa\/noticias\/fundo-social-de-limeira\/solidariedade-fundo-social-recebe-doacao-do-colegio-adventista\" tabindex=\"-1\" aria-hidden=\"true\" rel=\"noopener\">&#13;<br \/>\n                        <img data-recalc-dims=\"1\" decoding=\"async\" src=\"https:\/\/i0.wp.com\/ecrie.com.br\/sistema\/conteudos\/imagem\/m_137_0_4_10062024163234.jpg?w=696&#038;ssl=1\" alt=\"Fundo Social recebe doa\u00e7\u00e3o do Col\u00e9gio Adventista\"\/>&#13;<br \/>\n                    <\/a>&#13;<br \/>\n&#13;<br \/>\n                &#13;<br \/>\n            <\/article>\n<p>&#13;<\/p>\n<article class=\"list-item noticias \">&#13;<br \/>\n                    <a class=\"list-item__img\" href=\"https:\/\/limeira.sp.gov.br\/imprensa\/noticias\/fundo-social-de-limeira\/mario-botion-e-erika-tank-acompanham-corrida-sem-barreiras\" tabindex=\"-1\" aria-hidden=\"true\" rel=\"noopener\">&#13;<br \/>\n                        <img data-recalc-dims=\"1\" decoding=\"async\" src=\"https:\/\/i0.wp.com\/ecrie.com.br\/sistema\/conteudos\/imagem\/m_137_7_1_09062024123725.jpg?w=696&#038;ssl=1\" alt=\"Mario Botion e Erika Tank acompanham Corrida Sem Barreiras\"\/>&#13;<br \/>\n                    <\/a>&#13;<br \/>\n&#13;<br \/>\n                &#13;<br \/>\n            <\/article>\n<p>&#13;<\/p>\n<article class=\"list-item noticias \">&#13;<br \/>\n                    <a class=\"list-item__img\" href=\"https:\/\/limeira.sp.gov.br\/imprensa\/noticias\/fundo-social-de-limeira\/inscricoes-abertas-para-curso-de-padaria-artesanal\" tabindex=\"-1\" aria-hidden=\"true\" rel=\"noopener\">&#13;<br \/>\n                        <img data-recalc-dims=\"1\" decoding=\"async\" src=\"https:\/\/i0.wp.com\/ecrie.com.br\/sistema\/conteudos\/imagem\/m_137_0_1_07062024160807.jpg?w=696&#038;ssl=1\" alt=\"Inscri\u00e7\u00f5es abertas para curso de Padaria Artesanal\"\/>&#13;<br \/>\n                    <\/a>&#13;<br \/>\n&#13;<br \/>\n                &#13;<br \/>\n            <\/article>\n<p>&#13;<br \/>\n    <\/aside>\n<p>&#13;<br \/>\n&#13;<br \/>\n            <\/main><\/p><\/div>\n<p><br \/>\n<br \/><a href=\"https:\/\/limeira.sp.gov.br\/fundo-social-realiza-drive-thru-na-vila-labak\" rel=\"noopener\">Informa\u00e7\u00f5es da PML <\/a><\/p>\n","protected":false},"excerpt":{"rendered":"<p>&#13; &#13; &#13; &#13; &#13; &#13; &#13; O Fundo Social de Limeira realiza amanh\u00e3 (12), das 8h \u00e0s 15h, em frente \u00e0 Padaria Futura, na Rua General Rondon, 2059 &#8211; Vila Labak, o drive-thru da Campanha do Agasalho. A popula\u00e7\u00e3o pode doar agasalhos, roupas, cobertores e sapatos em boas condi\u00e7\u00f5es de uso. A campanha segue [&hellip;]<\/p>\n","protected":false},"author":1,"featured_media":5852,"comment_status":"open","ping_status":"open","sticky":false,"template":"","format":"standard","meta":{"_jetpack_newsletter_access":"","_jetpack_dont_email_post_to_subs":false,"_jetpack_newsletter_tier_id":0,"_jetpack_memberships_contains_paywalled_content":false,"_mbp_banners":[],"_jetpack_feature_clip_id":0,"_jetpack_memberships_contains_paid_content":false,"footnotes":"","jetpack_publicize_message":"","jetpack_publicize_feature_enabled":true,"jetpack_social_post_already_shared":true,"jetpack_social_options":{"image_generator_settings":{"template":"highway","default_image_id":0,"font":"","enabled":false},"version":2},"jetpack_post_was_ever_published":false},"categories":[16],"tags":[],"class_list":["post-8133","post","type-post","status-publish","format-standard","has-post-thumbnail","category-local"],"jetpack_publicize_connections":[],"jetpack-related-posts":[],"jetpack_shortlink":"https:\/\/wp.me\/p7Eq1F-27b","jetpack_sharing_enabled":true,"jetpack_featured_media_url":"https:\/\/i0.wp.com\/guialimeira.com.br\/news\/wp-content\/uploads\/2024\/05\/m_137_0_1_21052024170347.jpg?fit=900%2C511&ssl=1","_links":{"self":[{"href":"https:\/\/guialimeira.com.br\/news\/wp-json\/wp\/v2\/posts\/8133","targetHints":{"allow":["GET"]}}],"collection":[{"href":"https:\/\/guialimeira.com.br\/news\/wp-json\/wp\/v2\/posts"}],"about":[{"href":"https:\/\/guialimeira.com.br\/news\/wp-json\/wp\/v2\/types\/post"}],"author":[{"embeddable":true,"href":"https:\/\/guialimeira.com.br\/news\/wp-json\/wp\/v2\/users\/1"}],"replies":[{"embeddable":true,"href":"https:\/\/guialimeira.com.br\/news\/wp-json\/wp\/v2\/comments?post=8133"}],"version-history":[{"count":0,"href":"https:\/\/guialimeira.com.br\/news\/wp-json\/wp\/v2\/posts\/8133\/revisions"}],"wp:featuredmedia":[{"embeddable":true,"href":"https:\/\/guialimeira.com.br\/news\/wp-json\/wp\/v2\/media\/5852"}],"wp:attachment":[{"href":"https:\/\/guialimeira.com.br\/news\/wp-json\/wp\/v2\/media?parent=8133"}],"wp:term":[{"taxonomy":"category","embeddable":true,"href":"https:\/\/guialimeira.com.br\/news\/wp-json\/wp\/v2\/categories?post=8133"},{"taxonomy":"post_tag","embeddable":true,"href":"https:\/\/guialimeira.com.br\/news\/wp-json\/wp\/v2\/tags?post=8133"}],"curies":[{"name":"wp","href":"https:\/\/api.w.org\/{rel}","templated":true}]}}