{"id":8130,"date":"2024-06-11T15:05:44","date_gmt":"2024-06-11T18:05:44","guid":{"rendered":"https:\/\/guialimeira.com.br\/2024\/06\/11\/igp-m-mostra-inflacao-de-080-na-primeira-previa-de-junho\/"},"modified":"2024-06-11T15:05:44","modified_gmt":"2024-06-11T18:05:44","slug":"igp-m-mostra-inflacao-de-080-na-primeira-previa-de-junho","status":"publish","type":"post","link":"https:\/\/guialimeira.com.br\/news\/igp-m-mostra-inflacao-de-080-na-primeira-previa-de-junho\/","title":{"rendered":"IGP-M mostra infla\u00e7\u00e3o de 0,80% na primeira pr\u00e9via de junho"},"content":{"rendered":"<p> <br \/>\n<\/p>\n<div>\n<p>O \u00cdndice Geral de Pre\u00e7os &#8211; Mercado (IGP-M), usado para reajustar alguns contratos de aluguel, registrou\u00a0infla\u00e7\u00e3o de 0,80% na primeira pr\u00e9via de junho deste ano. A taxa \u00e9 superior \u00e0\u00a0observada\u00a0na primeira pr\u00e9via de maio (0,75%).<img data-recalc-dims=\"1\" decoding=\"async\" src=\"https:\/\/i0.wp.com\/agenciabrasil.ebc.com.br\/ebc.png?w=696&#038;ssl=1\" style=\"width:1px; height:1px; display:inline;\"\/><img data-recalc-dims=\"1\" decoding=\"async\" src=\"https:\/\/i0.wp.com\/agenciabrasil.ebc.com.br\/ebc.gif?w=696&#038;ssl=1\" style=\"width:1px; height:1px; display:inline;\"\/><\/p>\n<p>Segundo a Funda\u00e7\u00e3o Getulio Vargas (FGV), de janeiro a abril, o indicador havia registrado defla\u00e7\u00e3o (queda de pre\u00e7os).<\/p>\n<p>Com o resultado da pr\u00e9via de junho, o IGP-M acumula taxa de infla\u00e7\u00e3o de 2,44% em 12 meses. Em maio, a taxa acumulada pela pr\u00e9via do IGP-M em 12 meses havia ficado em -0,48%.<\/p>\n<\/p><\/div>\n<p><br \/>\n<br \/><a href=\"https:\/\/agenciabrasil.ebc.com.br\/economia\/noticia\/2024-06\/igp-m-mostra-inflacao-de-080-na-primeira-previa-de-junho\" rel=\"noopener\">Ag\u00eancia Brasil<\/a><\/p>\n","protected":false},"excerpt":{"rendered":"<p>O \u00cdndice Geral de Pre\u00e7os &#8211; Mercado (IGP-M), usado para reajustar alguns contratos de aluguel, registrou\u00a0infla\u00e7\u00e3o de 0,80% na primeira pr\u00e9via de junho deste ano. A taxa \u00e9 superior \u00e0\u00a0observada\u00a0na primeira pr\u00e9via de maio (0,75%). Segundo a Funda\u00e7\u00e3o Getulio Vargas (FGV), de janeiro a abril, o indicador havia registrado defla\u00e7\u00e3o (queda de pre\u00e7os). Com o [&hellip;]<\/p>\n","protected":false},"author":1,"featured_media":1608,"comment_status":"open","ping_status":"open","sticky":false,"template":"","format":"standard","meta":{"_jetpack_newsletter_access":"","_jetpack_dont_email_post_to_subs":false,"_jetpack_newsletter_tier_id":0,"_jetpack_memberships_contains_paywalled_content":false,"_mbp_banners":[],"_jetpack_feature_clip_id":0,"_jetpack_memberships_contains_paid_content":false,"footnotes":"","jetpack_publicize_message":"","jetpack_publicize_feature_enabled":true,"jetpack_social_post_already_shared":true,"jetpack_social_options":{"image_generator_settings":{"template":"highway","default_image_id":0,"font":"","enabled":false},"version":2},"jetpack_post_was_ever_published":false},"categories":[24],"tags":[],"class_list":["post-8130","post","type-post","status-publish","format-standard","has-post-thumbnail","category-economia"],"jetpack_publicize_connections":[],"jetpack-related-posts":[],"jetpack_shortlink":"https:\/\/wp.me\/p7Eq1F-278","jetpack_sharing_enabled":true,"jetpack_featured_media_url":"https:\/\/i0.wp.com\/guialimeira.com.br\/news\/wp-content\/uploads\/2024\/04\/1713212033_real_moeda_dinheiro_mcajr_2904223675.jpg?fit=1600%2C800&ssl=1","_links":{"self":[{"href":"https:\/\/guialimeira.com.br\/news\/wp-json\/wp\/v2\/posts\/8130","targetHints":{"allow":["GET"]}}],"collection":[{"href":"https:\/\/guialimeira.com.br\/news\/wp-json\/wp\/v2\/posts"}],"about":[{"href":"https:\/\/guialimeira.com.br\/news\/wp-json\/wp\/v2\/types\/post"}],"author":[{"embeddable":true,"href":"https:\/\/guialimeira.com.br\/news\/wp-json\/wp\/v2\/users\/1"}],"replies":[{"embeddable":true,"href":"https:\/\/guialimeira.com.br\/news\/wp-json\/wp\/v2\/comments?post=8130"}],"version-history":[{"count":0,"href":"https:\/\/guialimeira.com.br\/news\/wp-json\/wp\/v2\/posts\/8130\/revisions"}],"wp:featuredmedia":[{"embeddable":true,"href":"https:\/\/guialimeira.com.br\/news\/wp-json\/wp\/v2\/media\/1608"}],"wp:attachment":[{"href":"https:\/\/guialimeira.com.br\/news\/wp-json\/wp\/v2\/media?parent=8130"}],"wp:term":[{"taxonomy":"category","embeddable":true,"href":"https:\/\/guialimeira.com.br\/news\/wp-json\/wp\/v2\/categories?post=8130"},{"taxonomy":"post_tag","embeddable":true,"href":"https:\/\/guialimeira.com.br\/news\/wp-json\/wp\/v2\/tags?post=8130"}],"curies":[{"name":"wp","href":"https:\/\/api.w.org\/{rel}","templated":true}]}}