{"id":813,"date":"2024-04-03T10:49:46","date_gmt":"2024-04-03T13:49:46","guid":{"rendered":"https:\/\/guialimeira.com.br\/2024\/04\/03\/nova-tecnologia-de-tv-3-0-conectara-canais-abertos-com-a-internet\/"},"modified":"2024-04-03T10:49:46","modified_gmt":"2024-04-03T13:49:46","slug":"nova-tecnologia-de-tv-3-0-conectara-canais-abertos-com-a-internet","status":"publish","type":"post","link":"https:\/\/guialimeira.com.br\/news\/nova-tecnologia-de-tv-3-0-conectara-canais-abertos-com-a-internet\/","title":{"rendered":"Nova tecnologia de TV 3.0 conectar\u00e1 canais abertos com a internet"},"content":{"rendered":"<p> <br \/>\n<\/p>\n<div>\n<p>O ministro das Comunica\u00e7\u00f5es, Juscelino Filho, antecipou &#8211; durante participa\u00e7\u00e3o no programa <strong>Bom Dia Ministro<\/strong>, do <strong>canal Gov<\/strong>, ve\u00edculo da <strong>EBC<\/strong> &#8211; o an\u00fancio da evolu\u00e7\u00e3o da TV Digital para um novo padr\u00e3o tecnol\u00f3gico chamado TV 3.0, a ser lan\u00e7ado em Bras\u00edlia, nesta quarta-feira (3). A novidade promete mais qualidade de imagem e acesso facilitado pela conectividade.<img data-recalc-dims=\"1\" decoding=\"async\" src=\"https:\/\/i0.wp.com\/agenciabrasil.ebc.com.br\/ebc.png?w=696&#038;ssl=1\" style=\"width:1px; height:1px; display:inline;\"\/><img data-recalc-dims=\"1\" decoding=\"async\" src=\"https:\/\/i0.wp.com\/agenciabrasil.ebc.com.br\/ebc.gif?w=696&#038;ssl=1\" style=\"width:1px; height:1px; display:inline;\"\/><\/p>\n<p>\u201cO grande diferencial vai ser justamente a quest\u00e3o da integra\u00e7\u00e3o da transmiss\u00e3o da televis\u00e3o com uma melhor qualidade de imagem, qualidade de som, com a conectividade, com a internet, com a banda larga\u201d afirmou.<\/p>\n<p>Segundo o ministro, o Brasil ainda \u00e9 um dos maiores mercados consumidores da televis\u00e3o aberta no mundo e a forma de acesso a esse canal de comunica\u00e7\u00e3o ser\u00e1 revolucionada com a mudan\u00e7a. A tradicional escolha de canais ser\u00e1 substitu\u00edda por aplicativos que disponibilizar\u00e3o conte\u00fado, tanto ao vivo como por demanda, tornando a navega\u00e7\u00e3o mais interativa.<\/p>\n<p>Juscelino Filho disse ainda que essa interatividade vai proporcionar tamb\u00e9m novas oportunidades de neg\u00f3cios, por meio da oferta e consumo de propagandas, marketplace (ambiente de compra e venda) e ambiente de compras.<\/p>\n<p>De acordo com o ministro, at\u00e9 o final de 2024 dever\u00e1 ser definida a tecnologia a ser adotada. Com isso, a ind\u00fastria dever\u00e1 atuar na produ\u00e7\u00e3o de equipamentos e conversores para que seja efetivada a integra\u00e7\u00e3o dos sinais abertos com a internet. A migra\u00e7\u00e3o ser\u00e1 gradativa e ter\u00e1 in\u00edcio nas grandes capitais, onde o sinal ser\u00e1 disponibilizado inicialmente.<\/p>\n<h2>Parceria<\/h2>\n<p>O ministro das Comunica\u00e7\u00f5es tamb\u00e9m destacou a parceria entre os Correios e Caixa para viabilizar a oferta de servi\u00e7os como solicita\u00e7\u00e3o de seguro-desemprego, quest\u00f5es relacionadas ao Bolsa Fam\u00edlia, Programa de Integra\u00e7\u00e3o Social (PIS), FGTS e pagamento do INSS.<\/p>\n<p>Ele disse que essa parceria vai facilitar o acesso das popula\u00e7\u00f5es que precisam percorrer grandes dist\u00e2ncias em busca de atendimento. \u201cEstamos, atrav\u00e9s da parceria, usando toda a capilaridade que os Correios possuem para poder ser um vetor para que esses programas, essas a\u00e7\u00f5es sociais do governo, estejam mais perto da popula\u00e7\u00e3o\u201d, observou.<\/p>\n<p><a href=\"http:\/\/agenciabrasil.ebc.com.br\/radioagencia-nacional\/geral\/audio\/2024-03\/caixa-e-correios-vao-compartilhar-estruturas-de-atendimento\" target=\"_blank\" rel=\"noopener\">A iniciativa teve in\u00edcio<\/a> com uma experi\u00eancia piloto, implantada em dezembro de 2023, na cidade de Peixe-Boi, no estado do Par\u00e1. Atualmente, o Minist\u00e9rio das Comunica\u00e7\u00f5es trabalha na adapta\u00e7\u00e3o dos sistemas para que a parceria chegue em todas as cidades do Brasil. Segundo o ministro, uma nova etapa dever\u00e1 ser anunciada oficialmente quando os servi\u00e7os estiverem em pleno funcionamento e disponibilidade em todo o pa\u00eds.<\/p>\n<\/p><\/div>\n<p><br \/>\n<br \/><a href=\"https:\/\/agenciabrasil.ebc.com.br\/geral\/noticia\/2024-04\/nova-tecnologia-de-tv-30-conectara-canais-abertos-com-internet\" rel=\"noopener\">Ag\u00eancia Brasil<\/a><\/p>\n","protected":false},"excerpt":{"rendered":"<p>O ministro das Comunica\u00e7\u00f5es, Juscelino Filho, antecipou &#8211; durante participa\u00e7\u00e3o no programa Bom Dia Ministro, do canal Gov, ve\u00edculo da EBC &#8211; o an\u00fancio da evolu\u00e7\u00e3o da TV Digital para um novo padr\u00e3o tecnol\u00f3gico chamado TV 3.0, a ser lan\u00e7ado em Bras\u00edlia, nesta quarta-feira (3). A novidade promete mais qualidade de imagem e acesso facilitado [&hellip;]<\/p>\n","protected":false},"author":1,"featured_media":814,"comment_status":"open","ping_status":"open","sticky":false,"template":"","format":"standard","meta":{"_jetpack_newsletter_access":"","_jetpack_dont_email_post_to_subs":false,"_jetpack_newsletter_tier_id":0,"_jetpack_memberships_contains_paywalled_content":false,"_mbp_banners":[],"_jetpack_feature_clip_id":0,"_jetpack_memberships_contains_paid_content":false,"footnotes":"","jetpack_publicize_message":"","jetpack_publicize_feature_enabled":true,"jetpack_social_post_already_shared":true,"jetpack_social_options":{"image_generator_settings":{"template":"highway","default_image_id":0,"font":"","enabled":false},"version":2},"jetpack_post_was_ever_published":false},"categories":[22],"tags":[],"class_list":["post-813","post","type-post","status-publish","format-standard","has-post-thumbnail","category-nacional"],"jetpack_publicize_connections":[],"jetpack-related-posts":[],"jetpack_shortlink":"https:\/\/wp.me\/p7Eq1F-d7","jetpack_sharing_enabled":true,"jetpack_featured_media_url":"https:\/\/i0.wp.com\/guialimeira.com.br\/news\/wp-content\/uploads\/2024\/04\/raf04663.jpg?fit=1600%2C800&ssl=1","_links":{"self":[{"href":"https:\/\/guialimeira.com.br\/news\/wp-json\/wp\/v2\/posts\/813","targetHints":{"allow":["GET"]}}],"collection":[{"href":"https:\/\/guialimeira.com.br\/news\/wp-json\/wp\/v2\/posts"}],"about":[{"href":"https:\/\/guialimeira.com.br\/news\/wp-json\/wp\/v2\/types\/post"}],"author":[{"embeddable":true,"href":"https:\/\/guialimeira.com.br\/news\/wp-json\/wp\/v2\/users\/1"}],"replies":[{"embeddable":true,"href":"https:\/\/guialimeira.com.br\/news\/wp-json\/wp\/v2\/comments?post=813"}],"version-history":[{"count":0,"href":"https:\/\/guialimeira.com.br\/news\/wp-json\/wp\/v2\/posts\/813\/revisions"}],"wp:featuredmedia":[{"embeddable":true,"href":"https:\/\/guialimeira.com.br\/news\/wp-json\/wp\/v2\/media\/814"}],"wp:attachment":[{"href":"https:\/\/guialimeira.com.br\/news\/wp-json\/wp\/v2\/media?parent=813"}],"wp:term":[{"taxonomy":"category","embeddable":true,"href":"https:\/\/guialimeira.com.br\/news\/wp-json\/wp\/v2\/categories?post=813"},{"taxonomy":"post_tag","embeddable":true,"href":"https:\/\/guialimeira.com.br\/news\/wp-json\/wp\/v2\/tags?post=813"}],"curies":[{"name":"wp","href":"https:\/\/api.w.org\/{rel}","templated":true}]}}