{"id":8123,"date":"2024-06-11T13:49:50","date_gmt":"2024-06-11T16:49:50","guid":{"rendered":"https:\/\/guialimeira.com.br\/2024\/06\/11\/comissao-adia-votacao-do-pl-que-regulamenta-cigarro-eletronico\/"},"modified":"2024-06-11T13:49:50","modified_gmt":"2024-06-11T16:49:50","slug":"comissao-adia-votacao-do-pl-que-regulamenta-cigarro-eletronico","status":"publish","type":"post","link":"https:\/\/guialimeira.com.br\/news\/comissao-adia-votacao-do-pl-que-regulamenta-cigarro-eletronico\/","title":{"rendered":"Comiss\u00e3o adia vota\u00e7\u00e3o do PL que regulamenta cigarro eletr\u00f4nico"},"content":{"rendered":"<p> <br \/>\n<\/p>\n<div>\n<p>A vota\u00e7\u00e3o do <a href=\"https:\/\/www25.senado.leg.br\/web\/atividade\/materias\/-\/materia\/160523\" target=\"_blank\" rel=\"noopener\">Projeto de Lei (PL) 5.008\/2023<\/a>, que regulamenta a produ\u00e7\u00e3o, a comercializa\u00e7\u00e3o, a fiscaliza\u00e7\u00e3o e a propaganda de cigarros eletr\u00f4nicos no Brasil foi adiada pela Comiss\u00e3o de Assuntos Econ\u00f4micos (CAE) do Senado, nesta ter\u00e7a-feira (11). O adiamento atendeu pedido feito pela senadora Damares Alves (Republicanos-DF), que apresentou requerimento de adiamento de discuss\u00e3o aprovado simbolicamente pelo colegiado.<img data-recalc-dims=\"1\" decoding=\"async\" src=\"https:\/\/i0.wp.com\/agenciabrasil.ebc.com.br\/ebc.png?w=696&#038;ssl=1\" style=\"width:1px; height:1px; display:inline;\"\/><img data-recalc-dims=\"1\" decoding=\"async\" src=\"https:\/\/i0.wp.com\/agenciabrasil.ebc.com.br\/ebc.gif?w=696&#038;ssl=1\" style=\"width:1px; height:1px; display:inline;\"\/><\/p>\n<p>O PL, de autoria da senadora Soraya Thronicke (Podemos-MS), estabelece uma s\u00e9rie de exig\u00eancias para a comercializa\u00e7\u00e3o dos chamados dispositivos eletr\u00f4nicos para fumar, incluindo apresenta\u00e7\u00e3o de laudo de avalia\u00e7\u00e3o toxicol\u00f3gica para registro na Ag\u00eancia Nacional de Vigil\u00e2ncia Sanit\u00e1ria (Anvisa); cadastro na Receita Federal de produtos fabricados, importados ou exportados; e cadastro no Instituto Nacional de Metrologia, Qualidade e Tecnologia (Inmetro).<\/p>\n<p>\u201cA crescente utiliza\u00e7\u00e3o dos cigarros eletr\u00f4nicos tem acontecido \u00e0 revelia de qualquer regulamenta\u00e7\u00e3o. Do ponto de vista da sa\u00fade, n\u00e3o h\u00e1 controle sanit\u00e1rio sobre os produtos comercializados e as embalagens n\u00e3o apresentam advert\u00eancias ou alertas sobre os riscos de sua utiliza\u00e7\u00e3o\u201d, destaca o texto. O relator do projeto, senador Eduardo Gomes (PL-TO), acolheu emenda que dobra de R$ 10 mil para R$ 20 mil a multa para venda de cigarros eletr\u00f4nicos para menores de 18 anos.<\/p>\n<p>Durante a sess\u00e3o desta ter\u00e7a-feira, o presidente da CAE, senador Vanderlan Cardoso (PSD-GO), informou que o PL deve retornar \u00e0 pauta da comiss\u00e3o em 30 dias. O parlamentar destacou, entretanto, que, quando voltar \u00e0 an\u00e1lise do colegiado, o texto poder\u00e1 ser alvo de um pedido de vista, postergando outra vez a vota\u00e7\u00e3o.<\/p>\n<h2>Proibi\u00e7\u00e3o<\/h2>\n<p>No Brasil, a regulamenta\u00e7\u00e3o de cigarros eletr\u00f4nicos est\u00e1 sob responsabilidade da Anvisa que, desde 2009, pro\u00edbe o produto. Em abril, a diretoria colegiada da ag\u00eancia optou por manter a veda\u00e7\u00e3o. Com a decis\u00e3o, qualquer modalidade de importa\u00e7\u00e3o desses produtos fica proibida, inclusive para uso pr\u00f3prio.<\/p>\n<p>A <a href=\"https:\/\/www.in.gov.br\/web\/dou\/-\/resolucao-da-diretoria-colegiada-rdc-n-855-de-23-de-abril-de-2024-555721206\" target=\"_blank\" rel=\"noopener\">resolu\u00e7\u00e3o da Anvisa<\/a> que mant\u00e9m a proibi\u00e7\u00e3o da fabrica\u00e7\u00e3o, da importa\u00e7\u00e3o, da comercializa\u00e7\u00e3o, da distribui\u00e7\u00e3o, do armazenamento, do transporte e da propaganda de dispositivos eletr\u00f4nicos para fumar pode ser acessada aqui.<\/p>\n<h2>Entenda<\/h2>\n<p>Os dispositivos eletr\u00f4nicos para fumar tamb\u00e9m s\u00e3o conhecidos como cigarros eletr\u00f4nicos, vape, pod, e-cigarette, e-ciggy, e-pipe, e-cigar e heat not burn (tabaco aquecido). Embora a comercializa\u00e7\u00e3o no Brasil seja proibida, eles podem ser encontrados em diversos estabelecimentos comerciais e o consumo, sobretudo entre os jovens, tem aumentado.<\/p>\n<p>Desde 2003, quando foram criados, os equipamentos passaram por diversas mudan\u00e7as: produtos descart\u00e1veis ou de uso \u00fanico; produtos recarreg\u00e1veis com refis l\u00edquidos (que cont\u00e9m, em sua maioria, propilenoglicol, glicerina, nicotina e flavorizantes), em sistema aberto ou fechado; produtos de tabaco aquecido, que possuem dispositivo eletr\u00f4nico onde se acopla um refil com tabaco; sistema pods, que cont\u00e9m sais de nicotina e outras subst\u00e2ncias dilu\u00eddas em l\u00edquido e se assemelham a pen drives, entre outros.<\/p>\n<p>A maioria dos cigarros eletr\u00f4nicos usa bateria recarreg\u00e1vel com refis. Esses equipamentos geram o aquecimento de um l\u00edquido para criar aeross\u00f3is (popularmente chamados de vapor) e o usu\u00e1rio inala o vapor.<\/p>\n<p>Os l\u00edquidos (e-liquids ou juice) podem conter ou n\u00e3o nicotina em diferentes concentra\u00e7\u00f5es, al\u00e9m de aditivos, sabores e produtos qu\u00edmicos t\u00f3xicos \u00e0 sa\u00fade \u2013 em sua maioria, propilenoglicol, glicerina, nicotina e flavorizantes.<\/p>\n<p><strong><em>*Com informa\u00e7\u00f5es da Ag\u00eancia Senado<\/em><\/strong><\/p>\n<\/p><\/div>\n<p><br \/>\n<br \/><a href=\"https:\/\/agenciabrasil.ebc.com.br\/saude\/noticia\/2024-06\/comissao-adia-votacao-do-pl-que-regulamenta-cigarro-eletr%C3%B4nico\" rel=\"noopener\">Ag\u00eancia Brasil <\/a><\/p>\n","protected":false},"excerpt":{"rendered":"<p>A vota\u00e7\u00e3o do Projeto de Lei (PL) 5.008\/2023, que regulamenta a produ\u00e7\u00e3o, a comercializa\u00e7\u00e3o, a fiscaliza\u00e7\u00e3o e a propaganda de cigarros eletr\u00f4nicos no Brasil foi adiada pela Comiss\u00e3o de Assuntos Econ\u00f4micos (CAE) do Senado, nesta ter\u00e7a-feira (11). O adiamento atendeu pedido feito pela senadora Damares Alves (Republicanos-DF), que apresentou requerimento de adiamento de discuss\u00e3o aprovado [&hellip;]<\/p>\n","protected":false},"author":1,"featured_media":1731,"comment_status":"open","ping_status":"open","sticky":false,"template":"","format":"standard","meta":{"_jetpack_newsletter_access":"","_jetpack_dont_email_post_to_subs":false,"_jetpack_newsletter_tier_id":0,"_jetpack_memberships_contains_paywalled_content":false,"_mbp_banners":[],"_jetpack_feature_clip_id":0,"_jetpack_memberships_contains_paid_content":false,"footnotes":"","jetpack_publicize_message":"","jetpack_publicize_feature_enabled":true,"jetpack_social_post_already_shared":true,"jetpack_social_options":{"image_generator_settings":{"template":"highway","default_image_id":0,"font":"","enabled":false},"version":2},"jetpack_post_was_ever_published":false},"categories":[15],"tags":[],"class_list":["post-8123","post","type-post","status-publish","format-standard","has-post-thumbnail","category-saude"],"jetpack_publicize_connections":[],"jetpack-related-posts":[],"jetpack_shortlink":"https:\/\/wp.me\/p7Eq1F-271","jetpack_sharing_enabled":true,"jetpack_featured_media_url":"https:\/\/i0.wp.com\/guialimeira.com.br\/news\/wp-content\/uploads\/2024\/04\/ja_8787.jpg?fit=1600%2C800&ssl=1","_links":{"self":[{"href":"https:\/\/guialimeira.com.br\/news\/wp-json\/wp\/v2\/posts\/8123","targetHints":{"allow":["GET"]}}],"collection":[{"href":"https:\/\/guialimeira.com.br\/news\/wp-json\/wp\/v2\/posts"}],"about":[{"href":"https:\/\/guialimeira.com.br\/news\/wp-json\/wp\/v2\/types\/post"}],"author":[{"embeddable":true,"href":"https:\/\/guialimeira.com.br\/news\/wp-json\/wp\/v2\/users\/1"}],"replies":[{"embeddable":true,"href":"https:\/\/guialimeira.com.br\/news\/wp-json\/wp\/v2\/comments?post=8123"}],"version-history":[{"count":0,"href":"https:\/\/guialimeira.com.br\/news\/wp-json\/wp\/v2\/posts\/8123\/revisions"}],"wp:featuredmedia":[{"embeddable":true,"href":"https:\/\/guialimeira.com.br\/news\/wp-json\/wp\/v2\/media\/1731"}],"wp:attachment":[{"href":"https:\/\/guialimeira.com.br\/news\/wp-json\/wp\/v2\/media?parent=8123"}],"wp:term":[{"taxonomy":"category","embeddable":true,"href":"https:\/\/guialimeira.com.br\/news\/wp-json\/wp\/v2\/categories?post=8123"},{"taxonomy":"post_tag","embeddable":true,"href":"https:\/\/guialimeira.com.br\/news\/wp-json\/wp\/v2\/tags?post=8123"}],"curies":[{"name":"wp","href":"https:\/\/api.w.org\/{rel}","templated":true}]}}