{"id":8121,"date":"2024-06-11T13:16:56","date_gmt":"2024-06-11T16:16:56","guid":{"rendered":"https:\/\/guialimeira.com.br\/2024\/06\/11\/proprietarios-de-cadeiras-cativas-no-limeirao-devem-fazer-recadastramento\/"},"modified":"2024-06-11T13:16:56","modified_gmt":"2024-06-11T16:16:56","slug":"proprietarios-de-cadeiras-cativas-no-limeirao-devem-fazer-recadastramento","status":"publish","type":"post","link":"https:\/\/guialimeira.com.br\/news\/proprietarios-de-cadeiras-cativas-no-limeirao-devem-fazer-recadastramento\/","title":{"rendered":"Propriet\u00e1rios de cadeiras cativas no Limeir\u00e3o devem fazer recadastramento"},"content":{"rendered":"<p> <br \/>\n<\/p>\n<div>\n            <main class=\"\">&#13;<br \/>\n                &#13;<br \/>\n&#13;<br \/>\n&#13;<br \/>\n&#13;<br \/>\n    <img data-recalc-dims=\"1\" decoding=\"async\" src=\"https:\/\/i0.wp.com\/ecrie.com.br\/sistema\/conteudos\/imagem\/m_137_0_1_11062024124907.jpg?w=696&#038;ssl=1\" alt=\"Propriet\u00e1rios de cadeiras cativas no Limeir\u00e3o devem fazer recadastramento\"\/>&#13;<br \/>\n&#13;<\/p>\n<p>A Prefeitura de Limeira iniciou nesta ter\u00e7a-feira (11) o recadastramento dos propriet\u00e1rios de cadeiras cativas no Est\u00e1dio Municipal Major Jos\u00e9 Levy Sobrinho, o Limeir\u00e3o. Os interessados em manter os assentos devem fazer uma declara\u00e7\u00e3o, responsabilizando-se pela manuten\u00e7\u00e3o dos equipamentos. A declara\u00e7\u00e3o deve ser entregue ao Departamento de Patrim\u00f4nio, da Secretaria de Administra\u00e7\u00e3o, localizado na Rua Prefeito Dr. Alberto Ferreira, 179. O atendimento \u00e9 de segunda a sexta-feira, das 9h \u00e0s 11h e das 14h \u00e0s 16h.<\/p>\n<p>&#13;<\/p>\n<p>Al\u00e9m da declara\u00e7\u00e3o, \u00e9 necess\u00e1rio apresentar c\u00f3pia do Certificado de Posse ou da Carteira de Propriedade emitidos pela Administra\u00e7\u00e3o Municipal. No caso de falecimento do titular da cadeira, os herdeiros precisam apresentar a c\u00f3pia do Invent\u00e1rio Judicial ou Extrajudicial. As c\u00f3pias devem ser autenticadas em Cart\u00f3rio ou acompanhadas dos originais para aferi\u00e7\u00e3o do departamento.<\/p>\n<p>&#13;<\/p>\n<p>A \u00edntegra do Decreto n\u00ba 159\/2024, que prev\u00ea o recadastramento, foi publicada na edi\u00e7\u00e3o de hoje do Jornal Oficial e pode ser acessada por meio do link: https:\/\/ecrie.com.br\/Sistema\/Conteudos\/DiarioOficial\/upload\/u_137_10062024182552.pdf<\/p>\n<p>&#13;<\/p>\n<p>O recadastramento \u00e9 resultado do trabalho da Comiss\u00e3o de Estudos, criada pelo Decreto n\u00ba 56\/2019, considerando-se a necessidade de adequa\u00e7\u00f5es e ajustes no setor de cadeiras cativas do est\u00e1dio. Todo o tr\u00e2mite n\u00e3o tem custo para o propriet\u00e1rio ou seus familiares.<\/p>\n<p>&#13;<\/p>\n<p>O prazo para recadastramento vai at\u00e9 9 de agosto. Quem n\u00e3o entregar a declara\u00e7\u00e3o e os documentos solicitados, conforme o decreto, perder\u00e1 automaticamente o direito de posse\/utiliza\u00e7\u00e3o da cadeira cativa.<\/p>\n<p>&#13;<\/p>\n<p>\u00a0<\/p>\n<p>&#13;<br \/>\n&#13;<br \/>\n&#13;<br \/>\n&#13;<\/p>\n<aside class=\"list-related no-print\">&#13;<br \/>\n        &#13;<br \/>\n&#13;<\/p>\n<article class=\"list-item noticias \">&#13;<br \/>\n                    <a class=\"list-item__img\" href=\"https:\/\/limeira.sp.gov.br\/imprensa\/noticias\/gabinete-do-prefeito\/servidores-do-dpbea-participam-de-treinamento-e-passam-a-colaborar-com-rede-elza-tank\" tabindex=\"-1\" aria-hidden=\"true\" rel=\"noopener\">&#13;<br \/>\n                        <img data-recalc-dims=\"1\" decoding=\"async\" src=\"https:\/\/i0.wp.com\/ecrie.com.br\/sistema\/conteudos\/imagem\/m_137_0_1_11062024123432.jpg?w=696&#038;ssl=1\" alt=\"Servidores do DPBEA participam de treinamento e passam a colaborar com Rede Elza Tank\"\/>&#13;<br \/>\n                    <\/a>&#13;<br \/>\n&#13;<br \/>\n                &#13;<br \/>\n            <\/article>\n<p>&#13;<\/p>\n<article class=\"list-item noticias \">&#13;<br \/>\n                    <a class=\"list-item__img\" href=\"https:\/\/limeira.sp.gov.br\/imprensa\/noticias\/gabinete-do-prefeito\/construcao-dos-reservatorios-de-agua-na-regiao-do-mercado-modelo-e-finalizada\" tabindex=\"-1\" aria-hidden=\"true\" rel=\"noopener\">&#13;<br \/>\n                        <img data-recalc-dims=\"1\" decoding=\"async\" src=\"https:\/\/i0.wp.com\/ecrie.com.br\/sistema\/conteudos\/imagem\/m_137_0_1_10062024172033.jpg?w=696&#038;ssl=1\" alt=\"Constru\u00e7\u00e3o dos reservat\u00f3rios de \u00e1gua na regi\u00e3o do Mercado Modelo \u00e9 finalizada\"\/>&#13;<br \/>\n                    <\/a>&#13;<br \/>\n&#13;<br \/>\n                &#13;<br \/>\n            <\/article>\n<p>&#13;<\/p>\n<article class=\"list-item noticias \">&#13;<br \/>\n                    <a class=\"list-item__img\" href=\"https:\/\/limeira.sp.gov.br\/imprensa\/noticias\/gabinete-do-prefeito\/mario-botion-e-erika-tank-acompanham-corrida-sem-barreiras\" tabindex=\"-1\" aria-hidden=\"true\" rel=\"noopener\">&#13;<br \/>\n                        <img data-recalc-dims=\"1\" decoding=\"async\" src=\"https:\/\/i0.wp.com\/ecrie.com.br\/sistema\/conteudos\/imagem\/m_137_7_1_09062024123725.jpg?w=696&#038;ssl=1\" alt=\"Mario Botion e Erika Tank acompanham Corrida Sem Barreiras\"\/>&#13;<br \/>\n                    <\/a>&#13;<br \/>\n&#13;<br \/>\n                &#13;<br \/>\n            <\/article>\n<p>&#13;<br \/>\n    <\/aside>\n<p>&#13;<br \/>\n&#13;<br \/>\n            <\/main><\/p><\/div>\n<p><br \/>\n<br \/><a href=\"https:\/\/limeira.sp.gov.br\/proprietarios-de-cadeiras-cativas-no-limeirao-devem-fazer-recadastramento\" rel=\"noopener\">Informa\u00e7\u00f5es da PML <\/a><\/p>\n","protected":false},"excerpt":{"rendered":"<p>&#13; &#13; &#13; &#13; &#13; &#13; &#13; A Prefeitura de Limeira iniciou nesta ter\u00e7a-feira (11) o recadastramento dos propriet\u00e1rios de cadeiras cativas no Est\u00e1dio Municipal Major Jos\u00e9 Levy Sobrinho, o Limeir\u00e3o. Os interessados em manter os assentos devem fazer uma declara\u00e7\u00e3o, responsabilizando-se pela manuten\u00e7\u00e3o dos equipamentos. A declara\u00e7\u00e3o deve ser entregue ao Departamento de Patrim\u00f4nio, [&hellip;]<\/p>\n","protected":false},"author":1,"featured_media":8122,"comment_status":"open","ping_status":"open","sticky":false,"template":"","format":"standard","meta":{"_jetpack_newsletter_access":"","_jetpack_dont_email_post_to_subs":false,"_jetpack_newsletter_tier_id":0,"_jetpack_memberships_contains_paywalled_content":false,"_mbp_banners":[],"_jetpack_feature_clip_id":0,"_jetpack_memberships_contains_paid_content":false,"footnotes":"","jetpack_publicize_message":"","jetpack_publicize_feature_enabled":true,"jetpack_social_post_already_shared":true,"jetpack_social_options":{"image_generator_settings":{"template":"highway","default_image_id":0,"font":"","enabled":false},"version":2},"jetpack_post_was_ever_published":false},"categories":[16],"tags":[],"class_list":["post-8121","post","type-post","status-publish","format-standard","has-post-thumbnail","category-local"],"jetpack_publicize_connections":[],"jetpack-related-posts":[],"jetpack_shortlink":"https:\/\/wp.me\/p7Eq1F-26Z","jetpack_sharing_enabled":true,"jetpack_featured_media_url":"https:\/\/i0.wp.com\/guialimeira.com.br\/news\/wp-content\/uploads\/2024\/06\/m_137_0_1_11062024124907.jpg?fit=1278%2C852&ssl=1","_links":{"self":[{"href":"https:\/\/guialimeira.com.br\/news\/wp-json\/wp\/v2\/posts\/8121","targetHints":{"allow":["GET"]}}],"collection":[{"href":"https:\/\/guialimeira.com.br\/news\/wp-json\/wp\/v2\/posts"}],"about":[{"href":"https:\/\/guialimeira.com.br\/news\/wp-json\/wp\/v2\/types\/post"}],"author":[{"embeddable":true,"href":"https:\/\/guialimeira.com.br\/news\/wp-json\/wp\/v2\/users\/1"}],"replies":[{"embeddable":true,"href":"https:\/\/guialimeira.com.br\/news\/wp-json\/wp\/v2\/comments?post=8121"}],"version-history":[{"count":0,"href":"https:\/\/guialimeira.com.br\/news\/wp-json\/wp\/v2\/posts\/8121\/revisions"}],"wp:featuredmedia":[{"embeddable":true,"href":"https:\/\/guialimeira.com.br\/news\/wp-json\/wp\/v2\/media\/8122"}],"wp:attachment":[{"href":"https:\/\/guialimeira.com.br\/news\/wp-json\/wp\/v2\/media?parent=8121"}],"wp:term":[{"taxonomy":"category","embeddable":true,"href":"https:\/\/guialimeira.com.br\/news\/wp-json\/wp\/v2\/categories?post=8121"},{"taxonomy":"post_tag","embeddable":true,"href":"https:\/\/guialimeira.com.br\/news\/wp-json\/wp\/v2\/tags?post=8121"}],"curies":[{"name":"wp","href":"https:\/\/api.w.org\/{rel}","templated":true}]}}