{"id":8117,"date":"2024-06-11T13:03:46","date_gmt":"2024-06-11T16:03:46","guid":{"rendered":"https:\/\/guialimeira.com.br\/2024\/06\/11\/empresarios-prejudicados-no-rs-ja-podem-solicitar-credito-do-bndes\/"},"modified":"2024-06-11T13:03:46","modified_gmt":"2024-06-11T16:03:46","slug":"empresarios-prejudicados-no-rs-ja-podem-solicitar-credito-do-bndes","status":"publish","type":"post","link":"https:\/\/guialimeira.com.br\/news\/empresarios-prejudicados-no-rs-ja-podem-solicitar-credito-do-bndes\/","title":{"rendered":"Empres\u00e1rios prejudicados no RS j\u00e1 podem solicitar cr\u00e9dito do BNDES"},"content":{"rendered":"<p> <br \/>\n<\/p>\n<div>\n<p>Empres\u00e1rios de diferentes portes, cooperativas, produtores rurais, transportadores aut\u00f4nomos de carga e empres\u00e1rios individuais (MEIs) de 95 munic\u00edpios em estado de calamidade p\u00fablica no Rio Grande do Sul podem enviar propostas de cr\u00e9dito\u00a0a partir desta ter\u00e7a-feira (11) para acessar os <a href=\"https:\/\/agenciabrasil.ebc.com.br\/economia\/noticia\/2024-05\/governo-anuncia-r-15-bilhoes-para-empresas-do-rio-grande-do-sul\" target=\"_blank\" rel=\"noopener\">recursos de R$ 15 bilh\u00f5es<\/a> do Banco Nacional de Desenvolvimento Econ\u00f4mico e Social (BNDES), na modalidade emergencial.<img data-recalc-dims=\"1\" decoding=\"async\" src=\"https:\/\/i0.wp.com\/agenciabrasil.ebc.com.br\/ebc.png?w=696&#038;ssl=1\" style=\"width:1px; height:1px; display:inline;\"\/><img data-recalc-dims=\"1\" decoding=\"async\" src=\"https:\/\/i0.wp.com\/agenciabrasil.ebc.com.br\/ebc.gif?w=696&#038;ssl=1\" style=\"width:1px; height:1px; display:inline;\"\/><\/p>\n<p>Pessoas jur\u00eddicas devem procurar uma das ag\u00eancias banc\u00e1rias da rede &#8211; de cerca de 40 institui\u00e7\u00f5es financeiras &#8211; que j\u00e1 operam com seus recursos no RS e est\u00e3o habilitados a operar o programa BNDES Emergencial no estado. J\u00e1 aderiram ao programa o Banco Regional de Desenvolvimento do Extremo Sul (BRDE), Banco do Estado do Rio Grande do Sul (Banrisul), Badesul Desenvolvimento, Bradesco, Banco Safra e as cooperativas de cr\u00e9dito Sicredi e Cresol. S\u00e3o as chamadas opera\u00e7\u00f5es indiretas, em que outra institui\u00e7\u00e3o financeira opera recursos do BNDES.<\/p>\n<div class=\"dnd-widget-wrapper context-medio_4colunas type-image atom-align-right\">\n<div class=\"dnd-atom-rendered\"><!-- scald=386626:medio_4colunas {\"additionalClasses\":\"\"} --><\/p>\n<div class=\"shadow overflow-hidden rounded-lg d-block w-100\">\n            <img data-recalc-dims=\"1\" decoding=\"async\" src=\"https:\/\/i0.wp.com\/agenciabrasil.ebc.com.br\/sites\/default\/files\/thumbnails\/image\/loading_v2.gif?w=696&#038;ssl=1\" data-echo=\"https:\/\/imagens.ebc.com.br\/wGKblmJmyo_nujQBGge5G-K6azE=\/365x0\/smart\/https:\/\/agenciabrasil.ebc.com.br\/sites\/default\/files\/thumbnails\/image\/2024\/05\/22\/f8f2436f-594a-4cd9-b300-2c9aefac3d4b.jpeg?itok=X7feNb_G\" alt=\"Eldorado do Sul (RS), 22\/05\/2024 \u2013 CHUVAS-RS - DESTRUI\u00c7\u00c3O - Conforme as \u00e1guas v\u00e3o baixando, moradores de Eldorado do Sul tendo contato com os estragos causados pelas enchentes. - Foto: Rafa Neddermeyer\/Ag\u00eancia Brasil\" title=\"Rafa Neddermeyer\/Ag\u00eancia Brasil\" class=\"flex-fill img-cover\"\/><br \/>\n        <img data-recalc-dims=\"1\" decoding=\"async\" src=\"https:\/\/i0.wp.com\/imagens.ebc.com.br\/wGKblmJmyo_nujQBGge5G-K6azE%3D\/365x0\/smart\/https%3A\/\/agenciabrasil.ebc.com.br\/sites\/default\/files\/thumbnails\/image\/2024\/05\/22\/f8f2436f-594a-4cd9-b300-2c9aefac3d4b.jpeg?w=696&#038;ssl=1\" alt=\"Eldorado do Sul (RS), 22\/05\/2024 \u2013 CHUVAS-RS - DESTRUI\u00c7\u00c3O - Conforme as \u00e1guas v\u00e3o baixando, moradores de Eldorado do Sul tendo contato com os estragos causados pelas enchentes. - Foto: Rafa Neddermeyer\/Ag\u00eancia Brasil\" title=\"Rafa Neddermeyer\/Ag\u00eancia Brasil\" class=\"flex-fill img-cover\"\/>\n    <\/div>\n<p><!-- END scald=386626 --><\/div>\n<div class=\"dnd-caption-wrapper\">\n<p>Conforme as \u00e1guas v\u00e3o baixando, empres\u00e1rios\u00a0contabilizam oestragos causados pelas enchentes. &#8211; Foto:\u00a0<strong>Rafa Neddermeyer\/Ag\u00eancia Brasil<\/strong><!--END copyright=386626--><\/p>\n<\/div>\n<\/div>\n<p>O presidente do BNDES, Aloizio Mercadante, orientou o p\u00fablico-alvo\u00a0a procurar gerentes de institui\u00e7\u00f5es financeiras em que\u00a0j\u00e1 s\u00e3o clientes. \u201cEsses recursos precisam chegar na ponta o mais r\u00e1pido poss\u00edvel, com todos os desafios apresentados antecipadamente. O gerente do banco, os t\u00e9cnicos, nunca lidaram com uma situa\u00e7\u00e3o como essa. Pela escala, \u00e9 um desafio novo, mas h\u00e1 uma sensibilidade, compromisso e sentimento muito forte no Brasil para superar essas dificuldades.\u201d<\/p>\n<p>A lista de toda a rede credenciada\u00a0est\u00e1 dispon\u00edvel na <a href=\"https:\/\/www.bndes.gov.br\/wps\/portal\/site\/home\/instituicoes-financeiras-credenciadas\/rede-credenciada-brasil\/!ut\/p\/z1\/tVVNc9owEP0tOXAUkr_t3hjChIAZkiYE8IWRJdlWB0uOLELz7yMobWkKhpbBF4_Wz293n55WMIEzmAj8xnOsuRR4adbzxF8Ej3fdfse14nDwbCH_cRA-fHWH96Fnw-kWgI48HQSTP_5_sUPkT4ZP3mgydoaxBV9gAhMidKULOE8FZfWCi1pzvSLbClqokCVroV2QE8lqkHGBBWFc4RoQxSgThGOK6xbaLPZDIDUYvtwkqQincE4tQmjGKIioGwGXZRHAxCLAojSLKPFx6nu7phqqTs4RpQGQNGs2OKWa2RZbjbqj3LSFdQG4yCScLbkoMGAlU_m2_SVQ9QbKv72-Jh0jsxSafddw1qBzySg3SgJcSS73uHj9-9t-FCgDyxU2jIBKUK8M08E6pps9aOgK2TtAHA17fXeM4vG900Odfjf23N7QuoucHaBBuLkRPjia4taC0zfO1nAipCqNu5_2fIEDTBhyAGEeBm4aEBAFtg88kvqEWoigzIH9kxmCCzM00z_7F9IbY-VLmf442B2ROqFxkGIZU0y1V8qEC62r-ksLtdB6vW5vjdLO5Vs7VSZSGRNUUumNXWqu2U_T_J9NzsMdqrSQtXHx5wL_Eu_TsXMaxDtnKjTTx_Z16b3r0gdXpb91L6QfnBq5hyfisevgH4fihZdPVU7K0HnnIEnfHcQfym4ajnqOl5eLkfbS7Xu3_BWdd25uPgDjs4Jz\/dz\/d5\/L2dBISEvZ0FBIS9nQSEh\/\" target=\"_blank\" rel=\"noopener\">p\u00e1gina eletr\u00f4nica<\/a>\u00a0do BNDES.<\/p>\n<p>Os recursos estar\u00e3o dispon\u00edveis para clientes que j\u00e1 tiverem seu cr\u00e9dito aprovado pelos bancos, a partir da pr\u00f3xima sexta-feira (21).<\/p>\n<p>Nas opera\u00e7\u00f5es indiretas, os juros ficar\u00e3o entre 7% e 12% ao ano. E as institui\u00e7\u00f5es que concederem os empr\u00e9stimos assumem o risco de inadimpl\u00eancia das opera\u00e7\u00f5es.<\/p>\n<h2>Crit\u00e9rios<\/h2>\n<p>As <a href=\"https:\/\/www.bndes.gov.br\/wps\/portal\/site\/home\/emergenciais\/medidas-emergenciais-rio-grande-do-sul\/linha-emergencial-rs\/!ut\/p\/z1\/xZNPc9owEMU_Sw8chQTCf8jNQ5nQYA_tJCRYF0aWha0MlhxJQPPts1A6yWQSp20O9c3rp923Tz9jhleYab5XFffKaL6F95yF6-jH5WSWjAZpfDuMSbicXwfZckHn6QDfnQTknSchmHWfv8UMM6F962ucF7qUbq2088rvxMlBj9SmkT3SyFKV3CHeGmWQbKStpBaKK_f87WUVWZBVlkNHVBrkdtBpq3TNX6i2yLrj-FaoEuclj7iQhCIhA45GRSTQOBqGKBBFKMoBEWRDz-t27MO607j6KA8IfGizSVaBLe5rpPTG4NWbzkGq7h8eWAIBGu3lT49X_yPBu2OGHVuR4VmQjufT2WhB0sU3OiXJbJIGo-l8cDmmZ0FHcDkEH7074iuAuFfygJfa2Aa4vf7Le519OCH65ITu9jfhJ9sDWNXWFL9-2UQXNAaCrNxIK21_Z6Fce9-6ix7pkcPh0D-B0q_Mvl9YqLQAQWusP-LilJe_ofk3TP5M95bT2jig-LVB3DbLJqaPiBWPlKjvzaSIsykNqmad-SBPvjwBfHCeyQ!!\/dz\/d5\/L2dBISEvZ0FBIS9nQSEh\/\" target=\"_blank\" rel=\"noopener\">linhas de cr\u00e9dito<\/a> operacionalizadas em parceria com o BNDES s\u00e3o direcionadas \u00e0queles que sofreram perdas, danos e consequ\u00eancias econ\u00f4micas e sociais em decorr\u00eancia dos eventos clim\u00e1ticos extremos, que afetaram munic\u00edpios desde o fim de abril e no m\u00eas de maio.<\/p>\n<p>Para ter direito a fazer a solicita\u00e7\u00e3o, o empreendimento precisa estar em munic\u00edpio do Rio Grande do Sul que teve o estado de calamidade p\u00fablica decretado pelo governo federal, por meio de portaria publicada no <em>Di\u00e1rio Oficial da Uni\u00e3o<\/em> a partir de 26 de abril, data de in\u00edcio das fortes chuvas. A solicita\u00e7\u00e3o pode ser feita at\u00e9 31 de dezembro deste ano.<\/p>\n<div class=\"dnd-widget-wrapper context-medio_4colunas type-image atom-align-left\">\n<div class=\"dnd-atom-rendered\"><!-- scald=386618:medio_4colunas {\"additionalClasses\":\"\"} --><\/p>\n<div class=\"shadow overflow-hidden rounded-lg d-block w-100\">\n            <img data-recalc-dims=\"1\" decoding=\"async\" src=\"https:\/\/i0.wp.com\/agenciabrasil.ebc.com.br\/sites\/default\/files\/thumbnails\/image\/loading_v2.gif?w=696&#038;ssl=1\" data-echo=\"https:\/\/imagens.ebc.com.br\/1AUG1kBELPcDZyxOXJXeM9ewh4g=\/365x0\/smart\/https:\/\/agenciabrasil.ebc.com.br\/sites\/default\/files\/thumbnails\/image\/2024\/05\/22\/c9b29d39-85b2-4fd8-b004-581df7ec049a.jpeg?itok=y7WRjUZf\" alt=\"Eldorado do Sul (RS), 22\/05\/2024 \u2013 CHUVAS-RS - DESTRUI\u00c7\u00c3O - Conforme as \u00e1guas v\u00e3o baixando, moradores de Eldorado do Sul tendo contato com os estragos causados pelas enchentes. - Foto: Rafa Neddermeyer\/Ag\u00eancia Brasil\" title=\"Rafa Neddermeyer\/Ag\u00eancia Brasil\" class=\"flex-fill img-cover\"\/><br \/>\n        <img data-recalc-dims=\"1\" decoding=\"async\" src=\"https:\/\/i0.wp.com\/imagens.ebc.com.br\/1AUG1kBELPcDZyxOXJXeM9ewh4g%3D\/365x0\/smart\/https%3A\/\/agenciabrasil.ebc.com.br\/sites\/default\/files\/thumbnails\/image\/2024\/05\/22\/c9b29d39-85b2-4fd8-b004-581df7ec049a.jpeg?w=696&#038;ssl=1\" alt=\"Eldorado do Sul (RS), 22\/05\/2024 \u2013 CHUVAS-RS - DESTRUI\u00c7\u00c3O - Conforme as \u00e1guas v\u00e3o baixando, moradores de Eldorado do Sul tendo contato com os estragos causados pelas enchentes. - Foto: Rafa Neddermeyer\/Ag\u00eancia Brasil\" title=\"Rafa Neddermeyer\/Ag\u00eancia Brasil\" class=\"flex-fill img-cover\"\/>\n    <\/div>\n<p><!-- END scald=386618 --><\/div>\n<div class=\"dnd-caption-wrapper\">\n<p>\u00c9stragos causados pelas enchentes em Eldorado do Sul (RS). Foto: <strong>Rafa Neddermeyer\/Ag\u00eancia Brasil<\/strong><!--END copyright=386618--><\/p>\n<\/div>\n<\/div>\n<p>O BNDES destaca que os pedidos de financiamento protocolados pelos empres\u00e1rios no BNDES devem ser feitos em at\u00e9 doze meses ap\u00f3s a publica\u00e7\u00e3o do reconhecimento oficial do estado de calamidade p\u00fablica daquele munic\u00edpio pelo Minist\u00e9rio da Integra\u00e7\u00e3o e do Desenvolvimento Regional (MDR), e o prazo limite de vig\u00eancia do Programa BNDES Emergencial para o Rio Grande do Sul.<\/p>\n<h2>Linhas de financiamento<\/h2>\n<p>O governo federal, via BNDES, disponibilizou tr\u00eas linhas de financiamento. O valor m\u00e1ximo por cliente \u00e9 de R$ 300 milh\u00f5es para financiar compra de m\u00e1quinas e equipamentos e para construir ou reformar f\u00e1bricas, galp\u00f5es, armaz\u00e9ns, lojas ou escrit\u00f3rios, e de R$ 400 milh\u00f5es para capital de giro.\u00a0As condi\u00e7\u00f5es s\u00e3o as seguintes:<\/p>\n<p>\u00a0 \u00a0 \u00a0 \u00a0 \u00a0 \u00a0 \u00a0 \u00a01\u00a0&#8211; M\u00e1quinas e equipamentos, para recompor a capacidade produtiva afetada de todos os setores da economia.<\/p>\n<p>\u00b7\u00a0\u00a0\u00a0\u00a0\u00a0\u00a0\u00a0 \u00a0Valor m\u00e1ximo por cliente: at\u00e9 R$ 300 milh\u00f5es;<\/p>\n<p>\u00b7\u00a0\u00a0\u00a0\u00a0\u00a0\u00a0\u00a0 \u00a0Prazo: at\u00e9 cinco anos (at\u00e9 um ano de car\u00eancia);<\/p>\n<p>\u00b7\u00a0\u00a0\u00a0\u00a0\u00a0\u00a0\u00a0 \u00a0Taxa de juros: at\u00e9 0,6% ao m\u00eas.<\/p>\n<p>\u00a0 \u00a0 \u00a0 2\u00a0 &#8211;\u00a0Investimento e reconstru\u00e7\u00e3o:\u00a0de\u00a0f\u00e1bricas, galp\u00f5es, armaz\u00e9ns, estabelecimentos comerciais e outras instala\u00e7\u00f5es prejudicadas no estado)<\/p>\n<p>\u00b7\u00a0\u00a0\u00a0\u00a0\u00a0\u00a0\u00a0 \u00a0Valor m\u00e1ximo por cliente: at\u00e9 R$ 300 milh\u00f5es;<\/p>\n<p>\u00b7\u00a0\u00a0\u00a0\u00a0\u00a0\u00a0\u00a0 \u00a0Prazo: at\u00e9 cinco anos (at\u00e9 um ano de car\u00eancia);<\/p>\n<p>\u00b7\u00a0\u00a0\u00a0\u00a0\u00a0\u00a0\u00a0 \u00a0Taxa de juros: at\u00e9 0,6% ao m\u00eas;<\/p>\n<p>\u00a0 \u00a0 \u00a0 \u00a0 \u00a0 \u00a0 \u00a03\u00a0&#8211; Capital de giro e\u00a0apoio financeiro: para necessidades imediatas envolvendo pagamento da folha e\/ou fornecedores, recomposi\u00e7\u00e3o de estoques e custos para manuten\u00e7\u00e3o e retomada de atividades.<\/p>\n<p>\u00b7\u00a0\u00a0\u00a0\u00a0\u00a0\u00a0\u00a0 \u00a0Valor m\u00e1ximo por cliente: at\u00e9 R$ 400 milh\u00f5es<\/p>\n<p>\u00b7\u00a0\u00a0\u00a0\u00a0\u00a0\u00a0\u00a0 \u00a0Prazo: at\u00e9 cinco anos (at\u00e9 um ano de car\u00eancia)<\/p>\n<p>\u00b7\u00a0\u00a0\u00a0\u00a0\u00a0\u00a0\u00a0 \u00a0Taxa de juros: at\u00e9 0,9% ao m\u00eas.<\/p>\n<h2>BNDES Emergencial para o RS<\/h2>\n<p>Os R$ 15 bilh\u00f5es disponibilizados pelo BNDES, por meio do Programa Emergencial para o Rio Grande do Sul, s\u00e3o do super\u00e1vit financeiro do Fundo Social, conforme a <a href=\"https:\/\/legislacao.presidencia.gov.br\/atos\/?tipo=MPV&amp;numero=1226&amp;ano=2024&amp;ato=348gXQ61ENZpWTda9\" target=\"_blank\" rel=\"noopener\">Medida Provis\u00f3ria n\u00ba 1.226<\/a>, publicada em 29 de maio de 2024.<\/p>\n<p>A Resolu\u00e7\u00e3o n\u00ba 5.140\/2024 do Conselho Monet\u00e1rio Nacional (CMN), aprovada em 5 de junho, definiu <a href=\"https:\/\/agenciabrasil.ebc.com.br\/economia\/noticia\/2024-06\/linhas-para-socorrer-empresas-gauchas-terao-juros-de-6-12-ao-ano\" target=\"_blank\" rel=\"noopener\">condi\u00e7\u00f5es financeiras para o acesso ao cr\u00e9dito<\/a>.\u00a0<\/p>\n<p>As linhas especiais de cr\u00e9dito para socorrer empresas afetadas pelas enchentes no Rio Grande do Sul ter\u00e3o juros de 6% a 12% ao ano, dependendo do tamanho da empresa e da finalidade do cr\u00e9dito.<\/p>\n<p>No caso das pessoas jur\u00eddicas, a concess\u00e3o de cr\u00e9dito \u00e9 condicionada \u00e0 manuten\u00e7\u00e3o ou amplia\u00e7\u00e3o do n\u00famero de empregos existentes antes das enchentes no Rio Grande do Sul.<\/p>\n<p>O banco federal criou um <a href=\"https:\/\/www.bndes.gov.br\/wps\/portal\/site\/home\/emergenciais\/medidas-emergenciais-rio-grande-do-sul\/perguntas-e-respostas-rs-novo-07.06\/!ut\/p\/z1\/zZPNcpswFIWfpQsvhQQYA90xridODeN2UieGjUeAAHWMpEiy3bx9Lq477XQakjSbsIKrc_-OPnCBt7gQ9MhbarkUdA_feTHbhV-v5stk6qbRrReR2WZ1E2Sbtb9KXXx3FpAnnoTgYjz_Fhe4qIRVtsN5KWpmdlwYy-2hOk8wIZ3s2YT0rOY1NYgqySViPdMtExWn3Pw--zOKNMhaTaEiqiUyB6ik4Pgg7KBEmhklzfCuDRLyKBEJHTIbplEVr3HeVCQuPS9CoUtiNA3rEEURISiirhc2zKuDIL5sP7JeMW7O5-fsAf89nc2zFsaitkNcNBJvX7IIZPLv9_dFAvZKYdkPi7fvwN-7weGRnYl3EaTxarGcrkm6vvYXJFnO02C6WLlXsX8RjNiaw7WET7b4BNQeOTvhjZC6B8hvXnnry2c7hG_sMF7-2-yN5QG7di_Ln_93Iko_Ar40a5hm2jloCHfWKvNxQibkdDo5Z26cVh6dUkNEARNKajvQY7hlvxj6P2qaliPFaIWM3EMCKP41VQcw4e3fw2DVb_rIf0BF-eAT_qWfl1G28IO232U2yJMPj6W2c5Q!\/dz\/d5\/L2dBISEvZ0FBIS9nQSEh\/\" target=\"_blank\" rel=\"noopener\">site para tirar d\u00favidas<\/a> sobre as medidas emergenciais para o Rio Grande do Sul.\u00a0\u00a0<\/p>\n<\/p><\/div>\n<p><br \/>\n<br \/><a href=\"https:\/\/agenciabrasil.ebc.com.br\/economia\/noticia\/2024-06\/empresarios-prejudicados-no-rs-ja-podem-solicitar-credito-do-bndes\" rel=\"noopener\">Ag\u00eancia Brasil<\/a><\/p>\n","protected":false},"excerpt":{"rendered":"<p>Empres\u00e1rios de diferentes portes, cooperativas, produtores rurais, transportadores aut\u00f4nomos de carga e empres\u00e1rios individuais (MEIs) de 95 munic\u00edpios em estado de calamidade p\u00fablica no Rio Grande do Sul podem enviar propostas de cr\u00e9dito\u00a0a partir desta ter\u00e7a-feira (11) para acessar os recursos de R$ 15 bilh\u00f5es do Banco Nacional de Desenvolvimento Econ\u00f4mico e Social (BNDES), na [&hellip;]<\/p>\n","protected":false},"author":1,"featured_media":8118,"comment_status":"open","ping_status":"open","sticky":false,"template":"","format":"standard","meta":{"_jetpack_newsletter_access":"","_jetpack_dont_email_post_to_subs":false,"_jetpack_newsletter_tier_id":0,"_jetpack_memberships_contains_paywalled_content":false,"_mbp_banners":[],"_jetpack_feature_clip_id":0,"_jetpack_memberships_contains_paid_content":false,"footnotes":"","jetpack_publicize_message":"","jetpack_publicize_feature_enabled":true,"jetpack_social_post_already_shared":true,"jetpack_social_options":{"image_generator_settings":{"template":"highway","default_image_id":0,"font":"","enabled":false},"version":2},"jetpack_post_was_ever_published":false},"categories":[24],"tags":[],"class_list":["post-8117","post","type-post","status-publish","format-standard","has-post-thumbnail","category-economia"],"jetpack_publicize_connections":[],"jetpack-related-posts":[],"jetpack_shortlink":"https:\/\/wp.me\/p7Eq1F-26V","jetpack_sharing_enabled":true,"jetpack_featured_media_url":"https:\/\/i0.wp.com\/guialimeira.com.br\/news\/wp-content\/uploads\/2024\/06\/b75f6e7b-9ccd-4540-94f9-6355d8dbd227.jpeg?fit=1600%2C800&ssl=1","_links":{"self":[{"href":"https:\/\/guialimeira.com.br\/news\/wp-json\/wp\/v2\/posts\/8117","targetHints":{"allow":["GET"]}}],"collection":[{"href":"https:\/\/guialimeira.com.br\/news\/wp-json\/wp\/v2\/posts"}],"about":[{"href":"https:\/\/guialimeira.com.br\/news\/wp-json\/wp\/v2\/types\/post"}],"author":[{"embeddable":true,"href":"https:\/\/guialimeira.com.br\/news\/wp-json\/wp\/v2\/users\/1"}],"replies":[{"embeddable":true,"href":"https:\/\/guialimeira.com.br\/news\/wp-json\/wp\/v2\/comments?post=8117"}],"version-history":[{"count":0,"href":"https:\/\/guialimeira.com.br\/news\/wp-json\/wp\/v2\/posts\/8117\/revisions"}],"wp:featuredmedia":[{"embeddable":true,"href":"https:\/\/guialimeira.com.br\/news\/wp-json\/wp\/v2\/media\/8118"}],"wp:attachment":[{"href":"https:\/\/guialimeira.com.br\/news\/wp-json\/wp\/v2\/media?parent=8117"}],"wp:term":[{"taxonomy":"category","embeddable":true,"href":"https:\/\/guialimeira.com.br\/news\/wp-json\/wp\/v2\/categories?post=8117"},{"taxonomy":"post_tag","embeddable":true,"href":"https:\/\/guialimeira.com.br\/news\/wp-json\/wp\/v2\/tags?post=8117"}],"curies":[{"name":"wp","href":"https:\/\/api.w.org\/{rel}","templated":true}]}}