{"id":8115,"date":"2024-06-11T12:16:18","date_gmt":"2024-06-11T15:16:18","guid":{"rendered":"https:\/\/guialimeira.com.br\/2024\/06\/11\/oficina-relevos-botanicos-se-inicia-nesta-quinta-13\/"},"modified":"2024-06-11T12:16:18","modified_gmt":"2024-06-11T15:16:18","slug":"oficina-relevos-botanicos-se-inicia-nesta-quinta-13","status":"publish","type":"post","link":"https:\/\/guialimeira.com.br\/news\/oficina-relevos-botanicos-se-inicia-nesta-quinta-13\/","title":{"rendered":"Oficina \u201cRelevos Bot\u00e2nicos\u201d se inicia nesta quinta (13)"},"content":{"rendered":"<p> <br \/>\n<\/p>\n<div>\n            <main class=\"\">&#13;<br \/>\n                &#13;<br \/>\n&#13;<br \/>\n&#13;<br \/>\n&#13;<br \/>\n    <img data-recalc-dims=\"1\" decoding=\"async\" src=\"https:\/\/i0.wp.com\/ecrie.com.br\/sistema\/conteudos\/imagem\/m_137_0_1_11062024113337.jpeg?w=696&#038;ssl=1\" alt=\"Oficina \u201cRelevos Bot\u00e2nicos\u201d se inicia nesta quinta (13)\"\/>&#13;<br \/>\n&#13;<\/p>\n<p dir=\"ltr\" style=\"text-align: justify;\">Com inscri\u00e7\u00f5es j\u00e1 preenchidas, o\u00a0projeto Pseudof\u00f3sseis Afetivos traz a oficina \u201cRelevos Bot\u00e2nicos\u201d, que se inicia nesta quinta-feira (13), tendo por objetivo explorar as plantas como matrizes para impress\u00f5es em diversos materiais. As aulas acontecem na Secretaria Municipal da Educa\u00e7\u00e3o, com a primeira turma nos dias 13 e 14, das 18h \u00e0s 21h; e a segunda turma nos dias 20 e 21, das 18h \u00e0s 21h.\u00a0 O encontro final acontece\u00a0no dia 29, \u00e0s 9h. O projeto \u00e9 contemplado com recursos da Lei Paulo Gustavo do Minist\u00e9rio da Cultura do Governo Federal e Prefeitura de Limeira, atrav\u00e9s da Secretaria de Cultura.<\/p>\n<p>&#13;<\/p>\n<p dir=\"ltr\" style=\"text-align: justify;\">Os participantes utilizar\u00e3o plantas que ser\u00e3o coletadas em seus espa\u00e7os de viv\u00eancia para a elabora\u00e7\u00e3o de relevos em argilas e gesso, com propostas de atividades pr\u00e1ticas que possam ser desenvolvidas em espa\u00e7os variados, utilizando equipamentos e materiais acess\u00edveis. O projeto prop\u00f5e a cria\u00e7\u00e3o de dois paineis art\u00edsticos que receber\u00e3o o t\u00edtulo de \u201cPseudof\u00f3sseis Afetivos\u201d, que devem ser instalados em um espa\u00e7o p\u00fablico da cidade de Limeira. As aulas ser\u00e3o ministradas por Cl\u00e1udia Fabio e Fl\u00e1via F\u00e1bio.<\/p>\n<p>&#13;<\/p>\n<p dir=\"ltr\" style=\"text-align: justify;\">A Secretaria de Educa\u00e7\u00e3o fica no Parque Cidade (Rua Jo\u00e3o Kuhl Filho, s\/n\u00ba &#8211; Vila S\u00e3o Jo\u00e3o).<\/p>\n<p>&#13;<br \/>\n&#13;<br \/>\n&#13;<br \/>\n&#13;<\/p>\n<aside class=\"list-related no-print\">&#13;<br \/>\n        &#13;<br \/>\n&#13;<\/p>\n<article class=\"list-item noticias \">&#13;<br \/>\n                    <a class=\"list-item__img\" href=\"https:\/\/limeira.sp.gov.br\/imprensa\/noticias\/cultura\/curso-acessibilidade-e-inclusao-social-em-museus-acontece-nesta-quinta-13\" tabindex=\"-1\" aria-hidden=\"true\" rel=\"noopener\">&#13;<br \/>\n                        <img data-recalc-dims=\"1\" decoding=\"async\" src=\"https:\/\/i0.wp.com\/ecrie.com.br\/sistema\/conteudos\/imagem\/m_137_0_1_11062024113121.jpeg?w=696&#038;ssl=1\" alt=\"Curso \u201cAcessibilidade e Inclus\u00e3o Social em Museus\u201d acontece nesta quinta (13)\"\/>&#13;<br \/>\n                    <\/a>&#13;<br \/>\n&#13;<br \/>\n                &#13;<br \/>\n            <\/article>\n<p>&#13;<\/p>\n<article class=\"list-item noticias \">&#13;<br \/>\n                    <a class=\"list-item__img\" href=\"https:\/\/limeira.sp.gov.br\/imprensa\/noticias\/cultura\/saiba-como-doar-livros-a-biblioteca-municipal\" tabindex=\"-1\" aria-hidden=\"true\" rel=\"noopener\">&#13;<br \/>\n                        <img data-recalc-dims=\"1\" decoding=\"async\" src=\"https:\/\/i0.wp.com\/ecrie.com.br\/sistema\/conteudos\/imagem\/m_137_0_1_10062024125643.jpg?w=696&#038;ssl=1\" alt=\"Saiba como doar livros \u00e0 Biblioteca Municipal\"\/>&#13;<br \/>\n                    <\/a>&#13;<br \/>\n&#13;<br \/>\n                &#13;<br \/>\n            <\/article>\n<p>&#13;<\/p>\n<article class=\"list-item noticias \">&#13;<br \/>\n                    <a class=\"list-item__img\" href=\"https:\/\/limeira.sp.gov.br\/imprensa\/noticias\/cultura\/biblioteca-municipal-recebe-comboio-da-contacao-nesta-quarta-12\" tabindex=\"-1\" aria-hidden=\"true\" rel=\"noopener\">&#13;<br \/>\n                        <img data-recalc-dims=\"1\" decoding=\"async\" src=\"https:\/\/i0.wp.com\/ecrie.com.br\/sistema\/conteudos\/imagem\/m_137_0_1_10062024112252.jpg?w=696&#038;ssl=1\" alt=\"Biblioteca Municipal recebe \u201cComboio da Conta\u00e7\u00e3o\u201d, nesta quarta (12)\"\/>&#13;<br \/>\n                    <\/a>&#13;<br \/>\n&#13;<br \/>\n                &#13;<br \/>\n            <\/article>\n<p>&#13;<br \/>\n    <\/aside>\n<p>&#13;<br \/>\n&#13;<br \/>\n            <\/main><\/p><\/div>\n<p><br \/>\n<br \/><a href=\"https:\/\/limeira.sp.gov.br\/oficina-relevos-botanicos-se-inicia-nesta-quinta-13\" rel=\"noopener\">Informa\u00e7\u00f5es da PML <\/a><\/p>\n","protected":false},"excerpt":{"rendered":"<p>&#13; &#13; &#13; &#13; &#13; &#13; &#13; Com inscri\u00e7\u00f5es j\u00e1 preenchidas, o\u00a0projeto Pseudof\u00f3sseis Afetivos traz a oficina \u201cRelevos Bot\u00e2nicos\u201d, que se inicia nesta quinta-feira (13), tendo por objetivo explorar as plantas como matrizes para impress\u00f5es em diversos materiais. As aulas acontecem na Secretaria Municipal da Educa\u00e7\u00e3o, com a primeira turma nos dias 13 e 14, [&hellip;]<\/p>\n","protected":false},"author":1,"featured_media":8116,"comment_status":"open","ping_status":"open","sticky":false,"template":"","format":"standard","meta":{"_jetpack_newsletter_access":"","_jetpack_dont_email_post_to_subs":false,"_jetpack_newsletter_tier_id":0,"_jetpack_memberships_contains_paywalled_content":false,"_mbp_banners":[],"_jetpack_feature_clip_id":0,"_jetpack_memberships_contains_paid_content":false,"footnotes":"","jetpack_publicize_message":"","jetpack_publicize_feature_enabled":true,"jetpack_social_post_already_shared":true,"jetpack_social_options":{"image_generator_settings":{"template":"highway","default_image_id":0,"font":"","enabled":false},"version":2},"jetpack_post_was_ever_published":false},"categories":[16],"tags":[],"class_list":["post-8115","post","type-post","status-publish","format-standard","has-post-thumbnail","category-local"],"jetpack_publicize_connections":[],"jetpack-related-posts":[],"jetpack_shortlink":"https:\/\/wp.me\/p7Eq1F-26T","jetpack_sharing_enabled":true,"jetpack_featured_media_url":"https:\/\/i0.wp.com\/guialimeira.com.br\/news\/wp-content\/uploads\/2024\/06\/m_137_0_1_11062024113337.jpeg?fit=760%2C760&ssl=1","_links":{"self":[{"href":"https:\/\/guialimeira.com.br\/news\/wp-json\/wp\/v2\/posts\/8115","targetHints":{"allow":["GET"]}}],"collection":[{"href":"https:\/\/guialimeira.com.br\/news\/wp-json\/wp\/v2\/posts"}],"about":[{"href":"https:\/\/guialimeira.com.br\/news\/wp-json\/wp\/v2\/types\/post"}],"author":[{"embeddable":true,"href":"https:\/\/guialimeira.com.br\/news\/wp-json\/wp\/v2\/users\/1"}],"replies":[{"embeddable":true,"href":"https:\/\/guialimeira.com.br\/news\/wp-json\/wp\/v2\/comments?post=8115"}],"version-history":[{"count":0,"href":"https:\/\/guialimeira.com.br\/news\/wp-json\/wp\/v2\/posts\/8115\/revisions"}],"wp:featuredmedia":[{"embeddable":true,"href":"https:\/\/guialimeira.com.br\/news\/wp-json\/wp\/v2\/media\/8116"}],"wp:attachment":[{"href":"https:\/\/guialimeira.com.br\/news\/wp-json\/wp\/v2\/media?parent=8115"}],"wp:term":[{"taxonomy":"category","embeddable":true,"href":"https:\/\/guialimeira.com.br\/news\/wp-json\/wp\/v2\/categories?post=8115"},{"taxonomy":"post_tag","embeddable":true,"href":"https:\/\/guialimeira.com.br\/news\/wp-json\/wp\/v2\/tags?post=8115"}],"curies":[{"name":"wp","href":"https:\/\/api.w.org\/{rel}","templated":true}]}}