{"id":8111,"date":"2024-06-11T12:02:55","date_gmt":"2024-06-11T15:02:55","guid":{"rendered":"https:\/\/guialimeira.com.br\/2024\/06\/11\/producao-de-motos-cresce-34-e-tem-melhor-resultado-em-13-anos\/"},"modified":"2024-06-11T12:02:55","modified_gmt":"2024-06-11T15:02:55","slug":"producao-de-motos-cresce-34-e-tem-melhor-resultado-em-13-anos","status":"publish","type":"post","link":"https:\/\/guialimeira.com.br\/news\/producao-de-motos-cresce-34-e-tem-melhor-resultado-em-13-anos\/","title":{"rendered":"Produ\u00e7\u00e3o de motos cresce 3,4% e tem melhor resultado em 13 anos"},"content":{"rendered":"<p> <br \/>\n<\/p>\n<div>\n<p>A melhoria da renda e o pre\u00e7o acess\u00edvel aos brasileiros s\u00e3o os principais motivos para o recorde de produ\u00e7\u00e3o de motocicletas de ind\u00fastrias instaladas no Polo Industrial de Manaus (PIM). Em maio, foram fabricadas 160.389 unidades, sendo o melhor n\u00famero para o m\u00eas de maio desde 2012, de acordo com levantamento da Associa\u00e7\u00e3o Brasileira dos Fabricantes de Motocicletas, Ciclomotores, Motonetas, Bicicletas e Similares (Abraciclo), divulgado nesta ter\u00e7a-feira (11), em S\u00e3o Paulo.<img data-recalc-dims=\"1\" decoding=\"async\" src=\"https:\/\/i0.wp.com\/agenciabrasil.ebc.com.br\/ebc.png?w=696&#038;ssl=1\" style=\"width:1px; height:1px; display:inline;\"\/><img data-recalc-dims=\"1\" decoding=\"async\" src=\"https:\/\/i0.wp.com\/agenciabrasil.ebc.com.br\/ebc.gif?w=696&#038;ssl=1\" style=\"width:1px; height:1px; display:inline;\"\/><\/p>\n<p>Na compara\u00e7\u00e3o com 2023, o resultado de maio foi 3,4% superior, embora tenha apontado queda de 1,8% na compara\u00e7\u00e3o com abril. Essa redu\u00e7\u00e3o\u00a0\u00e9 atribu\u00edda ao menor n\u00famero de dias \u00fateis (dois dias a menos) e tamb\u00e9m por causa dos feriados do Dia do Trabalho e <em>Corpus Christi<\/em>.<\/p>\n<p>Em rela\u00e7\u00e3o \u00e0 produ\u00e7\u00e3o de motocicletas de janeiro a maio, correspondente a 761.734 unidades, a alta foi de 13,8% em rela\u00e7\u00e3o a igual per\u00edodo de 2023, sendo tamb\u00e9m o melhor resultado dos \u00faltimos 13 anos. A produ\u00e7\u00e3o de modelos bicombust\u00edveis nos cinco primeiros meses deste ano foi 16,7% maior que o mesmo per\u00edodo do ano passado, com 497,9 mil unidades.<\/p>\n<h2>Planejamento<\/h2>\n<p>Segundo o presidente da Abraciclo, Marcos Bento, todas as f\u00e1bricas est\u00e3o cumprindo o planejamento de atender a demanda do mercado, que segue tend\u00eancia de alta. Essa maior demanda, considerando o impacto positivo da melhoria da renda dos brasileiros, reflete a maior procura por motos, algo mantido desde a pandemia. Muitas pessoas passaram a usar motos como instrumento de trabalho e fonte de renda. Outros fatores decisivos s\u00e3o o pre\u00e7o acess\u00edvel, o baixo custo de manuten\u00e7\u00e3o, economia e liberdade de locomo\u00e7\u00e3o para evitar aglomera\u00e7\u00f5es do transporte p\u00fablico. \u00a0<\/p>\n<p>Os licenciamentos em maio somaram 164.533 unidades, alta de 1,9% em rela\u00e7\u00e3o a maio de 2023. Foi o melhor resultado desde 2011. A categoria de motocicleta mais emplacada foi a <em>Street<\/em>, com 77.117 unidades, o que indica uma participa\u00e7\u00e3o de 46,9% no mercado. Os licenciamentos acumulados de janeiro a maio deste ano somaram 767.281 unidades, um crescimento de 19,9% em rela\u00e7\u00e3o ao mesmo per\u00edodo de 2023, sendo o melhor resultado desde 2008.<\/p>\n<h2>Frota nacional<\/h2>\n<p>Motocicletas<\/p>\n<ul>\n<li>Mais de 33 milh\u00f5es de unidades<\/li>\n<li>1,6 milh\u00e3o de unidades produzidas por ano<\/li>\n<li>6\u00ba maior produtor mundial<\/li>\n<\/ul>\n<p>Bicicletas<\/p>\n<ul>\n<li>Mais de 70 milh\u00f5es de unidades<\/li>\n<li>2,5 milh\u00f5es de unidades produzidas por ano<\/li>\n<li>4\u00ba maior produtor mundial<\/li>\n<\/ul><\/div>\n<p><br \/>\n<br \/><a href=\"https:\/\/agenciabrasil.ebc.com.br\/economia\/noticia\/2024-06\/producao-de-motos-cresce-34-e-tem-melhor-resultado-em-13-anos\" rel=\"noopener\">Ag\u00eancia Brasil<\/a><\/p>\n","protected":false},"excerpt":{"rendered":"<p>A melhoria da renda e o pre\u00e7o acess\u00edvel aos brasileiros s\u00e3o os principais motivos para o recorde de produ\u00e7\u00e3o de motocicletas de ind\u00fastrias instaladas no Polo Industrial de Manaus (PIM). Em maio, foram fabricadas 160.389 unidades, sendo o melhor n\u00famero para o m\u00eas de maio desde 2012, de acordo com levantamento da Associa\u00e7\u00e3o Brasileira dos [&hellip;]<\/p>\n","protected":false},"author":1,"featured_media":8112,"comment_status":"open","ping_status":"open","sticky":false,"template":"","format":"standard","meta":{"_jetpack_newsletter_access":"","_jetpack_dont_email_post_to_subs":false,"_jetpack_newsletter_tier_id":0,"_jetpack_memberships_contains_paywalled_content":false,"_mbp_banners":[],"_jetpack_feature_clip_id":0,"_jetpack_memberships_contains_paid_content":false,"footnotes":"","jetpack_publicize_message":"","jetpack_publicize_feature_enabled":true,"jetpack_social_post_already_shared":true,"jetpack_social_options":{"image_generator_settings":{"template":"highway","default_image_id":0,"font":"","enabled":false},"version":2},"jetpack_post_was_ever_published":false},"categories":[24],"tags":[],"class_list":["post-8111","post","type-post","status-publish","format-standard","has-post-thumbnail","category-economia"],"jetpack_publicize_connections":[],"jetpack-related-posts":[],"jetpack_shortlink":"https:\/\/wp.me\/p7Eq1F-26P","jetpack_sharing_enabled":true,"jetpack_featured_media_url":"https:\/\/i0.wp.com\/guialimeira.com.br\/news\/wp-content\/uploads\/2024\/06\/industrias_fabricas_de_motocicletas_industrias_fabricas_santos_fc2610100918.jpg?fit=1600%2C800&ssl=1","_links":{"self":[{"href":"https:\/\/guialimeira.com.br\/news\/wp-json\/wp\/v2\/posts\/8111","targetHints":{"allow":["GET"]}}],"collection":[{"href":"https:\/\/guialimeira.com.br\/news\/wp-json\/wp\/v2\/posts"}],"about":[{"href":"https:\/\/guialimeira.com.br\/news\/wp-json\/wp\/v2\/types\/post"}],"author":[{"embeddable":true,"href":"https:\/\/guialimeira.com.br\/news\/wp-json\/wp\/v2\/users\/1"}],"replies":[{"embeddable":true,"href":"https:\/\/guialimeira.com.br\/news\/wp-json\/wp\/v2\/comments?post=8111"}],"version-history":[{"count":0,"href":"https:\/\/guialimeira.com.br\/news\/wp-json\/wp\/v2\/posts\/8111\/revisions"}],"wp:featuredmedia":[{"embeddable":true,"href":"https:\/\/guialimeira.com.br\/news\/wp-json\/wp\/v2\/media\/8112"}],"wp:attachment":[{"href":"https:\/\/guialimeira.com.br\/news\/wp-json\/wp\/v2\/media?parent=8111"}],"wp:term":[{"taxonomy":"category","embeddable":true,"href":"https:\/\/guialimeira.com.br\/news\/wp-json\/wp\/v2\/categories?post=8111"},{"taxonomy":"post_tag","embeddable":true,"href":"https:\/\/guialimeira.com.br\/news\/wp-json\/wp\/v2\/tags?post=8111"}],"curies":[{"name":"wp","href":"https:\/\/api.w.org\/{rel}","templated":true}]}}