{"id":8109,"date":"2024-06-11T11:15:44","date_gmt":"2024-06-11T14:15:44","guid":{"rendered":"https:\/\/guialimeira.com.br\/2024\/06\/11\/sorteio-entre-inscritos-para-residencial-laranjeiras-acontece-nesta-quarta-12\/"},"modified":"2024-06-11T11:15:44","modified_gmt":"2024-06-11T14:15:44","slug":"sorteio-entre-inscritos-para-residencial-laranjeiras-acontece-nesta-quarta-12","status":"publish","type":"post","link":"https:\/\/guialimeira.com.br\/news\/sorteio-entre-inscritos-para-residencial-laranjeiras-acontece-nesta-quarta-12\/","title":{"rendered":"Sorteio entre inscritos para Residencial Laranjeiras acontece nesta quarta (12)"},"content":{"rendered":"<p> <br \/>\n<\/p>\n<div>\n            <main class=\"\">&#13;<br \/>\n                &#13;<br \/>\n&#13;<br \/>\n&#13;<br \/>\n&#13;<br \/>\n    <img data-recalc-dims=\"1\" decoding=\"async\" src=\"https:\/\/i0.wp.com\/ecrie.com.br\/sistema\/conteudos\/imagem\/m_137_0_1_04062024165622.jpeg?w=696&#038;ssl=1\" alt=\"Sorteio entre inscritos para Residencial Laranjeiras acontece nesta quarta (12)\"\/>&#13;<br \/>\n&#13;<\/p>\n<p style=\"text-align: justify;\" align=\"justify\">Acontece nesta quarta-feira (12) o sorteio de 121 unidades \u2013 a pre\u00e7o social \u2013 para o Residencial Laranjeiras, no Jardim Manac\u00e1, em Limeira, dentro do programa Nossa Casa, do Governo Estadual. A lista final dos inscritos interessados nas unidades habitacionais (apartamentos) foi publicada na \u00faltima semana pela Secretaria de Desenvolvimento Urbano e Habita\u00e7\u00e3o e pode ser consultada <a href=\"https:\/\/www.nossacasa.sp.gov.br\/arquivos\/01._Lista_de_inscritos_p%C3%B3s_recursos_-_Limeira_PROGRAMA_CASA_PAULISTA-PRE%C3%87O_SOCIAL.pdf\" rel=\"noopener\">aqui<\/a>.<\/p>\n<p>&#13;<\/p>\n<p style=\"text-align: justify;\" align=\"justify\">Secret\u00e1ria de Habita\u00e7\u00e3o, Marcela Sisc\u00e3o explica que dos 121 beneficiados para o programa, 12 ser\u00e3o sorteados entre os indicados pela Prefeitura de Limeira, considerando-se aspectos de vulnerabilidade social. \u201cEssas fam\u00edlias fazem parte do programa Aluguel Social e foram indicadas pelo Centro de Promo\u00e7\u00e3o Social Municipal (Ceprosom)\u201d, observa.<\/p>\n<p>&#13;<\/p>\n<p style=\"text-align: justify;\" align=\"justify\">Para acompanhar o sorteio, basta acessar os canais do YouTube da Prefeitura (<span style=\"color: #000080;\"><span lang=\"zxx\"><u><a href=\"https:\/\/www.youtube.com\/preflimeira\" rel=\"noopener\">youtube.com\/preflimeira<\/a><\/u><\/span><\/span>) ou da Secretaria de Desenvolvimento Urbano e Habita\u00e7\u00e3o (<span style=\"color: #000080;\"><span lang=\"zxx\"><u><a href=\"http:\/\/limeira.sp.gov.br\/cdn-cgi\/l\/email-protection#c4bdabb1b0b1a6a1eaa7aba9eb84aca5a6adb0a5a7a5ab9bb7b4\" rel=\"noopener\">youtube.com\/@habitacao_sp<\/a><\/u><\/span><\/span>).<\/p>\n<p>&#13;<br \/>\n&#13;<br \/>\n&#13;<br \/>\n&#13;<\/p>\n<aside class=\"list-related no-print\">&#13;<br \/>\n        &#13;<br \/>\n&#13;<\/p>\n<article class=\"list-item noticias \">&#13;<br \/>\n                    <a class=\"list-item__img\" href=\"https:\/\/limeira.sp.gov.br\/imprensa\/noticias\/habitacao\/lista-final-de-inscritos-para-residencial-laranjeiras-e-divulgada-sorteio-sera-dia-12\" tabindex=\"-1\" aria-hidden=\"true\" rel=\"noopener\">&#13;<br \/>\n                        <img data-recalc-dims=\"1\" decoding=\"async\" src=\"https:\/\/i0.wp.com\/ecrie.com.br\/sistema\/conteudos\/imagem\/m_137_0_1_04062024165622.jpeg?w=696&#038;ssl=1\" alt=\"Lista final de inscritos para Residencial Laranjeiras \u00e9 divulgada; sorteio ser\u00e1 dia 12\"\/>&#13;<br \/>\n                    <\/a>&#13;<br \/>\n&#13;<br \/>\n                &#13;<br \/>\n            <\/article>\n<p>&#13;<\/p>\n<article class=\"list-item noticias \">&#13;<br \/>\n                    <a class=\"list-item__img\" href=\"https:\/\/limeira.sp.gov.br\/imprensa\/noticias\/habitacao\/apos-obras-secretaria-de-habitacao-suspende-atendimento-presencial-na-quinta-e-na-sexta-para-adequacao\" tabindex=\"-1\" aria-hidden=\"true\" rel=\"noopener\">&#13;<br \/>\n                        <img data-recalc-dims=\"1\" decoding=\"async\" src=\"https:\/\/i0.wp.com\/ecrie.com.br\/sistema\/conteudos\/imagem\/m_137_0_1_08052024174722.jpg?w=696&#038;ssl=1\" alt=\"Ap\u00f3s obras, Secretaria de Habita\u00e7\u00e3o suspende atendimento presencial na quinta e na sexta para adequa\u00e7\u00e3o\"\/>&#13;<br \/>\n                    <\/a>&#13;<br \/>\n&#13;<br \/>\n                &#13;<br \/>\n            <\/article>\n<p>&#13;<\/p>\n<article class=\"list-item noticias \">&#13;<br \/>\n                    <a class=\"list-item__img\" href=\"https:\/\/limeira.sp.gov.br\/imprensa\/noticias\/habitacao\/botion-fala-em-nome-de-prefeitos-em-anuncio-de-tarcisio-sobre-moradias\" tabindex=\"-1\" aria-hidden=\"true\" rel=\"noopener\">&#13;<br \/>\n                        <img data-recalc-dims=\"1\" decoding=\"async\" src=\"https:\/\/i0.wp.com\/ecrie.com.br\/sistema\/conteudos\/imagem\/m_137_0_6_26042024170352.jpg?w=696&#038;ssl=1\" alt=\"Botion fala em nome de prefeitos em an\u00fancio de Tarc\u00edsio sobre moradias\"\/>&#13;<br \/>\n                    <\/a>&#13;<br \/>\n&#13;<br \/>\n                &#13;<br \/>\n            <\/article>\n<p>&#13;<br \/>\n    <\/aside>\n<p>&#13;<br \/>\n&#13;<br \/>\n            <\/main><\/p><\/div>\n<p><br \/>\n<br \/><a href=\"https:\/\/limeira.sp.gov.br\/sorteio-entre-inscritos-para-residencial-laranjeiras-acontece-nesta-quarta-12\" rel=\"noopener\">Informa\u00e7\u00f5es da PML <\/a><\/p>\n","protected":false},"excerpt":{"rendered":"<p>&#13; &#13; &#13; &#13; &#13; &#13; &#13; Acontece nesta quarta-feira (12) o sorteio de 121 unidades \u2013 a pre\u00e7o social \u2013 para o Residencial Laranjeiras, no Jardim Manac\u00e1, em Limeira, dentro do programa Nossa Casa, do Governo Estadual. A lista final dos inscritos interessados nas unidades habitacionais (apartamentos) foi publicada na \u00faltima semana pela Secretaria [&hellip;]<\/p>\n","protected":false},"author":1,"featured_media":7454,"comment_status":"open","ping_status":"open","sticky":false,"template":"","format":"standard","meta":{"_jetpack_newsletter_access":"","_jetpack_dont_email_post_to_subs":false,"_jetpack_newsletter_tier_id":0,"_jetpack_memberships_contains_paywalled_content":false,"_mbp_banners":[],"_jetpack_feature_clip_id":0,"_jetpack_memberships_contains_paid_content":false,"footnotes":"","jetpack_publicize_message":"","jetpack_publicize_feature_enabled":true,"jetpack_social_post_already_shared":true,"jetpack_social_options":{"image_generator_settings":{"template":"highway","default_image_id":0,"font":"","enabled":false},"version":2},"jetpack_post_was_ever_published":false},"categories":[16],"tags":[],"class_list":["post-8109","post","type-post","status-publish","format-standard","has-post-thumbnail","category-local"],"jetpack_publicize_connections":[],"jetpack-related-posts":[],"jetpack_shortlink":"https:\/\/wp.me\/p7Eq1F-26N","jetpack_sharing_enabled":true,"jetpack_featured_media_url":"https:\/\/i0.wp.com\/guialimeira.com.br\/news\/wp-content\/uploads\/2024\/06\/m_137_0_1_04062024165622.jpeg?fit=1600%2C900&ssl=1","_links":{"self":[{"href":"https:\/\/guialimeira.com.br\/news\/wp-json\/wp\/v2\/posts\/8109","targetHints":{"allow":["GET"]}}],"collection":[{"href":"https:\/\/guialimeira.com.br\/news\/wp-json\/wp\/v2\/posts"}],"about":[{"href":"https:\/\/guialimeira.com.br\/news\/wp-json\/wp\/v2\/types\/post"}],"author":[{"embeddable":true,"href":"https:\/\/guialimeira.com.br\/news\/wp-json\/wp\/v2\/users\/1"}],"replies":[{"embeddable":true,"href":"https:\/\/guialimeira.com.br\/news\/wp-json\/wp\/v2\/comments?post=8109"}],"version-history":[{"count":0,"href":"https:\/\/guialimeira.com.br\/news\/wp-json\/wp\/v2\/posts\/8109\/revisions"}],"wp:featuredmedia":[{"embeddable":true,"href":"https:\/\/guialimeira.com.br\/news\/wp-json\/wp\/v2\/media\/7454"}],"wp:attachment":[{"href":"https:\/\/guialimeira.com.br\/news\/wp-json\/wp\/v2\/media?parent=8109"}],"wp:term":[{"taxonomy":"category","embeddable":true,"href":"https:\/\/guialimeira.com.br\/news\/wp-json\/wp\/v2\/categories?post=8109"},{"taxonomy":"post_tag","embeddable":true,"href":"https:\/\/guialimeira.com.br\/news\/wp-json\/wp\/v2\/tags?post=8109"}],"curies":[{"name":"wp","href":"https:\/\/api.w.org\/{rel}","templated":true}]}}