{"id":810,"date":"2024-04-03T09:48:45","date_gmt":"2024-04-03T12:48:45","guid":{"rendered":"https:\/\/guialimeira.com.br\/2024\/04\/03\/tre-retoma-julgamento-que-pode-cassar-sergio-moro\/"},"modified":"2024-04-03T09:48:45","modified_gmt":"2024-04-03T12:48:45","slug":"tre-retoma-julgamento-que-pode-cassar-sergio-moro","status":"publish","type":"post","link":"https:\/\/guialimeira.com.br\/news\/tre-retoma-julgamento-que-pode-cassar-sergio-moro\/","title":{"rendered":"TRE retoma julgamento que pode cassar Sergio Moro"},"content":{"rendered":"<p> <br \/>\n<\/p>\n<div>\n<p>O Tribunal Regional Eleitoral (TRE) do Paran\u00e1 retoma nesta quarta-feira (3) o julgamento dos processos que podem levar \u00e0 cassa\u00e7\u00e3o do mandato do senador Sergio Moro (Uni\u00e3o-PR), ex-juiz da Opera\u00e7\u00e3o Lava Jato.\u00a0A sess\u00e3o est\u00e1 prevista para come\u00e7ar \u00e0s 14h.\u00a0<img data-recalc-dims=\"1\" decoding=\"async\" src=\"https:\/\/i0.wp.com\/agenciabrasil.ebc.com.br\/ebc.png?w=696&#038;ssl=1\" style=\"width:1px; height:1px; display:inline;\"\/><img data-recalc-dims=\"1\" decoding=\"async\" src=\"https:\/\/i0.wp.com\/agenciabrasil.ebc.com.br\/ebc.gif?w=696&#038;ssl=1\" style=\"width:1px; height:1px; display:inline;\"\/><\/p>\n<p>Na segunda-feira (1\u00ba), o TRE come\u00e7ou o julgamento de duas a\u00e7\u00f5es nas quais o PT, o PL e o Minist\u00e9rio P\u00fablico Eleitoral (MPE) acusam Moro de abuso de poder econ\u00f4mico pela suposta realiza\u00e7\u00e3o de gastos irregulares no per\u00edodo de pr\u00e9-campanha nas elei\u00e7\u00f5es passadas.\u00a0<\/p>\n<p>Em 2021, Moro estava no Podemos e realizou atos de pr\u00e9-candidatura \u00e0 Presid\u00eancia da Rep\u00fablica. De acordo com a acusa\u00e7\u00e3o, houve &#8220;desvantagem il\u00edcita&#8221; em favor dos demais concorrentes ao cargo de senador diante dos &#8220;altos investimentos financeiros&#8221; realizados antes de Moro deixar a sigla e se candidatar ao Senado pelo Uni\u00e3o.\u00a0<\/p>\n<p>Conforme a acusa\u00e7\u00e3o do Minist\u00e9rio P\u00fablico, foram gastos aproximadamente R$ 2 milh\u00f5es oriundos do Fundo Partid\u00e1rio com o evento de filia\u00e7\u00e3o de Moro ao Podemos e com a contrata\u00e7\u00e3o de produ\u00e7\u00e3o de v\u00eddeos para promo\u00e7\u00e3o pessoal al\u00e9m de consultorias eleitorais.\u00a0<\/p>\n<p>O \u00fanico voto do julgamento foi proferido pelo relator, desembargador Luciano Carrasco Falavinha Souza. O magistrado <a href=\"https:\/\/agenciabrasil.ebc.com.br\/justica\/noticia\/2024-04\/relator-no-tre-vota-contra-cassacao-de-sergio-moro\" target=\"_blank\" rel=\"noopener\">se manifestou contra a cassa\u00e7\u00e3o de Moro<\/a>.\u00a0<\/p>\n<p>Falavinha n\u00e3o considerou os valores apontados como ilegais pelas partes do processo. Para o magistrado, os valores s\u00e3o divergentes e n\u00e3o \u00e9 poss\u00edvel afirmar que foram excessivos.<\/p>\n<p>O PL apontou supostos gastos irregulares de R$ 7 milh\u00f5es. Para o PT, foram R$ 21 milh\u00f5es. O Minist\u00e9rio P\u00fablico concluiu que o valor chega a R$ 2 milh\u00f5es.\u00a0<\/p>\n<p>Na sess\u00e3o de hoje, a vota\u00e7\u00e3o ser\u00e1 retomada com os votos dos desembargadores Jos\u00e9 Rodrigo Sade, Claudia Cristina Cristofani, Julio Jacob Junior, Anderson Ricardo Foga\u00e7a, Guilherme Frederico Hernandes Denz e Sigurd Roberto Bengtsson, presidente do tribunal.\u00a0<\/p>\n<p>Se for cassado pelo TRE, Moro n\u00e3o deixar\u00e1 o cargo imediatamente porque a defesa poder\u00e1 recorrer ao Tribunal Superior Eleitoral (TSE). Se a eventual cassa\u00e7\u00e3o for confirmada pelo TSE, novas elei\u00e7\u00f5es ser\u00e3o convocadas no Paran\u00e1 para preencher a vaga do senador.\u00a0Ele ainda ficar\u00e1 ineleg\u00edvel por oito anos.\u00a0<\/p>\n<h2>Defesa<\/h2>\n<p>No primeiro dia do julgamento, a defesa de Moro <a href=\"https:\/\/agenciabrasil.ebc.com.br\/justica\/noticia\/2024-04\/defesa-se-manifesta-contra-cassacao-do-mandato-de-moro\" target=\"_blank\" rel=\"noopener\">argumentou pela\u00a0manuten\u00e7\u00e3o do mandato e negou irregularidades na pr\u00e9-campanha<\/a>. O advogado Gustavo Guedes afirmou que Moro n\u00e3o se elegeu no Paran\u00e1 pela suposta pr\u00e9-campanha \u201cmais robusta\u201d, conforme acusaram as legendas. \u00a0<\/p>\n<\/p><\/div>\n<p><br \/>\n<br \/><a href=\"https:\/\/agenciabrasil.ebc.com.br\/justica\/noticia\/2024-04\/tre-retoma-julgamento-que-pode-cassar-sergio-moro\" rel=\"noopener\">Ag\u00eancia Brasil<\/a><\/p>\n","protected":false},"excerpt":{"rendered":"<p>O Tribunal Regional Eleitoral (TRE) do Paran\u00e1 retoma nesta quarta-feira (3) o julgamento dos processos que podem levar \u00e0 cassa\u00e7\u00e3o do mandato do senador Sergio Moro (Uni\u00e3o-PR), ex-juiz da Opera\u00e7\u00e3o Lava Jato.\u00a0A sess\u00e3o est\u00e1 prevista para come\u00e7ar \u00e0s 14h.\u00a0 Na segunda-feira (1\u00ba), o TRE come\u00e7ou o julgamento de duas a\u00e7\u00f5es nas quais o PT, o [&hellip;]<\/p>\n","protected":false},"author":1,"featured_media":649,"comment_status":"open","ping_status":"open","sticky":false,"template":"","format":"standard","meta":{"_jetpack_newsletter_access":"","_jetpack_dont_email_post_to_subs":false,"_jetpack_newsletter_tier_id":0,"_jetpack_memberships_contains_paywalled_content":false,"_mbp_banners":[],"_jetpack_feature_clip_id":0,"_jetpack_memberships_contains_paid_content":false,"footnotes":"","jetpack_publicize_message":"","jetpack_publicize_feature_enabled":true,"jetpack_social_post_already_shared":true,"jetpack_social_options":{"image_generator_settings":{"template":"highway","default_image_id":0,"font":"","enabled":false},"version":2},"jetpack_post_was_ever_published":false},"categories":[22],"tags":[],"class_list":["post-810","post","type-post","status-publish","format-standard","has-post-thumbnail","category-nacional"],"jetpack_publicize_connections":[],"jetpack-related-posts":[],"jetpack_shortlink":"https:\/\/wp.me\/p7Eq1F-d4","jetpack_sharing_enabled":true,"jetpack_featured_media_url":"https:\/\/i0.wp.com\/guialimeira.com.br\/news\/wp-content\/uploads\/2024\/04\/discurso_senador_sergio_moro-13.jpg?fit=1600%2C800&ssl=1","_links":{"self":[{"href":"https:\/\/guialimeira.com.br\/news\/wp-json\/wp\/v2\/posts\/810","targetHints":{"allow":["GET"]}}],"collection":[{"href":"https:\/\/guialimeira.com.br\/news\/wp-json\/wp\/v2\/posts"}],"about":[{"href":"https:\/\/guialimeira.com.br\/news\/wp-json\/wp\/v2\/types\/post"}],"author":[{"embeddable":true,"href":"https:\/\/guialimeira.com.br\/news\/wp-json\/wp\/v2\/users\/1"}],"replies":[{"embeddable":true,"href":"https:\/\/guialimeira.com.br\/news\/wp-json\/wp\/v2\/comments?post=810"}],"version-history":[{"count":0,"href":"https:\/\/guialimeira.com.br\/news\/wp-json\/wp\/v2\/posts\/810\/revisions"}],"wp:featuredmedia":[{"embeddable":true,"href":"https:\/\/guialimeira.com.br\/news\/wp-json\/wp\/v2\/media\/649"}],"wp:attachment":[{"href":"https:\/\/guialimeira.com.br\/news\/wp-json\/wp\/v2\/media?parent=810"}],"wp:term":[{"taxonomy":"category","embeddable":true,"href":"https:\/\/guialimeira.com.br\/news\/wp-json\/wp\/v2\/categories?post=810"},{"taxonomy":"post_tag","embeddable":true,"href":"https:\/\/guialimeira.com.br\/news\/wp-json\/wp\/v2\/tags?post=810"}],"curies":[{"name":"wp","href":"https:\/\/api.w.org\/{rel}","templated":true}]}}