{"id":8074,"date":"2024-06-10T21:01:47","date_gmt":"2024-06-11T00:01:47","guid":{"rendered":"https:\/\/guialimeira.com.br\/2024\/06\/10\/palestra-sobre-lideranca-reune-mais-de-100-pessoas\/"},"modified":"2024-06-10T21:01:47","modified_gmt":"2024-06-11T00:01:47","slug":"palestra-sobre-lideranca-reune-mais-de-100-pessoas","status":"publish","type":"post","link":"https:\/\/guialimeira.com.br\/news\/palestra-sobre-lideranca-reune-mais-de-100-pessoas\/","title":{"rendered":"Palestra sobre lideran\u00e7a re\u00fane mais de 100 pessoas"},"content":{"rendered":"<p> <br \/>\n<\/p>\n<div>\n            <main class=\"\">&#13;<br \/>\n                &#13;<br \/>\n&#13;<br \/>\n&#13;<br \/>\n&#13;<br \/>\n    <img data-recalc-dims=\"1\" decoding=\"async\" src=\"https:\/\/i0.wp.com\/ecrie.com.br\/sistema\/conteudos\/imagem\/m_137_0_1_10062024121752.jpeg?w=696&#038;ssl=1\" alt=\"Palestra sobre lideran\u00e7a re\u00fane mais de 100 pessoas\"\/>&#13;<br \/>\n&#13;<\/p>\n<p>A Prefeitura de Limeira, por meio da Secretaria de Desenvolvimento, Turismo e Inova\u00e7\u00e3o e o Posto de Atendimento ao Trabalhador (PAT), em parceria com a N\u00facleo RH e o Sebrae, realizaram na \u00faltima quinta-feira (6), no espa\u00e7o Elo, uma palestra com intitulada: &#8220;O papel da lideran\u00e7a e gest\u00e3o das compet\u00eancias&#8221;. Participaram mais de 100 pessoas.<\/p>\n<p>&#13;<\/p>\n<p>\u00a0<\/p>\n<p>&#13;<\/p>\n<p>A iniciativa contempla mais uma etapa do programa de empregabilidade denominado \u201cOficina do Recrutamento\u201d, e teve como objetivo capacitar empres\u00e1rios e profissionais da \u00e1rea de Recursos Humanos (RH).\u00a0<\/p>\n<p>&#13;<\/p>\n<p>\u00a0<\/p>\n<p>&#13;<\/p>\n<p>Segundo a pasta, os temas abordado foram como identificar as habilidades, conhecimentos e comportamentos necess\u00e1rios para o sucesso em cada fun\u00e7\u00e3o, alinhar as compet\u00eancias com a cultura e os objetivos da organiza\u00e7\u00e3o, informar sobre as compet\u00eancias e valores da organiza\u00e7\u00e3o, al\u00e9m de definir metas e expectativas claras para o bom desempenho de cada profissional. Os presentes ainda tiveram acesso \u00e0s ferramentas e estrat\u00e9gias pr\u00e1ticas para poderem identificar, selecionar, desenvolver e reter os melhores profissionais para suas equipes.<\/p>\n<p>&#13;<br \/>\n&#13;<br \/>\n&#13;<br \/>\n&#13;<\/p>\n<aside class=\"list-related no-print\">&#13;<br \/>\n        &#13;<br \/>\n&#13;<\/p>\n<article class=\"list-item noticias \">&#13;<br \/>\n                    <a class=\"list-item__img\" href=\"https:\/\/limeira.sp.gov.br\/imprensa\/noticias\/desenvolvimento-turismo-e-inovacao\/procon-orienta-sobre-golpes-virtuais-alunos-do-senac-participam-de-palestra\" tabindex=\"-1\" aria-hidden=\"true\" rel=\"noopener\">&#13;<br \/>\n                        <img data-recalc-dims=\"1\" decoding=\"async\" src=\"https:\/\/i0.wp.com\/ecrie.com.br\/sistema\/conteudos\/imagem\/m_137_0_1_06062024141047.jpg?w=696&#038;ssl=1\" alt=\"Procon orienta sobre golpes virtuais; alunos do Senac participam de palestra\"\/>&#13;<br \/>\n                    <\/a>&#13;<br \/>\n&#13;<br \/>\n                &#13;<br \/>\n            <\/article>\n<p>&#13;<\/p>\n<article class=\"list-item noticias \">&#13;<br \/>\n                    <a class=\"list-item__img\" href=\"https:\/\/limeira.sp.gov.br\/imprensa\/noticias\/desenvolvimento-turismo-e-inovacao\/prefeito-no-bairroe-oportunidade-para-cadastro-a-vagas-de-emprego\" tabindex=\"-1\" aria-hidden=\"true\" rel=\"noopener\">&#13;<br \/>\n                        <img data-recalc-dims=\"1\" decoding=\"async\" src=\"https:\/\/i0.wp.com\/ecrie.com.br\/sistema\/conteudos\/imagem\/m_137_0_1_05062024160714.jpg?w=696&#038;ssl=1\" alt=\"\u201cPrefeito no Bairro\u201d\u00a0\u00e9 oportunidade para cadastro a vagas de emprego\"\/>&#13;<br \/>\n                    <\/a>&#13;<br \/>\n&#13;<br \/>\n                &#13;<br \/>\n            <\/article>\n<p>&#13;<\/p>\n<article class=\"list-item noticias \">&#13;<br \/>\n                    <a class=\"list-item__img\" href=\"https:\/\/limeira.sp.gov.br\/imprensa\/noticias\/desenvolvimento-turismo-e-inovacao\/prefeitura-e-associacao-de-contabilistas-promovem-curso-de-capacitacao\" tabindex=\"-1\" aria-hidden=\"true\" rel=\"noopener\">&#13;<br \/>\n                        <img data-recalc-dims=\"1\" decoding=\"async\" src=\"https:\/\/i0.wp.com\/ecrie.com.br\/sistema\/conteudos\/imagem\/m_137_0_1_03062024172956.png?w=696&#038;ssl=1\" alt=\"Prefeitura e Associa\u00e7\u00e3o de Contabilistas promovem curso de capacita\u00e7\u00e3o\"\/>&#13;<br \/>\n                    <\/a>&#13;<br \/>\n&#13;<br \/>\n                &#13;<br \/>\n            <\/article>\n<p>&#13;<br \/>\n    <\/aside>\n<p>&#13;<br \/>\n&#13;<br \/>\n            <\/main><\/p><\/div>\n<p><br \/>\n<br \/><a href=\"https:\/\/limeira.sp.gov.br\/palestra-sobre-lideranca-reune-mais-de-100-pessoas\" rel=\"noopener\">Informa\u00e7\u00f5es da PML <\/a><\/p>\n","protected":false},"excerpt":{"rendered":"<p>&#13; &#13; &#13; &#13; &#13; &#13; &#13; A Prefeitura de Limeira, por meio da Secretaria de Desenvolvimento, Turismo e Inova\u00e7\u00e3o e o Posto de Atendimento ao Trabalhador (PAT), em parceria com a N\u00facleo RH e o Sebrae, realizaram na \u00faltima quinta-feira (6), no espa\u00e7o Elo, uma palestra com intitulada: &#8220;O papel da lideran\u00e7a e gest\u00e3o [&hellip;]<\/p>\n","protected":false},"author":1,"featured_media":8075,"comment_status":"open","ping_status":"open","sticky":false,"template":"","format":"standard","meta":{"_jetpack_newsletter_access":"","_jetpack_dont_email_post_to_subs":false,"_jetpack_newsletter_tier_id":0,"_jetpack_memberships_contains_paywalled_content":false,"_mbp_banners":[],"_jetpack_feature_clip_id":0,"_jetpack_memberships_contains_paid_content":false,"footnotes":"","jetpack_publicize_message":"","jetpack_publicize_feature_enabled":true,"jetpack_social_post_already_shared":true,"jetpack_social_options":{"image_generator_settings":{"template":"highway","default_image_id":0,"font":"","enabled":false},"version":2},"jetpack_post_was_ever_published":false},"categories":[16],"tags":[],"class_list":["post-8074","post","type-post","status-publish","format-standard","has-post-thumbnail","category-local"],"jetpack_publicize_connections":[],"jetpack-related-posts":[],"jetpack_shortlink":"https:\/\/wp.me\/p7Eq1F-26e","jetpack_sharing_enabled":true,"jetpack_featured_media_url":"https:\/\/i0.wp.com\/guialimeira.com.br\/news\/wp-content\/uploads\/2024\/06\/m_137_0_1_10062024121752.jpeg?fit=1280%2C852&ssl=1","_links":{"self":[{"href":"https:\/\/guialimeira.com.br\/news\/wp-json\/wp\/v2\/posts\/8074","targetHints":{"allow":["GET"]}}],"collection":[{"href":"https:\/\/guialimeira.com.br\/news\/wp-json\/wp\/v2\/posts"}],"about":[{"href":"https:\/\/guialimeira.com.br\/news\/wp-json\/wp\/v2\/types\/post"}],"author":[{"embeddable":true,"href":"https:\/\/guialimeira.com.br\/news\/wp-json\/wp\/v2\/users\/1"}],"replies":[{"embeddable":true,"href":"https:\/\/guialimeira.com.br\/news\/wp-json\/wp\/v2\/comments?post=8074"}],"version-history":[{"count":0,"href":"https:\/\/guialimeira.com.br\/news\/wp-json\/wp\/v2\/posts\/8074\/revisions"}],"wp:featuredmedia":[{"embeddable":true,"href":"https:\/\/guialimeira.com.br\/news\/wp-json\/wp\/v2\/media\/8075"}],"wp:attachment":[{"href":"https:\/\/guialimeira.com.br\/news\/wp-json\/wp\/v2\/media?parent=8074"}],"wp:term":[{"taxonomy":"category","embeddable":true,"href":"https:\/\/guialimeira.com.br\/news\/wp-json\/wp\/v2\/categories?post=8074"},{"taxonomy":"post_tag","embeddable":true,"href":"https:\/\/guialimeira.com.br\/news\/wp-json\/wp\/v2\/tags?post=8074"}],"curies":[{"name":"wp","href":"https:\/\/api.w.org\/{rel}","templated":true}]}}