{"id":8071,"date":"2024-06-10T20:00:43","date_gmt":"2024-06-10T23:00:43","guid":{"rendered":"https:\/\/guialimeira.com.br\/2024\/06\/10\/ipml-realizara-palestra-para-orientar-servidor-proximo-de-se-aposentar\/"},"modified":"2024-06-10T20:00:43","modified_gmt":"2024-06-10T23:00:43","slug":"ipml-realizara-palestra-para-orientar-servidor-proximo-de-se-aposentar","status":"publish","type":"post","link":"https:\/\/guialimeira.com.br\/news\/ipml-realizara-palestra-para-orientar-servidor-proximo-de-se-aposentar\/","title":{"rendered":"IPML realizar\u00e1 palestra para orientar servidor pr\u00f3ximo de se aposentar"},"content":{"rendered":"<p> <br \/>\n<\/p>\n<div>\n            <main class=\"\">&#13;<br \/>\n                &#13;<br \/>\n&#13;<br \/>\n&#13;<br \/>\n&#13;<br \/>\n    <img data-recalc-dims=\"1\" decoding=\"async\" src=\"https:\/\/i0.wp.com\/ecrie.com.br\/sistema\/conteudos\/imagem\/m_137_0_1_10062024171318.jpg?w=696&#038;ssl=1\" alt=\"IPML realizar\u00e1 palestra para orientar servidor pr\u00f3ximo de se aposentar\"\/>&#13;<br \/>\n&#13;<\/p>\n<p><span style=\"font-family: Arial, sans-serif;\">O Instituto de Previd\u00eancia Municipal de Limeira (IPML), que atende servidores efetivos da Prefeitura de Limeira e de suas autarquias, realizar\u00e1 no dia 19 de junho (quarta-feira), uma palestra que aborda aspectos envolvendo a \u201cprepara\u00e7\u00e3o para aposentadoria\u201d. O evento ter\u00e1 como p\u00fablico-alvo, 30 servidores lotados na Secretaria de Sa\u00fade, e que est\u00e3o na imin\u00eancia de se aposentarem nos pr\u00f3ximos anos. <\/span><\/p>\n<p>&#13;<\/p>\n<p><span style=\"font-family: Arial, sans-serif;\">Para viabilizar o evento, o superintendente do IPML, Edilson Merli, enviou um of\u00edcio ao secret\u00e1rio de Sa\u00fade, Vitor Santos, com o convite aos 30 servidores. A palestra ocorrer\u00e1 em cumprimento ao programa de certifica\u00e7\u00e3o institucional e moderniza\u00e7\u00e3o dos munic\u00edpios e Estados que possuem o Regime Pr\u00f3prio de Previd\u00eancia Social (RPPS). <\/span><\/p>\n<p>&#13;<\/p>\n<p><span style=\"font-family: Arial, sans-serif;\">A palestra ser\u00e1 realizada no audit\u00f3rio do IPML. O endere\u00e7o \u00e9 rua Wilson Vit\u00f3rio Colleta, 111, Jardim Maria Buchi Modeneis. <\/span><\/p>\n<p>&#13;<\/p>\n<p><span style=\"font-family: Arial, sans-serif;\">Ser\u00e3o abordados os seguintes assuntos: <\/span><\/p>\n<p>&#13;<\/p>\n<p><span style=\"font-family: Arial, sans-serif;\">* O RPPS de Limeira (estrutura, avalia\u00e7\u00e3o atuarial, carteira de investimentos);<\/span><\/p>\n<p>&#13;<\/p>\n<p><span style=\"font-family: Arial, sans-serif;\">* As modalidades e esp\u00e9cies de benef\u00edcios previdenci\u00e1rios, aposentadorias e pens\u00f5es;<\/span><\/p>\n<p>&#13;<\/p>\n<p><span style=\"font-family: Arial, sans-serif;\">* Averba\u00e7\u00e3o de Certid\u00e3o de Tempo de Contribui\u00e7\u00e3o (CTC);<\/span><\/p>\n<p>&#13;<\/p>\n<p><span style=\"font-family: Arial, sans-serif;\">* A legisla\u00e7\u00e3o aplic\u00e1vel<\/span><\/p>\n<p>&#13;<br \/>\n&#13;<br \/>\n&#13;<br \/>\n&#13;<\/p>\n<aside class=\"list-related no-print\">&#13;<br \/>\n        &#13;<br \/>\n&#13;<\/p>\n<article class=\"list-item noticias \">&#13;<br \/>\n                    <a class=\"list-item__img\" href=\"https:\/\/limeira.sp.gov.br\/imprensa\/noticias\/ipml\/ipml-comprova-boas-praticas-e-conquista-certificado-inedito\" tabindex=\"-1\" aria-hidden=\"true\" rel=\"noopener\">&#13;<br \/>\n                        <img data-recalc-dims=\"1\" decoding=\"async\" src=\"https:\/\/i0.wp.com\/ecrie.com.br\/sistema\/conteudos\/imagem\/m_137_0_1_05062024140933.jpg?w=696&#038;ssl=1\" alt=\"IPML comprova boas pr\u00e1ticas e conquista certificado in\u00e9dito\"\/>&#13;<br \/>\n                    <\/a>&#13;<br \/>\n&#13;<br \/>\n                &#13;<br \/>\n            <\/article>\n<p>&#13;<\/p>\n<article class=\"list-item noticias \">&#13;<br \/>\n                    <a class=\"list-item__img\" href=\"https:\/\/limeira.sp.gov.br\/imprensa\/noticias\/ipml\/ipml-entrega-certificados-de-agradecimento-a-novo-grupo-de-aposentados\" tabindex=\"-1\" aria-hidden=\"true\" rel=\"noopener\">&#13;<br \/>\n                        <img data-recalc-dims=\"1\" decoding=\"async\" src=\"https:\/\/i0.wp.com\/ecrie.com.br\/sistema\/conteudos\/imagem\/m_137_0_1_08042024151210.jpg?w=696&#038;ssl=1\" alt=\"IPML entrega certificados de agradecimento a novo grupo de aposentados\"\/>&#13;<br \/>\n                    <\/a>&#13;<br \/>\n&#13;<br \/>\n                &#13;<br \/>\n            <\/article>\n<p>&#13;<\/p>\n<article class=\"list-item noticias \">&#13;<br \/>\n                    <a class=\"list-item__img\" href=\"https:\/\/limeira.sp.gov.br\/imprensa\/noticias\/ipml\/botion-participa-de-homenagem-aos-novos-aposentados-no-ipml\" tabindex=\"-1\" aria-hidden=\"true\" rel=\"noopener\">&#13;<br \/>\n                        <img data-recalc-dims=\"1\" decoding=\"async\" src=\"https:\/\/i0.wp.com\/ecrie.com.br\/sistema\/conteudos\/imagem\/m_137_0_1_18012024163939.jpg?w=696&#038;ssl=1\" alt=\"Botion participa de homenagem aos novos aposentados no IPML\"\/>&#13;<br \/>\n                    <\/a>&#13;<br \/>\n&#13;<br \/>\n                &#13;<br \/>\n            <\/article>\n<p>&#13;<br \/>\n    <\/aside>\n<p>&#13;<br \/>\n&#13;<br \/>\n            <\/main><\/p><\/div>\n<p><br \/>\n<br \/><a href=\"https:\/\/limeira.sp.gov.br\/ipml-realizara-palestra-para-orientar-servidor-proximo-de-se-aposentar\" rel=\"noopener\">Informa\u00e7\u00f5es da PML <\/a><\/p>\n","protected":false},"excerpt":{"rendered":"<p>&#13; &#13; &#13; &#13; &#13; &#13; &#13; O Instituto de Previd\u00eancia Municipal de Limeira (IPML), que atende servidores efetivos da Prefeitura de Limeira e de suas autarquias, realizar\u00e1 no dia 19 de junho (quarta-feira), uma palestra que aborda aspectos envolvendo a \u201cprepara\u00e7\u00e3o para aposentadoria\u201d. O evento ter\u00e1 como p\u00fablico-alvo, 30 servidores lotados na Secretaria de [&hellip;]<\/p>\n","protected":false},"author":1,"featured_media":8072,"comment_status":"open","ping_status":"open","sticky":false,"template":"","format":"standard","meta":{"_jetpack_newsletter_access":"","_jetpack_dont_email_post_to_subs":false,"_jetpack_newsletter_tier_id":0,"_jetpack_memberships_contains_paywalled_content":false,"_mbp_banners":[],"_jetpack_feature_clip_id":0,"_jetpack_memberships_contains_paid_content":false,"footnotes":"","jetpack_publicize_message":"","jetpack_publicize_feature_enabled":true,"jetpack_social_post_already_shared":true,"jetpack_social_options":{"image_generator_settings":{"template":"highway","default_image_id":0,"font":"","enabled":false},"version":2},"jetpack_post_was_ever_published":false},"categories":[16],"tags":[],"class_list":["post-8071","post","type-post","status-publish","format-standard","has-post-thumbnail","category-local"],"jetpack_publicize_connections":[],"jetpack-related-posts":[],"jetpack_shortlink":"https:\/\/wp.me\/p7Eq1F-26b","jetpack_sharing_enabled":true,"jetpack_featured_media_url":"https:\/\/i0.wp.com\/guialimeira.com.br\/news\/wp-content\/uploads\/2024\/06\/m_137_0_1_10062024171318.jpg?fit=900%2C600&ssl=1","_links":{"self":[{"href":"https:\/\/guialimeira.com.br\/news\/wp-json\/wp\/v2\/posts\/8071","targetHints":{"allow":["GET"]}}],"collection":[{"href":"https:\/\/guialimeira.com.br\/news\/wp-json\/wp\/v2\/posts"}],"about":[{"href":"https:\/\/guialimeira.com.br\/news\/wp-json\/wp\/v2\/types\/post"}],"author":[{"embeddable":true,"href":"https:\/\/guialimeira.com.br\/news\/wp-json\/wp\/v2\/users\/1"}],"replies":[{"embeddable":true,"href":"https:\/\/guialimeira.com.br\/news\/wp-json\/wp\/v2\/comments?post=8071"}],"version-history":[{"count":0,"href":"https:\/\/guialimeira.com.br\/news\/wp-json\/wp\/v2\/posts\/8071\/revisions"}],"wp:featuredmedia":[{"embeddable":true,"href":"https:\/\/guialimeira.com.br\/news\/wp-json\/wp\/v2\/media\/8072"}],"wp:attachment":[{"href":"https:\/\/guialimeira.com.br\/news\/wp-json\/wp\/v2\/media?parent=8071"}],"wp:term":[{"taxonomy":"category","embeddable":true,"href":"https:\/\/guialimeira.com.br\/news\/wp-json\/wp\/v2\/categories?post=8071"},{"taxonomy":"post_tag","embeddable":true,"href":"https:\/\/guialimeira.com.br\/news\/wp-json\/wp\/v2\/tags?post=8071"}],"curies":[{"name":"wp","href":"https:\/\/api.w.org\/{rel}","templated":true}]}}