{"id":8067,"date":"2024-06-10T19:49:43","date_gmt":"2024-06-10T22:49:43","guid":{"rendered":"https:\/\/guialimeira.com.br\/2024\/06\/10\/selecao-brasileira-treina-em-orlando-onde-enfrenta-os-eua-na-quarta\/"},"modified":"2024-06-10T19:49:43","modified_gmt":"2024-06-10T22:49:43","slug":"selecao-brasileira-treina-em-orlando-onde-enfrenta-os-eua-na-quarta","status":"publish","type":"post","link":"https:\/\/guialimeira.com.br\/news\/selecao-brasileira-treina-em-orlando-onde-enfrenta-os-eua-na-quarta\/","title":{"rendered":"Sele\u00e7\u00e3o brasileira treina em Orlando, onde enfrenta os EUA na quarta"},"content":{"rendered":"<p> <br \/>\n<\/p>\n<div>\n<p><a href=\"https:\/\/agenciabrasil.ebc.com.br\/esportes\/noticia\/2024-06\/endrick-decide-e-brasil-bate-mexico-em-preparatorio-para-copa-america\" rel=\"noopener\"><strong>Ap\u00f3s vencer o M\u00e9xico por 3 a 2 no Texas<\/strong><\/a> (Estados Unidos) no \u00faltimo s\u00e1bado (8), a sele\u00e7\u00e3o do Brasil j\u00e1 est\u00e1 de volta \u00e0 concentra\u00e7\u00e3o em\u00a0Orlando, na Fl\u00f3rida, onde disputar\u00e1 na quarta-feira (12) o \u00faltimo\u00a0amistoso antes da Copa Am\u00e9rica, que come\u00e7a em 10 dias. O duelo ser\u00e1 contra os anfitri\u00f5es norte-americanos no\u00a0est\u00e1dio Camping Word. A <a href=\"https:\/\/radios.ebc.com.br\/nacionalrioam\" rel=\"noopener\"><strong>R\u00e1dio Nacional <\/strong><\/a>transmitira\u00a0Brasil x EUA ao vivo a partir das\u00a020h (hor\u00e1rio\u00a0de Bras\u00edlia). A estreia da sele\u00e7\u00e3o estreia na Copa Am\u00e9rica\u00a0ser\u00e1 em 24 de junho contra a Costa Rica, em partida pelo Grupo D, que tem ainda Col\u00f4mbia e Paraguai.\u00a0<img data-recalc-dims=\"1\" decoding=\"async\" src=\"https:\/\/i0.wp.com\/agenciabrasil.ebc.com.br\/ebc.png?w=696&#038;ssl=1\" style=\"width:1px; height:1px; display:inline;\"\/><img data-recalc-dims=\"1\" decoding=\"async\" src=\"https:\/\/i0.wp.com\/agenciabrasil.ebc.com.br\/ebc.gif?w=696&#038;ssl=1\" style=\"width:1px; height:1px; display:inline;\"\/><\/p>\n<div class=\"dnd-widget-wrapper context-cheio_8colunas type-image\">\n<div class=\"dnd-atom-rendered\"><!-- scald=388646:cheio_8colunas --><\/p>\n<div class=\"shadow overflow-hidden rounded-lg d-block w-100\">\n            <img data-recalc-dims=\"1\" decoding=\"async\" src=\"https:\/\/i0.wp.com\/agenciabrasil.ebc.com.br\/sites\/default\/files\/thumbnails\/image\/loading_v2.gif?w=696&#038;ssl=1\" data-echo=\"https:\/\/imagens.ebc.com.br\/kEnydZ2ZgRpSqMelvzMW-vkjn5o=\/754x0\/smart\/https:\/\/agenciabrasil.ebc.com.br\/sites\/default\/files\/thumbnails\/image\/2024\/06\/10\/bento_selecao_brasileira_2024_eua.jpeg?itok=pBniY7S3\" alt=\"Goleiro Bento em treino da sele\u00e7\u00e3o brasileira antes de amistoso contra EUA _ em 10\/06\/2024\" title=\"Rafael Ribeiro\/CBF\/Direitos Reservados\" class=\"flex-fill img-cover\"\/><br \/>\n        <img data-recalc-dims=\"1\" decoding=\"async\" src=\"https:\/\/i0.wp.com\/imagens.ebc.com.br\/kEnydZ2ZgRpSqMelvzMW-vkjn5o%3D\/754x0\/smart\/https%3A\/\/agenciabrasil.ebc.com.br\/sites\/default\/files\/thumbnails\/image\/2024\/06\/10\/bento_selecao_brasileira_2024_eua.jpeg?w=696&#038;ssl=1\" alt=\"Goleiro Bento em treino da sele\u00e7\u00e3o brasileira antes de amistoso contra EUA _ em 10\/06\/2024\" title=\"Rafael Ribeiro\/CBF\/Direitos Reservados\" class=\"flex-fill img-cover\"\/>\n    <\/div>\n<p><!-- END scald=388646 --><\/div>\n<div class=\"dnd-caption-wrapper\">\n<p>&#8220;Cresci vendo ele [Alisson] jogar.\u00a0Se tiver a oportunidade de jogar, espero poder ter o mesmo n\u00edvel de partida que eu consegui apresentar nos dois \u00faltimos amistosos\u201d, disse o goleiro Bento, do Atl\u00e9tico-MG\u00a0&#8211; <strong>Rafael Ribeiro\/CBF\/Direitos Reservados<\/strong><!--END copyright=388646--><\/p>\n<\/div>\n<\/div>\n<p>O curitibano Bento, que teve oportunidade nos amistosos na Europa contra Inglaterra e Espanha, fala da disputa para ser o goleiro titular do time comandado pelo t\u00e9cnico Dorival J\u00fanior<\/p>\n<blockquote>\n<p>\u201cDisputar posi\u00e7\u00e3o com ele [Alisson Becker], que foi um cara que eu sempre admirei, \u00e9 muito gratificante. Para mim \u00e9 um \u00eddolo no futebol. Cresci vendo ele jogar.\u00a0Se tiver a oportunidade de jogar, espero poder ter o mesmo n\u00edvel de partida que eu consegui apresentar nos dois \u00faltimos amistosos\u201d, projeta o jogador, que completou 25 anos hoje.<\/p>\n<\/blockquote>\n<blockquote class=\"twitter-tweet\">\n<p dir=\"ltr\" lang=\"pt\" xml:lang=\"pt\">Coletiva de Imprensa da Sele\u00e7\u00e3o Brasileira: 10\/06\/2024 <a href=\"https:\/\/t.co\/KSH3AcMoIq\">https:\/\/t.co\/KSH3AcMoIq<\/a><\/p>\n<p>\u2014 CBF Futebol (@CBF_Futebol) <a href=\"https:\/\/twitter.com\/CBF_Futebol\/status\/1800210828983140807?ref_src=twsrc%5Etfw\" rel=\"noopener\">June 10, 2024<\/a><\/p><\/blockquote>\n<p>Atualmente no\u00a0Athletico-PR, Bento n\u00e3o esconde o desejo de jogar no velho continente<\/p>\n<blockquote>\n<p>\u201cTenho o sonho de jogar na Europa. Acho que todo jogador sonha em jogar l\u00e1. Se realmente acontecer isso, espero que seja de forma natural. Se chegar a alguma proposta, vou pensar com muito carinho\u201d.<\/p>\n<\/blockquote>\n<p>Quem tamb\u00e9m falou nesta segunda (10), durante coletiva de imprensa, foi o lateral Guilherme Arana, que analisou\u00a0a renova\u00e7\u00e3o da sele\u00e7\u00e3o brasileira.\u00a0Afinal,\u00a0 dos 26 convocados por\u00a0Dorival J\u00fanior, 19 v\u00e3o disputar a Copa Am\u00e9rica pela primeira vez na carreira.<\/p>\n<blockquote>\n<p>\u201cSim, h\u00e1 uma reformula\u00e7\u00e3o. Claro que tem jogadores com mais minutos, mais convoca\u00e7\u00f5es aqui, isso \u00e9 importante tamb\u00e9m para os\u00a0mais jovens que estamos chegando\u201d, afirmou Arana, jogador do Atl\u00e9tico-MG.\u00a0<\/p>\n<\/blockquote><\/div>\n<p><script async src=\"\/\/platform.twitter.com\/widgets.js\" charset=\"utf-8\"><\/script><br \/>\n<br \/><br \/>\n<br \/><a href=\"https:\/\/agenciabrasil.ebc.com.br\/esportes\/noticia\/2024-06\/selecao-brasileira-treina-em-orlando-onde-enfrenta-os-eua-na-quarta\" rel=\"noopener\">Ag\u00eancia Brasil<\/a><\/p>\n","protected":false},"excerpt":{"rendered":"<p>Ap\u00f3s vencer o M\u00e9xico por 3 a 2 no Texas (Estados Unidos) no \u00faltimo s\u00e1bado (8), a sele\u00e7\u00e3o do Brasil j\u00e1 est\u00e1 de volta \u00e0 concentra\u00e7\u00e3o em\u00a0Orlando, na Fl\u00f3rida, onde disputar\u00e1 na quarta-feira (12) o \u00faltimo\u00a0amistoso antes da Copa Am\u00e9rica, que come\u00e7a em 10 dias. O duelo ser\u00e1 contra os anfitri\u00f5es norte-americanos no\u00a0est\u00e1dio Camping Word. [&hellip;]<\/p>\n","protected":false},"author":1,"featured_media":8068,"comment_status":"open","ping_status":"open","sticky":false,"template":"","format":"standard","meta":{"_jetpack_newsletter_access":"","_jetpack_dont_email_post_to_subs":false,"_jetpack_newsletter_tier_id":0,"_jetpack_memberships_contains_paywalled_content":false,"_mbp_banners":[],"_jetpack_feature_clip_id":0,"_jetpack_memberships_contains_paid_content":false,"footnotes":"","jetpack_publicize_message":"","jetpack_publicize_feature_enabled":true,"jetpack_social_post_already_shared":true,"jetpack_social_options":{"image_generator_settings":{"template":"highway","default_image_id":0,"font":"","enabled":false},"version":2},"jetpack_post_was_ever_published":false},"categories":[23],"tags":[],"class_list":["post-8067","post","type-post","status-publish","format-standard","has-post-thumbnail","category-esportes"],"jetpack_publicize_connections":[],"jetpack-related-posts":[],"jetpack_shortlink":"https:\/\/wp.me\/p7Eq1F-267","jetpack_sharing_enabled":true,"jetpack_featured_media_url":"https:\/\/i0.wp.com\/guialimeira.com.br\/news\/wp-content\/uploads\/2024\/06\/goleiros_treino_selecao_eua_2024.jpeg?fit=1600%2C800&ssl=1","_links":{"self":[{"href":"https:\/\/guialimeira.com.br\/news\/wp-json\/wp\/v2\/posts\/8067","targetHints":{"allow":["GET"]}}],"collection":[{"href":"https:\/\/guialimeira.com.br\/news\/wp-json\/wp\/v2\/posts"}],"about":[{"href":"https:\/\/guialimeira.com.br\/news\/wp-json\/wp\/v2\/types\/post"}],"author":[{"embeddable":true,"href":"https:\/\/guialimeira.com.br\/news\/wp-json\/wp\/v2\/users\/1"}],"replies":[{"embeddable":true,"href":"https:\/\/guialimeira.com.br\/news\/wp-json\/wp\/v2\/comments?post=8067"}],"version-history":[{"count":0,"href":"https:\/\/guialimeira.com.br\/news\/wp-json\/wp\/v2\/posts\/8067\/revisions"}],"wp:featuredmedia":[{"embeddable":true,"href":"https:\/\/guialimeira.com.br\/news\/wp-json\/wp\/v2\/media\/8068"}],"wp:attachment":[{"href":"https:\/\/guialimeira.com.br\/news\/wp-json\/wp\/v2\/media?parent=8067"}],"wp:term":[{"taxonomy":"category","embeddable":true,"href":"https:\/\/guialimeira.com.br\/news\/wp-json\/wp\/v2\/categories?post=8067"},{"taxonomy":"post_tag","embeddable":true,"href":"https:\/\/guialimeira.com.br\/news\/wp-json\/wp\/v2\/tags?post=8067"}],"curies":[{"name":"wp","href":"https:\/\/api.w.org\/{rel}","templated":true}]}}