{"id":8064,"date":"2024-06-10T18:59:45","date_gmt":"2024-06-10T21:59:45","guid":{"rendered":"https:\/\/guialimeira.com.br\/2024\/06\/10\/secretaria-de-saude-atualiza-casos-de-dengue-em-limeira-2\/"},"modified":"2024-06-10T18:59:45","modified_gmt":"2024-06-10T21:59:45","slug":"secretaria-de-saude-atualiza-casos-de-dengue-em-limeira-2","status":"publish","type":"post","link":"https:\/\/guialimeira.com.br\/news\/secretaria-de-saude-atualiza-casos-de-dengue-em-limeira-2\/","title":{"rendered":"Secretaria de Sa\u00fade atualiza casos de dengue em Limeira"},"content":{"rendered":"<p> <br \/>\n<\/p>\n<div>\n            <main class=\"\">&#13;<br \/>\n                &#13;<br \/>\n&#13;<br \/>\n&#13;<br \/>\n&#13;<br \/>\n    <img data-recalc-dims=\"1\" decoding=\"async\" src=\"https:\/\/i0.wp.com\/ecrie.com.br\/sistema\/conteudos\/imagem\/m_137_0_1_22042024191935.jpg?w=696&#038;ssl=1\" alt=\"Secretaria de Sa\u00fade atualiza casos de dengue em Limeira\"\/>&#13;<br \/>\n&#13;<\/p>\n<p style=\"text-align: justify;\" align=\"justify\">Segundo balan\u00e7o atualizado nesta segunda-feira (10) pela Secretaria de Sa\u00fade, Limeira tem 3.366 casos confirmados de dengue. Tamb\u00e9m foi confirmada a s\u00e9tima morte em decorr\u00eancia da doen\u00e7a, de uma mulher, 56 anos, que tinha comorbidades. H\u00e1, ainda, 3.085 casos suspeitos e 3.631 descartados.<\/p>\n<p>&#13;<\/p>\n<p style=\"text-align: justify;\" align=\"justify\">Em Limeira, o combate ao Aedes aegypti \u2013 mosquito transmissor da dengue \u2013 \u00e9 permanente. A Secretaria de Sa\u00fade refor\u00e7a a import\u00e2ncia de a popula\u00e7\u00e3o reservar 10 minutos por semana para eliminar poss\u00edveis criadouros do mosquito Aedes aegypti, uma vez que o foco da doen\u00e7a est\u00e1, principalmente, nos quintais das resid\u00eancias.<\/p>\n<p>&#13;<br \/>\n&#13;<br \/>\n&#13;<br \/>\n&#13;<\/p>\n<aside class=\"list-related no-print\">&#13;<br \/>\n        &#13;<br \/>\n&#13;<\/p>\n<article class=\"list-item noticias \">&#13;<br \/>\n                    <a class=\"list-item__img\" href=\"https:\/\/limeira.sp.gov.br\/imprensa\/noticias\/saude\/limpeza-compulsoria-remove-dezenas-de-caixas-com-inserviveis-em-casa-no-parque-das-nacoes\" tabindex=\"-1\" aria-hidden=\"true\" rel=\"noopener\">&#13;<br \/>\n                        <img data-recalc-dims=\"1\" decoding=\"async\" src=\"https:\/\/i0.wp.com\/ecrie.com.br\/sistema\/conteudos\/imagem\/m_137_0_1_06062024163208.jpg?w=696&#038;ssl=1\" alt=\"Limpeza compuls\u00f3ria remove dezenas de caixas com inserv\u00edveis em casa no Parque das Na\u00e7\u00f5es\"\/>&#13;<br \/>\n                    <\/a>&#13;<br \/>\n&#13;<br \/>\n                &#13;<br \/>\n            <\/article>\n<p>&#13;<\/p>\n<article class=\"list-item noticias \">&#13;<br \/>\n                    <a class=\"list-item__img\" href=\"https:\/\/limeira.sp.gov.br\/imprensa\/noticias\/saude\/dia-d-sera-neste-sabado-8-e-tera-vacinacao-de-manha-e-a-tarde-em-limeira\" tabindex=\"-1\" aria-hidden=\"true\" rel=\"noopener\">&#13;<br \/>\n                        <img data-recalc-dims=\"1\" decoding=\"async\" src=\"https:\/\/i0.wp.com\/ecrie.com.br\/sistema\/conteudos\/imagem\/m_137_0_1_05062024172808.jpg?w=696&#038;ssl=1\" alt=\"Dia D ser\u00e1 neste s\u00e1bado (8) e ter\u00e1 vacina\u00e7\u00e3o de manh\u00e3 e \u00e0 tarde em Limeira\"\/>&#13;<br \/>\n                    <\/a>&#13;<br \/>\n&#13;<br \/>\n                &#13;<br \/>\n            <\/article>\n<p>&#13;<\/p>\n<article class=\"list-item noticias \">&#13;<br \/>\n                    <a class=\"list-item__img\" href=\"https:\/\/limeira.sp.gov.br\/imprensa\/noticias\/saude\/parque-cidade-recebe-em-8-de-junho-projeto-prefeito-no-bairro-adocao-de-animais-sera-um-dos-destaques\" tabindex=\"-1\" aria-hidden=\"true\" rel=\"noopener\">&#13;<br \/>\n                        <img data-recalc-dims=\"1\" decoding=\"async\" src=\"https:\/\/i0.wp.com\/ecrie.com.br\/sistema\/conteudos\/imagem\/m_137_0_1_29052024154350.jpg?w=696&#038;ssl=1\" alt=\"Parque Cidade recebe em 8 de junho projeto \u201cPrefeito no Bairro\u201d; ado\u00e7\u00e3o de animais ser\u00e1 um dos destaques\"\/>&#13;<br \/>\n                    <\/a>&#13;<br \/>\n&#13;<br \/>\n                &#13;<br \/>\n            <\/article>\n<p>&#13;<br \/>\n    <\/aside>\n<p>&#13;<br \/>\n&#13;<br \/>\n            <\/main><\/p><\/div>\n<p><br \/>\n<br \/><a href=\"https:\/\/limeira.sp.gov.br\/secretaria-de-saude-atualiza-casos-de-dengue-em-limeira-1\" rel=\"noopener\">Informa\u00e7\u00f5es da PML <\/a><\/p>\n","protected":false},"excerpt":{"rendered":"<p>&#13; &#13; &#13; &#13; &#13; &#13; &#13; Segundo balan\u00e7o atualizado nesta segunda-feira (10) pela Secretaria de Sa\u00fade, Limeira tem 3.366 casos confirmados de dengue. Tamb\u00e9m foi confirmada a s\u00e9tima morte em decorr\u00eancia da doen\u00e7a, de uma mulher, 56 anos, que tinha comorbidades. H\u00e1, ainda, 3.085 casos suspeitos e 3.631 descartados. &#13; Em Limeira, o combate [&hellip;]<\/p>\n","protected":false},"author":1,"featured_media":2362,"comment_status":"open","ping_status":"open","sticky":false,"template":"","format":"standard","meta":{"_jetpack_newsletter_access":"","_jetpack_dont_email_post_to_subs":false,"_jetpack_newsletter_tier_id":0,"_jetpack_memberships_contains_paywalled_content":false,"_mbp_banners":[],"_jetpack_feature_clip_id":0,"_jetpack_memberships_contains_paid_content":false,"footnotes":"","jetpack_publicize_message":"","jetpack_publicize_feature_enabled":true,"jetpack_social_post_already_shared":true,"jetpack_social_options":{"image_generator_settings":{"template":"highway","default_image_id":0,"font":"","enabled":false},"version":2},"jetpack_post_was_ever_published":false},"categories":[16],"tags":[],"class_list":["post-8064","post","type-post","status-publish","format-standard","has-post-thumbnail","category-local"],"jetpack_publicize_connections":[],"jetpack-related-posts":[],"jetpack_shortlink":"https:\/\/wp.me\/p7Eq1F-264","jetpack_sharing_enabled":true,"jetpack_featured_media_url":"https:\/\/i0.wp.com\/guialimeira.com.br\/news\/wp-content\/uploads\/2024\/04\/m_137_0_1_22042024191935.jpg?fit=1280%2C852&ssl=1","_links":{"self":[{"href":"https:\/\/guialimeira.com.br\/news\/wp-json\/wp\/v2\/posts\/8064","targetHints":{"allow":["GET"]}}],"collection":[{"href":"https:\/\/guialimeira.com.br\/news\/wp-json\/wp\/v2\/posts"}],"about":[{"href":"https:\/\/guialimeira.com.br\/news\/wp-json\/wp\/v2\/types\/post"}],"author":[{"embeddable":true,"href":"https:\/\/guialimeira.com.br\/news\/wp-json\/wp\/v2\/users\/1"}],"replies":[{"embeddable":true,"href":"https:\/\/guialimeira.com.br\/news\/wp-json\/wp\/v2\/comments?post=8064"}],"version-history":[{"count":0,"href":"https:\/\/guialimeira.com.br\/news\/wp-json\/wp\/v2\/posts\/8064\/revisions"}],"wp:featuredmedia":[{"embeddable":true,"href":"https:\/\/guialimeira.com.br\/news\/wp-json\/wp\/v2\/media\/2362"}],"wp:attachment":[{"href":"https:\/\/guialimeira.com.br\/news\/wp-json\/wp\/v2\/media?parent=8064"}],"wp:term":[{"taxonomy":"category","embeddable":true,"href":"https:\/\/guialimeira.com.br\/news\/wp-json\/wp\/v2\/categories?post=8064"},{"taxonomy":"post_tag","embeddable":true,"href":"https:\/\/guialimeira.com.br\/news\/wp-json\/wp\/v2\/tags?post=8064"}],"curies":[{"name":"wp","href":"https:\/\/api.w.org\/{rel}","templated":true}]}}