{"id":8059,"date":"2024-06-10T17:58:45","date_gmt":"2024-06-10T20:58:45","guid":{"rendered":"https:\/\/guialimeira.com.br\/2024\/06\/10\/construcao-dos-reservatorios-de-agua-na-regiao-do-mercado-modelo-e-finalizada\/"},"modified":"2024-06-10T17:58:45","modified_gmt":"2024-06-10T20:58:45","slug":"construcao-dos-reservatorios-de-agua-na-regiao-do-mercado-modelo-e-finalizada","status":"publish","type":"post","link":"https:\/\/guialimeira.com.br\/news\/construcao-dos-reservatorios-de-agua-na-regiao-do-mercado-modelo-e-finalizada\/","title":{"rendered":"Constru\u00e7\u00e3o dos reservat\u00f3rios de \u00e1gua na regi\u00e3o do Mercado Modelo \u00e9 finalizada"},"content":{"rendered":"<p> <br \/>\n<\/p>\n<div>\n            <main class=\"\">&#13;<br \/>\n                &#13;<br \/>\n&#13;<br \/>\n&#13;<br \/>\n&#13;<br \/>\n    <img data-recalc-dims=\"1\" decoding=\"async\" src=\"https:\/\/i0.wp.com\/ecrie.com.br\/sistema\/conteudos\/imagem\/m_137_0_1_10062024172033.jpg?w=696&#038;ssl=1\" alt=\"Constru\u00e7\u00e3o dos reservat\u00f3rios de \u00e1gua na regi\u00e3o do Mercado Modelo \u00e9 finalizada\"\/>&#13;<br \/>\n&#13;<\/p>\n<p>O projeto da Prefeitura de Limeira para recupera\u00e7\u00e3o das galerias de \u00e1guas pluviais na regi\u00e3o do Mercado\u00a0Modelo, no Centro, encerrou mais uma etapa. A constru\u00e7\u00e3o dos dois\u00a0reservat\u00f3rios\u00a0de \u00e1gua, um de 6 metros e outro de\u00a07 metros de profundidade, est\u00e1 pronta. Juntos, eles\u00a0t\u00eam capacidade para receber at\u00e9 10 milh\u00f5es de litros de \u00e1gua\u00a0das chuvas\u00a0e atuar\u00e3o de maneira significativa para conter as enchentes na regi\u00e3o.\u00a0O investimento na interven\u00e7\u00e3o \u00e9 de R$ 29,8\u00a0milh\u00f5es.<\/p>\n<p>&#13;<\/p>\n<p>Atualmente, os oper\u00e1rios fazem a constru\u00e7\u00e3o do reservat\u00f3rio de \u00e1gua de combate a inc\u00eandio e as instala\u00e7\u00f5es hidr\u00e1ulicas que ficar\u00e3o sob o piso de concreto. De acordo com a Secretaria de Obras e Servi\u00e7os P\u00fablicos,\u00a0mais de 99% dos trabalhos desta etapa foram conclu\u00eddos. Nos pr\u00f3ximos dias, haver\u00e1 o recapeamento do entorno do Mercado Modelo, com instala\u00e7\u00e3o de nova sinaliza\u00e7\u00e3o de solo. O acesso ao estacionamento\u00a0seguir\u00e1 interditado\u00a0at\u00e9 o t\u00e9rmino definitivo de todas as etapas.<\/p>\n<p>&#13;<\/p>\n<p>Em visita ao local, o prefeito Mario Botion\u00a0e a vice-prefeita Erika Tank\u00a0demonstraram satisfa\u00e7\u00e3o com o resultado do projeto. \u201c\u00c9 uma obra maravilhosa e muito importante para toda cidade\u201d, disse Botion. \u201cCom a conclus\u00e3o dos reservat\u00f3rios e da parte estrutural, o Mercad\u00e3o poder\u00e1 ser reconstru\u00eddo\u201d, completou.<\/p>\n<p>&#13;<\/p>\n<p>A vice-prefeita, por sua vez, destacou os aspectos hist\u00f3ricos e econ\u00f4micos da interven\u00e7\u00e3o. \u201cPara quem acompanhou a situa\u00e7\u00e3o de comerciantes e clientes que mantinham uma forte liga\u00e7\u00e3o com o Mercado Modelo, essa obra, com certeza, ser\u00e1 um marco no resgate da tradi\u00e7\u00e3o e no fortalecimento da economia do com\u00e9rcio do centro\u201d, frisou Erika Tank.<\/p>\n<p>&#13;<\/p>\n<p>\u00a0<\/p>\n<p>&#13;<br \/>\n&#13;<br \/>\n&#13;<br \/>\n&#13;<\/p>\n<aside class=\"list-related no-print\">&#13;<br \/>\n        &#13;<br \/>\n&#13;<\/p>\n<article class=\"list-item noticias \">&#13;<br \/>\n                    <a class=\"list-item__img\" href=\"https:\/\/limeira.sp.gov.br\/imprensa\/noticias\/gabinete-do-prefeito\/mario-botion-e-erika-tank-acompanham-corrida-sem-barreiras\" tabindex=\"-1\" aria-hidden=\"true\" rel=\"noopener\">&#13;<br \/>\n                        <img data-recalc-dims=\"1\" decoding=\"async\" src=\"https:\/\/i0.wp.com\/ecrie.com.br\/sistema\/conteudos\/imagem\/m_137_7_1_09062024123725.jpg?w=696&#038;ssl=1\" alt=\"Mario Botion e Erika Tank acompanham Corrida Sem Barreiras\"\/>&#13;<br \/>\n                    <\/a>&#13;<br \/>\n&#13;<br \/>\n                &#13;<br \/>\n            <\/article>\n<p>&#13;<\/p>\n<article class=\"list-item noticias \">&#13;<br \/>\n                    <a class=\"list-item__img\" href=\"https:\/\/limeira.sp.gov.br\/imprensa\/noticias\/gabinete-do-prefeito\/parque-cidade-recebe-projeto-prefeito-no-bairro\" tabindex=\"-1\" aria-hidden=\"true\" rel=\"noopener\">&#13;<br \/>\n                        <img data-recalc-dims=\"1\" decoding=\"async\" src=\"https:\/\/i0.wp.com\/ecrie.com.br\/sistema\/conteudos\/imagem\/m_137_1_3_08062024130559.jpg?w=696&#038;ssl=1\" alt=\"Parque Cidade recebe projeto Prefeito no Bairro\"\/>&#13;<br \/>\n                    <\/a>&#13;<br \/>\n&#13;<br \/>\n                &#13;<br \/>\n            <\/article>\n<p>&#13;<\/p>\n<article class=\"list-item noticias \">&#13;<br \/>\n                    <a class=\"list-item__img\" href=\"https:\/\/limeira.sp.gov.br\/imprensa\/noticias\/gabinete-do-prefeito\/avanca-interligacao-entre-santa-eulalia-e-gustavo-peccinini-local-tera-estrutura-de-lazer-e-esporte\" tabindex=\"-1\" aria-hidden=\"true\" rel=\"noopener\">&#13;<br \/>\n                        <img data-recalc-dims=\"1\" decoding=\"async\" src=\"https:\/\/i0.wp.com\/ecrie.com.br\/sistema\/conteudos\/imagem\/m_137_1_3_07062024160252.jpg?w=696&#038;ssl=1\" alt=\"Avan\u00e7a interliga\u00e7\u00e3o entre Santa Eul\u00e1lia e Gustavo Peccinini; local ter\u00e1 estrutura de lazer e esporte\"\/>&#13;<br \/>\n                    <\/a>&#13;<br \/>\n&#13;<br \/>\n                &#13;<br \/>\n            <\/article>\n<p>&#13;<br \/>\n    <\/aside>\n<p>&#13;<br \/>\n&#13;<br \/>\n            <\/main><\/p><\/div>\n<p><br \/>\n<br \/><a href=\"https:\/\/limeira.sp.gov.br\/construcao-dos-reservatorios-de-agua-na-regiao-do-mercado-modelo-e-finalizada\" rel=\"noopener\">Informa\u00e7\u00f5es da PML <\/a><\/p>\n","protected":false},"excerpt":{"rendered":"<p>&#13; &#13; &#13; &#13; &#13; &#13; &#13; O projeto da Prefeitura de Limeira para recupera\u00e7\u00e3o das galerias de \u00e1guas pluviais na regi\u00e3o do Mercado\u00a0Modelo, no Centro, encerrou mais uma etapa. A constru\u00e7\u00e3o dos dois\u00a0reservat\u00f3rios\u00a0de \u00e1gua, um de 6 metros e outro de\u00a07 metros de profundidade, est\u00e1 pronta. Juntos, eles\u00a0t\u00eam capacidade para receber at\u00e9 10 milh\u00f5es [&hellip;]<\/p>\n","protected":false},"author":1,"featured_media":8060,"comment_status":"open","ping_status":"open","sticky":false,"template":"","format":"standard","meta":{"_jetpack_newsletter_access":"","_jetpack_dont_email_post_to_subs":false,"_jetpack_newsletter_tier_id":0,"_jetpack_memberships_contains_paywalled_content":false,"_mbp_banners":[],"_jetpack_feature_clip_id":0,"_jetpack_memberships_contains_paid_content":false,"footnotes":"","jetpack_publicize_message":"","jetpack_publicize_feature_enabled":true,"jetpack_social_post_already_shared":true,"jetpack_social_options":{"image_generator_settings":{"template":"highway","default_image_id":0,"font":"","enabled":false},"version":2},"jetpack_post_was_ever_published":false},"categories":[16],"tags":[],"class_list":["post-8059","post","type-post","status-publish","format-standard","has-post-thumbnail","category-local"],"jetpack_publicize_connections":[],"jetpack-related-posts":[],"jetpack_shortlink":"https:\/\/wp.me\/p7Eq1F-25Z","jetpack_sharing_enabled":true,"jetpack_featured_media_url":"https:\/\/i0.wp.com\/guialimeira.com.br\/news\/wp-content\/uploads\/2024\/06\/m_137_0_1_10062024172033.jpg?fit=900%2C600&ssl=1","_links":{"self":[{"href":"https:\/\/guialimeira.com.br\/news\/wp-json\/wp\/v2\/posts\/8059","targetHints":{"allow":["GET"]}}],"collection":[{"href":"https:\/\/guialimeira.com.br\/news\/wp-json\/wp\/v2\/posts"}],"about":[{"href":"https:\/\/guialimeira.com.br\/news\/wp-json\/wp\/v2\/types\/post"}],"author":[{"embeddable":true,"href":"https:\/\/guialimeira.com.br\/news\/wp-json\/wp\/v2\/users\/1"}],"replies":[{"embeddable":true,"href":"https:\/\/guialimeira.com.br\/news\/wp-json\/wp\/v2\/comments?post=8059"}],"version-history":[{"count":0,"href":"https:\/\/guialimeira.com.br\/news\/wp-json\/wp\/v2\/posts\/8059\/revisions"}],"wp:featuredmedia":[{"embeddable":true,"href":"https:\/\/guialimeira.com.br\/news\/wp-json\/wp\/v2\/media\/8060"}],"wp:attachment":[{"href":"https:\/\/guialimeira.com.br\/news\/wp-json\/wp\/v2\/media?parent=8059"}],"wp:term":[{"taxonomy":"category","embeddable":true,"href":"https:\/\/guialimeira.com.br\/news\/wp-json\/wp\/v2\/categories?post=8059"},{"taxonomy":"post_tag","embeddable":true,"href":"https:\/\/guialimeira.com.br\/news\/wp-json\/wp\/v2\/tags?post=8059"}],"curies":[{"name":"wp","href":"https:\/\/api.w.org\/{rel}","templated":true}]}}