{"id":8053,"date":"2024-06-10T16:57:44","date_gmt":"2024-06-10T19:57:44","guid":{"rendered":"https:\/\/guialimeira.com.br\/2024\/06\/10\/fundo-social-recebe-doacao-do-colegio-adventista\/"},"modified":"2024-06-10T16:57:44","modified_gmt":"2024-06-10T19:57:44","slug":"fundo-social-recebe-doacao-do-colegio-adventista","status":"publish","type":"post","link":"https:\/\/guialimeira.com.br\/news\/fundo-social-recebe-doacao-do-colegio-adventista\/","title":{"rendered":"Fundo Social recebe doa\u00e7\u00e3o do Col\u00e9gio Adventista"},"content":{"rendered":"<p> <br \/>\n<\/p>\n<div>\n            <main class=\"\">&#13;<br \/>\n                &#13;<br \/>\n&#13;<br \/>\n&#13;<br \/>\n&#13;<br \/>\n    <img data-recalc-dims=\"1\" decoding=\"async\" src=\"https:\/\/i0.wp.com\/ecrie.com.br\/sistema\/conteudos\/imagem\/m_137_0_4_10062024163234.jpg?w=696&#038;ssl=1\" alt=\"Fundo Social recebe doa\u00e7\u00e3o do Col\u00e9gio Adventista\"\/>&#13;<br \/>\n&#13;<\/p>\n<p style=\"text-align: justify;\" align=\"justify\">A primeira-dama e presidente do Fundo Social de Limeira Roberta Botion e a vice-prefeita Erika Tank receberam hoje (10) doa\u00e7\u00f5es de roupas, sapatos, alimentos, \u00e1gua, produtos de higiene e de limpeza. Os itens, arrecadados pelo Col\u00e9gio Adventista de Limeira, ser\u00e3o encaminhados ao Rio Grande do Sul. \u201cO nosso agradecimento a todos os alunos, pais e toda a equipe do col\u00e9gio pela iniciativa\u201d, disse Roberta Botion. \u201cEstas doa\u00e7\u00f5es v\u00e3o ajudar muitas fam\u00edlias, parab\u00e9ns pela a\u00e7\u00e3o solid\u00e1ria\u201d, destacou Erika Tank.<\/p>\n<p>&#13;<\/p>\n<p style=\"text-align: justify;\" align=\"justify\">Roberta e Erika tamb\u00e9m visitaram a escola e conversaram com os alunos sobre a import\u00e2ncia de projetos e campanhas sociais. \u201cSempre realizamos a\u00e7\u00f5es para colaborar com a comunidade e incentivar nossos alunos a trabalharem valores como a solidariedade, uni\u00e3o, respeito, dentre outros\u201d, explicou o diretor escolar, Alessandro Giacomini.<\/p>\n<p>&#13;<\/p>\n<p style=\"text-align: justify;\" align=\"justify\">A arrecada\u00e7\u00e3o dos produtos come\u00e7ou a ser feita pela escola no dia 15 de maio. \u201cNo segundo semestre esta campanha ser\u00e1 ampliada, por meio da Gincana das Cores, projeto desenvolvido todo ano pelo col\u00e9gio\u201d, completou Giacomini.<\/p>\n<p>&#13;<br \/>\n&#13;<br \/>\n&#13;<br \/>\n    &#13;<br \/>\n    &#13;<br \/>\n&#13;<br \/>\n&#13;<\/p>\n<aside class=\"list-related no-print\">&#13;<br \/>\n        &#13;<br \/>\n&#13;<\/p>\n<article class=\"list-item noticias \">&#13;<br \/>\n                    <a class=\"list-item__img\" href=\"https:\/\/limeira.sp.gov.br\/imprensa\/noticias\/fundo-social-de-limeira\/mario-botion-e-erika-tank-acompanham-corrida-sem-barreiras\" tabindex=\"-1\" aria-hidden=\"true\" rel=\"noopener\">&#13;<br \/>\n                        <img data-recalc-dims=\"1\" decoding=\"async\" src=\"https:\/\/i0.wp.com\/ecrie.com.br\/sistema\/conteudos\/imagem\/m_137_7_1_09062024123725.jpg?w=696&#038;ssl=1\" alt=\"Mario Botion e Erika Tank acompanham Corrida Sem Barreiras\"\/>&#13;<br \/>\n                    <\/a>&#13;<br \/>\n&#13;<br \/>\n                &#13;<br \/>\n            <\/article>\n<p>&#13;<\/p>\n<article class=\"list-item noticias \">&#13;<br \/>\n                    <a class=\"list-item__img\" href=\"https:\/\/limeira.sp.gov.br\/imprensa\/noticias\/fundo-social-de-limeira\/inscricoes-abertas-para-curso-de-padaria-artesanal\" tabindex=\"-1\" aria-hidden=\"true\" rel=\"noopener\">&#13;<br \/>\n                        <img data-recalc-dims=\"1\" decoding=\"async\" src=\"https:\/\/i0.wp.com\/ecrie.com.br\/sistema\/conteudos\/imagem\/m_137_0_1_07062024160807.jpg?w=696&#038;ssl=1\" alt=\"Inscri\u00e7\u00f5es abertas para curso de Padaria Artesanal\"\/>&#13;<br \/>\n                    <\/a>&#13;<br \/>\n&#13;<br \/>\n                &#13;<br \/>\n            <\/article>\n<p>&#13;<\/p>\n<article class=\"list-item noticias \">&#13;<br \/>\n                    <a class=\"list-item__img\" href=\"https:\/\/limeira.sp.gov.br\/imprensa\/noticias\/fundo-social-de-limeira\/campanha-do-agasalho-realiza-drive-thru-na-boa-vista\" tabindex=\"-1\" aria-hidden=\"true\" rel=\"noopener\">&#13;<br \/>\n                        <img data-recalc-dims=\"1\" decoding=\"async\" src=\"https:\/\/i0.wp.com\/ecrie.com.br\/sistema\/conteudos\/imagem\/m_137_0_1_21052024170347.jpg?w=696&#038;ssl=1\" alt=\"Campanha do Agasalho realiza drive-thru na Boa Vista\"\/>&#13;<br \/>\n                    <\/a>&#13;<br \/>\n&#13;<br \/>\n                &#13;<br \/>\n            <\/article>\n<p>&#13;<br \/>\n    <\/aside>\n<p>&#13;<br \/>\n&#13;<br \/>\n            <\/main><\/p><\/div>\n<p><br \/>\n<br \/><a href=\"https:\/\/limeira.sp.gov.br\/solidariedade-fundo-social-recebe-doacao-do-colegio-adventista\" rel=\"noopener\">Informa\u00e7\u00f5es da PML <\/a><\/p>\n","protected":false},"excerpt":{"rendered":"<p>&#13; &#13; &#13; &#13; &#13; &#13; &#13; A primeira-dama e presidente do Fundo Social de Limeira Roberta Botion e a vice-prefeita Erika Tank receberam hoje (10) doa\u00e7\u00f5es de roupas, sapatos, alimentos, \u00e1gua, produtos de higiene e de limpeza. Os itens, arrecadados pelo Col\u00e9gio Adventista de Limeira, ser\u00e3o encaminhados ao Rio Grande do Sul. \u201cO nosso [&hellip;]<\/p>\n","protected":false},"author":1,"featured_media":8054,"comment_status":"open","ping_status":"open","sticky":false,"template":"","format":"standard","meta":{"_jetpack_newsletter_access":"","_jetpack_dont_email_post_to_subs":false,"_jetpack_newsletter_tier_id":0,"_jetpack_memberships_contains_paywalled_content":false,"_mbp_banners":[],"_jetpack_feature_clip_id":0,"_jetpack_memberships_contains_paid_content":false,"footnotes":"","jetpack_publicize_message":"","jetpack_publicize_feature_enabled":true,"jetpack_social_post_already_shared":true,"jetpack_social_options":{"image_generator_settings":{"template":"highway","default_image_id":0,"font":"","enabled":false},"version":2},"jetpack_post_was_ever_published":false},"categories":[16],"tags":[],"class_list":["post-8053","post","type-post","status-publish","format-standard","has-post-thumbnail","category-local"],"jetpack_publicize_connections":[],"jetpack-related-posts":[],"jetpack_shortlink":"https:\/\/wp.me\/p7Eq1F-25T","jetpack_sharing_enabled":true,"jetpack_featured_media_url":"https:\/\/i0.wp.com\/guialimeira.com.br\/news\/wp-content\/uploads\/2024\/06\/m_137_0_4_10062024163234.jpg?fit=1280%2C852&ssl=1","_links":{"self":[{"href":"https:\/\/guialimeira.com.br\/news\/wp-json\/wp\/v2\/posts\/8053","targetHints":{"allow":["GET"]}}],"collection":[{"href":"https:\/\/guialimeira.com.br\/news\/wp-json\/wp\/v2\/posts"}],"about":[{"href":"https:\/\/guialimeira.com.br\/news\/wp-json\/wp\/v2\/types\/post"}],"author":[{"embeddable":true,"href":"https:\/\/guialimeira.com.br\/news\/wp-json\/wp\/v2\/users\/1"}],"replies":[{"embeddable":true,"href":"https:\/\/guialimeira.com.br\/news\/wp-json\/wp\/v2\/comments?post=8053"}],"version-history":[{"count":0,"href":"https:\/\/guialimeira.com.br\/news\/wp-json\/wp\/v2\/posts\/8053\/revisions"}],"wp:featuredmedia":[{"embeddable":true,"href":"https:\/\/guialimeira.com.br\/news\/wp-json\/wp\/v2\/media\/8054"}],"wp:attachment":[{"href":"https:\/\/guialimeira.com.br\/news\/wp-json\/wp\/v2\/media?parent=8053"}],"wp:term":[{"taxonomy":"category","embeddable":true,"href":"https:\/\/guialimeira.com.br\/news\/wp-json\/wp\/v2\/categories?post=8053"},{"taxonomy":"post_tag","embeddable":true,"href":"https:\/\/guialimeira.com.br\/news\/wp-json\/wp\/v2\/tags?post=8053"}],"curies":[{"name":"wp","href":"https:\/\/api.w.org\/{rel}","templated":true}]}}