{"id":8047,"date":"2024-06-10T15:56:52","date_gmt":"2024-06-10T18:56:52","guid":{"rendered":"https:\/\/guialimeira.com.br\/2024\/06\/10\/1o-passeio-ciclistico-do-transito-de-limeira-e-remarcado-para-dia-23\/"},"modified":"2024-06-10T15:56:52","modified_gmt":"2024-06-10T18:56:52","slug":"1o-passeio-ciclistico-do-transito-de-limeira-e-remarcado-para-dia-23","status":"publish","type":"post","link":"https:\/\/guialimeira.com.br\/news\/1o-passeio-ciclistico-do-transito-de-limeira-e-remarcado-para-dia-23\/","title":{"rendered":"1\u00ba Passeio Cicl\u00edstico do Tr\u00e2nsito de Limeira \u00e9 remarcado para dia 23"},"content":{"rendered":"<p> <br \/>\n<\/p>\n<div>\n            <main class=\"\">&#13;<br \/>\n                &#13;<br \/>\n&#13;<br \/>\n&#13;<br \/>\n&#13;<br \/>\n    <img data-recalc-dims=\"1\" decoding=\"async\" src=\"https:\/\/i0.wp.com\/ecrie.com.br\/sistema\/conteudos\/imagem\/m_137_0_1_10062024140725.jpeg?w=696&#038;ssl=1\" alt=\"1\u00ba Passeio Cicl\u00edstico do Tr\u00e2nsito de Limeira \u00e9 remarcado para dia 23\"\/>&#13;<br \/>\n&#13;<\/p>\n<p class=\"western\" style=\"text-align: justify;\" align=\"justify\">O 1\u00ba Passeio Cicl\u00edstico do Tr\u00e2nsito foi remarcado para dia 23 (domingo). O evento deveria ter acontecido em maio, mas foi adiado por conta das chuvas. A concentra\u00e7\u00e3o ser\u00e1 as 7h30, em frente da Leal Bike, na Rua Evaristo Olivato Filho, 1.113, no Jd. Caieiras. A sa\u00edda est\u00e1 prevista para as 8h e os ciclistas percorrer\u00e3o um trajeto de 20 quil\u00f4metros. O ponto de chegada ser\u00e1 no Bike Life Container (Rua Pedro Zaccaria, 785, Jd. Nova It\u00e1lia).<\/p>\n<p>&#13;<\/p>\n<p class=\"western\" style=\"text-align: justify;\" align=\"justify\">A iniciativa \u00e9 voltada para o p\u00fablico adulto e, para participar, \u00e9 necess\u00e1rio se inscrever previamente. Os interessados podem procurar a Leal Bike com documento com foto ou acessar o formul\u00e1rio on-line (<a href=\"https:\/\/docs.google.com\/forms\/d\/e\/1FAIpQLSdJt689Fqc0XOh2Ulxf-CMS7NRY6ef6I-A0nP2UeHmgZ41reQ\/viewform\" target=\"_blank\" rel=\"noopener\">bit.ly\/passeiobiketransito<\/a>), at\u00e9 dia 22. Todo o caminho receber\u00e1 o monitoramento de agentes de tr\u00e2nsito. Ao final, haver\u00e1 sorteio de uma bicicleta pela Leal Bike \u2013 parceira da iniciativa.<\/p>\n<p>&#13;<br \/>\n&#13;<br \/>\n&#13;<br \/>\n&#13;<\/p>\n<aside class=\"list-related no-print\">&#13;<br \/>\n        &#13;<br \/>\n&#13;<\/p>\n<article class=\"list-item noticias \">&#13;<br \/>\n                    <a class=\"list-item__img\" href=\"https:\/\/limeira.sp.gov.br\/imprensa\/noticias\/mobilidade-urbana\/avanca-interligacao-entre-santa-eulalia-e-gustavo-peccinini-local-tera-estrutura-de-lazer-e-esporte\" tabindex=\"-1\" aria-hidden=\"true\" rel=\"noopener\">&#13;<br \/>\n                        <img data-recalc-dims=\"1\" decoding=\"async\" src=\"https:\/\/i0.wp.com\/ecrie.com.br\/sistema\/conteudos\/imagem\/m_137_1_3_07062024160252.jpg?w=696&#038;ssl=1\" alt=\"Avan\u00e7a interliga\u00e7\u00e3o entre Santa Eul\u00e1lia e Gustavo Peccinini; local ter\u00e1 estrutura de lazer e esporte\"\/>&#13;<br \/>\n                    <\/a>&#13;<br \/>\n&#13;<br \/>\n                &#13;<br \/>\n            <\/article>\n<p>&#13;<\/p>\n<article class=\"list-item noticias \">&#13;<br \/>\n                    <a class=\"list-item__img\" href=\"https:\/\/limeira.sp.gov.br\/imprensa\/noticias\/mobilidade-urbana\/duque-de-caxias-sera-totalmente-liberada-ao-transito-nesta-sexta-7\" tabindex=\"-1\" aria-hidden=\"true\" rel=\"noopener\">&#13;<br \/>\n                        <img data-recalc-dims=\"1\" decoding=\"async\" src=\"https:\/\/i0.wp.com\/ecrie.com.br\/sistema\/conteudos\/imagem\/m_137_0_1_07062024162621.jpg?w=696&#038;ssl=1\" alt=\"Duque de Caxias ser\u00e1 totalmente liberada ao tr\u00e2nsito nesta sexta (7)\"\/>&#13;<br \/>\n                    <\/a>&#13;<br \/>\n&#13;<br \/>\n                &#13;<br \/>\n            <\/article>\n<p>&#13;<\/p>\n<article class=\"list-item noticias \">&#13;<br \/>\n                    <a class=\"list-item__img\" href=\"https:\/\/limeira.sp.gov.br\/imprensa\/noticias\/mobilidade-urbana\/trecho-da-via-luiz-varga-anel-viario-sera-interditado-para-obras-da-brk\" tabindex=\"-1\" aria-hidden=\"true\" rel=\"noopener\">&#13;<br \/>\n                        <img data-recalc-dims=\"1\" decoding=\"async\" src=\"https:\/\/i0.wp.com\/ecrie.com.br\/sistema\/conteudos\/imagem\/m_137_0_1_03062024184057.jpg?w=696&#038;ssl=1\" alt=\"Trecho da Via Luiz Varga (Anel Vi\u00e1rio) ser\u00e1 interditado para obras da BRK\"\/>&#13;<br \/>\n                    <\/a>&#13;<br \/>\n&#13;<br \/>\n                &#13;<br \/>\n            <\/article>\n<p>&#13;<br \/>\n    <\/aside>\n<p>&#13;<br \/>\n&#13;<br \/>\n            <\/main><\/p><\/div>\n<p><br \/>\n<br \/><a href=\"https:\/\/limeira.sp.gov.br\/1-passeio-ciclistico-do-transito-de-limeira-e-remarcado-para-dia-23\" rel=\"noopener\">Informa\u00e7\u00f5es da PML <\/a><\/p>\n","protected":false},"excerpt":{"rendered":"<p>&#13; &#13; &#13; &#13; &#13; &#13; &#13; O 1\u00ba Passeio Cicl\u00edstico do Tr\u00e2nsito foi remarcado para dia 23 (domingo). O evento deveria ter acontecido em maio, mas foi adiado por conta das chuvas. A concentra\u00e7\u00e3o ser\u00e1 as 7h30, em frente da Leal Bike, na Rua Evaristo Olivato Filho, 1.113, no Jd. Caieiras. A sa\u00edda est\u00e1 [&hellip;]<\/p>\n","protected":false},"author":1,"featured_media":8048,"comment_status":"open","ping_status":"open","sticky":false,"template":"","format":"standard","meta":{"_jetpack_newsletter_access":"","_jetpack_dont_email_post_to_subs":false,"_jetpack_newsletter_tier_id":0,"_jetpack_memberships_contains_paywalled_content":false,"_mbp_banners":[],"_jetpack_feature_clip_id":0,"_jetpack_memberships_contains_paid_content":false,"footnotes":"","jetpack_publicize_message":"","jetpack_publicize_feature_enabled":true,"jetpack_social_post_already_shared":true,"jetpack_social_options":{"image_generator_settings":{"template":"highway","default_image_id":0,"font":"","enabled":false},"version":2},"jetpack_post_was_ever_published":false},"categories":[16],"tags":[],"class_list":["post-8047","post","type-post","status-publish","format-standard","has-post-thumbnail","category-local"],"jetpack_publicize_connections":[],"jetpack-related-posts":[],"jetpack_shortlink":"https:\/\/wp.me\/p7Eq1F-25N","jetpack_sharing_enabled":true,"jetpack_featured_media_url":"https:\/\/i0.wp.com\/guialimeira.com.br\/news\/wp-content\/uploads\/2024\/06\/m_137_0_1_10062024140725.jpeg?fit=1280%2C852&ssl=1","_links":{"self":[{"href":"https:\/\/guialimeira.com.br\/news\/wp-json\/wp\/v2\/posts\/8047","targetHints":{"allow":["GET"]}}],"collection":[{"href":"https:\/\/guialimeira.com.br\/news\/wp-json\/wp\/v2\/posts"}],"about":[{"href":"https:\/\/guialimeira.com.br\/news\/wp-json\/wp\/v2\/types\/post"}],"author":[{"embeddable":true,"href":"https:\/\/guialimeira.com.br\/news\/wp-json\/wp\/v2\/users\/1"}],"replies":[{"embeddable":true,"href":"https:\/\/guialimeira.com.br\/news\/wp-json\/wp\/v2\/comments?post=8047"}],"version-history":[{"count":0,"href":"https:\/\/guialimeira.com.br\/news\/wp-json\/wp\/v2\/posts\/8047\/revisions"}],"wp:featuredmedia":[{"embeddable":true,"href":"https:\/\/guialimeira.com.br\/news\/wp-json\/wp\/v2\/media\/8048"}],"wp:attachment":[{"href":"https:\/\/guialimeira.com.br\/news\/wp-json\/wp\/v2\/media?parent=8047"}],"wp:term":[{"taxonomy":"category","embeddable":true,"href":"https:\/\/guialimeira.com.br\/news\/wp-json\/wp\/v2\/categories?post=8047"},{"taxonomy":"post_tag","embeddable":true,"href":"https:\/\/guialimeira.com.br\/news\/wp-json\/wp\/v2\/tags?post=8047"}],"curies":[{"name":"wp","href":"https:\/\/api.w.org\/{rel}","templated":true}]}}