{"id":8037,"date":"2024-06-10T13:54:45","date_gmt":"2024-06-10T16:54:45","guid":{"rendered":"https:\/\/guialimeira.com.br\/2024\/06\/10\/saiba-como-doar-livros-a-biblioteca-municipal\/"},"modified":"2024-06-10T13:54:45","modified_gmt":"2024-06-10T16:54:45","slug":"saiba-como-doar-livros-a-biblioteca-municipal","status":"publish","type":"post","link":"https:\/\/guialimeira.com.br\/news\/saiba-como-doar-livros-a-biblioteca-municipal\/","title":{"rendered":"Saiba como doar livros \u00e0 Biblioteca Municipal"},"content":{"rendered":"<p> <br \/>\n<\/p>\n<div>\n            <main class=\"\">&#13;<br \/>\n                &#13;<br \/>\n&#13;<br \/>\n&#13;<br \/>\n&#13;<br \/>\n    <img data-recalc-dims=\"1\" decoding=\"async\" src=\"https:\/\/i0.wp.com\/ecrie.com.br\/sistema\/conteudos\/imagem\/m_137_0_1_10062024125643.jpg?w=696&#038;ssl=1\" alt=\"Saiba como doar livros \u00e0 Biblioteca Municipal\"\/>&#13;<br \/>\n&#13;<\/p>\n<p dir=\"ltr\" style=\"text-align: justify;\">A Biblioteca Municipal Professor Jo\u00e3o de Sousa Ferraz recebe doa\u00e7\u00e3o de livros. O espa\u00e7o cultural pertence \u00e0 Prefeitura de Limeira,\u00a0e \u00e9 administrada pela Secretaria de Cultura.<\/p>\n<p>&#13;<\/p>\n<p dir=\"ltr\" style=\"text-align: justify;\">Os interessados em doar livros devem encaminhar antes a lista de obras com fotos para o e-mail:\u00a0<a href=\"http:\/\/limeira.sp.gov.br\/cdn-cgi\/l\/email-protection#39584d5c575d5c5b505b5550564d5c5a585550545c504b58795e54585055175a5654\" target=\"_blank\" rel=\"noopener noreferrer\">atendebibliotecalimeir<wbr\/><span class=\"__cf_email__\" data-cfemail=\"ec8dac8b818d8580c28f8381\">[email\u00a0protected]<\/span><\/a>\u00a0para triagem pr\u00e9via. N\u00e3o s\u00e3o aceitas obras danificadas, faltando p\u00e1ginas, rasuradas, com folhas soltas ou livros did\u00e1ticos com conte\u00fados ultrapassados.<\/p>\n<p>&#13;<\/p>\n<p dir=\"ltr\" style=\"text-align: justify;\">Ressalta-se que os livros para doa\u00e7\u00e3o devem estar em bom estado de conserva\u00e7\u00e3o. Os livros doados ser\u00e3o inseridos no acervo da biblioteca, podendo ser utilizados na \u201cBanca de Troca de Livros\u201d, nas Geladeiras ou disponibilizados no \u201cPegue e Leve\u201d.\u00a0<\/p>\n<p>&#13;<\/p>\n<p dir=\"ltr\" style=\"text-align: justify;\">Mais informa\u00e7\u00f5es podem ser obtidas pelo telefone 3445-1341 ou pelo whatsapp 3442-6539. A biblioteca fica localizada no Parque Cidade.\u00a0<\/p>\n<p>&#13;<br \/>\n&#13;<br \/>\n&#13;<br \/>\n&#13;<\/p>\n<aside class=\"list-related no-print\">&#13;<br \/>\n        &#13;<br \/>\n&#13;<\/p>\n<article class=\"list-item noticias \">&#13;<br \/>\n                    <a class=\"list-item__img\" href=\"https:\/\/limeira.sp.gov.br\/imprensa\/noticias\/cultura\/biblioteca-municipal-recebe-comboio-da-contacao-nesta-quarta-12\" tabindex=\"-1\" aria-hidden=\"true\" rel=\"noopener\">&#13;<br \/>\n                        <img data-recalc-dims=\"1\" decoding=\"async\" src=\"https:\/\/i0.wp.com\/ecrie.com.br\/sistema\/conteudos\/imagem\/m_137_0_1_10062024112252.jpg?w=696&#038;ssl=1\" alt=\"Biblioteca Municipal recebe \u201cComboio da Conta\u00e7\u00e3o\u201d, nesta quarta (12)\"\/>&#13;<br \/>\n                    <\/a>&#13;<br \/>\n&#13;<br \/>\n                &#13;<br \/>\n            <\/article>\n<p>&#13;<\/p>\n<article class=\"list-item noticias \">&#13;<br \/>\n                    <a class=\"list-item__img\" href=\"https:\/\/limeira.sp.gov.br\/imprensa\/noticias\/cultura\/banca-de-troca-de-livros-e-gibis-acontece-nesta-quarta-12\" tabindex=\"-1\" aria-hidden=\"true\" rel=\"noopener\">&#13;<br \/>\n                        <img data-recalc-dims=\"1\" decoding=\"async\" src=\"https:\/\/i0.wp.com\/ecrie.com.br\/sistema\/conteudos\/imagem\/m_137_0_1_06052024144956.png?w=696&#038;ssl=1\" alt=\"Banca de troca de livros e gibis acontece nesta quarta (12)\"\/>&#13;<br \/>\n                    <\/a>&#13;<br \/>\n&#13;<br \/>\n                &#13;<br \/>\n            <\/article>\n<p>&#13;<\/p>\n<article class=\"list-item noticias \">&#13;<br \/>\n                    <a class=\"list-item__img\" href=\"https:\/\/limeira.sp.gov.br\/imprensa\/noticias\/cultura\/festa-junina-municipal-e-destaque-da-semana-1\" tabindex=\"-1\" aria-hidden=\"true\" rel=\"noopener\">&#13;<br \/>\n                        <img data-recalc-dims=\"1\" decoding=\"async\" src=\"https:\/\/i0.wp.com\/ecrie.com.br\/sistema\/conteudos\/imagem\/m_137_0_1_10062024111947.jpeg?w=696&#038;ssl=1\" alt=\"Festa Junina Municipal \u00e9 destaque da semana\"\/>&#13;<br \/>\n                    <\/a>&#13;<br \/>\n&#13;<br \/>\n                &#13;<br \/>\n            <\/article>\n<p>&#13;<br \/>\n    <\/aside>\n<p>&#13;<br \/>\n&#13;<br \/>\n            <\/main><\/p><\/div>\n<p><br \/>\n<br \/><a href=\"https:\/\/limeira.sp.gov.br\/saiba-como-doar-livros-a-biblioteca-municipal\" rel=\"noopener\">Informa\u00e7\u00f5es da PML <\/a><\/p>\n","protected":false},"excerpt":{"rendered":"<p>&#13; &#13; &#13; &#13; &#13; &#13; &#13; A Biblioteca Municipal Professor Jo\u00e3o de Sousa Ferraz recebe doa\u00e7\u00e3o de livros. O espa\u00e7o cultural pertence \u00e0 Prefeitura de Limeira,\u00a0e \u00e9 administrada pela Secretaria de Cultura. &#13; Os interessados em doar livros devem encaminhar antes a lista de obras com fotos para o e-mail:\u00a0atendebibliotecalimeir[email\u00a0protected]\u00a0para triagem pr\u00e9via. N\u00e3o s\u00e3o [&hellip;]<\/p>\n","protected":false},"author":1,"featured_media":8038,"comment_status":"open","ping_status":"open","sticky":false,"template":"","format":"standard","meta":{"_jetpack_newsletter_access":"","_jetpack_dont_email_post_to_subs":false,"_jetpack_newsletter_tier_id":0,"_jetpack_memberships_contains_paywalled_content":false,"_mbp_banners":[],"_jetpack_feature_clip_id":0,"_jetpack_memberships_contains_paid_content":false,"footnotes":"","jetpack_publicize_message":"","jetpack_publicize_feature_enabled":true,"jetpack_social_post_already_shared":true,"jetpack_social_options":{"image_generator_settings":{"template":"highway","default_image_id":0,"font":"","enabled":false},"version":2},"jetpack_post_was_ever_published":false},"categories":[16],"tags":[],"class_list":["post-8037","post","type-post","status-publish","format-standard","has-post-thumbnail","category-local"],"jetpack_publicize_connections":[],"jetpack-related-posts":[],"jetpack_shortlink":"https:\/\/wp.me\/p7Eq1F-25D","jetpack_sharing_enabled":true,"jetpack_featured_media_url":"https:\/\/i0.wp.com\/guialimeira.com.br\/news\/wp-content\/uploads\/2024\/06\/m_137_0_1_10062024125643.jpg?fit=900%2C506&ssl=1","_links":{"self":[{"href":"https:\/\/guialimeira.com.br\/news\/wp-json\/wp\/v2\/posts\/8037","targetHints":{"allow":["GET"]}}],"collection":[{"href":"https:\/\/guialimeira.com.br\/news\/wp-json\/wp\/v2\/posts"}],"about":[{"href":"https:\/\/guialimeira.com.br\/news\/wp-json\/wp\/v2\/types\/post"}],"author":[{"embeddable":true,"href":"https:\/\/guialimeira.com.br\/news\/wp-json\/wp\/v2\/users\/1"}],"replies":[{"embeddable":true,"href":"https:\/\/guialimeira.com.br\/news\/wp-json\/wp\/v2\/comments?post=8037"}],"version-history":[{"count":0,"href":"https:\/\/guialimeira.com.br\/news\/wp-json\/wp\/v2\/posts\/8037\/revisions"}],"wp:featuredmedia":[{"embeddable":true,"href":"https:\/\/guialimeira.com.br\/news\/wp-json\/wp\/v2\/media\/8038"}],"wp:attachment":[{"href":"https:\/\/guialimeira.com.br\/news\/wp-json\/wp\/v2\/media?parent=8037"}],"wp:term":[{"taxonomy":"category","embeddable":true,"href":"https:\/\/guialimeira.com.br\/news\/wp-json\/wp\/v2\/categories?post=8037"},{"taxonomy":"post_tag","embeddable":true,"href":"https:\/\/guialimeira.com.br\/news\/wp-json\/wp\/v2\/tags?post=8037"}],"curies":[{"name":"wp","href":"https:\/\/api.w.org\/{rel}","templated":true}]}}