{"id":8021,"date":"2024-06-10T11:38:50","date_gmt":"2024-06-10T14:38:50","guid":{"rendered":"https:\/\/guialimeira.com.br\/2024\/06\/10\/mercado-aumenta-projecao-do-pib-para-2024\/"},"modified":"2024-06-10T11:38:50","modified_gmt":"2024-06-10T14:38:50","slug":"mercado-aumenta-projecao-do-pib-para-2024","status":"publish","type":"post","link":"https:\/\/guialimeira.com.br\/news\/mercado-aumenta-projecao-do-pib-para-2024\/","title":{"rendered":"Mercado aumenta proje\u00e7\u00e3o do PIB para 2024"},"content":{"rendered":"<p> <br \/>\n<\/p>\n<div>\n<p>O mercado financeiro elevou a previs\u00e3o para o crescimento da economia este ano. Segundo o boletim Focus, divulgado nesta segunda-feira (10) pelo Banco Central (BC), o crescimento do Produto Interno Bruto (PIB) fechar\u00e1 2024 em 2,09%, o mesmo \u00edndice de quatro semanas atr\u00e1s. Na semana passada, a estimativa foi de que o crescimento ficasse em 2,05%. Para 2025 e 2026 a previs\u00e3o \u00e9 de um crescimento de 2%.<img data-recalc-dims=\"1\" decoding=\"async\" src=\"https:\/\/i0.wp.com\/agenciabrasil.ebc.com.br\/ebc.png?w=696&#038;ssl=1\" style=\"width:1px; height:1px; display:inline;\"\/><img data-recalc-dims=\"1\" decoding=\"async\" src=\"https:\/\/i0.wp.com\/agenciabrasil.ebc.com.br\/ebc.gif?w=696&#038;ssl=1\" style=\"width:1px; height:1px; display:inline;\"\/><\/p>\n<p>O mercado financeiro tamb\u00e9m elevou a proje\u00e7\u00e3o de infla\u00e7\u00e3o para este ano de 3,88%, na semana passada, para 3,9%. H\u00e1 quatro semanas a proje\u00e7\u00e3o do \u00cdndice de Pre\u00e7os ao Consumidor Amplo (IPCA) foi de 3,76%<\/p>\n<p>A estimativa para 2024 est\u00e1 dentro do intervalo da\u00a0meta de infla\u00e7\u00e3o que deve ser perseguida pelo BC. Definida pelo Conselho Monet\u00e1rio Nacional (CMN), a meta \u00e9 de 3%, com intervalo de toler\u00e2ncia de 1,5 ponto percentual para cima ou para baixo. Ou seja, o limite inferior \u00e9 1,5% e o superior, 4,5%.<\/p>\n<p>O Focus traz as previs\u00f5es de economistas e analistas de mercado financeiro consultados pelo BC. Para 2025, os analistas tamb\u00e9m elevaram a proje\u00e7\u00e3o de infla\u00e7\u00e3o que passou de 3,77% para 3,78%.<\/p>\n<p>Para 2026, a previs\u00e3o \u00e9 de que a infla\u00e7\u00e3o fique em 3,6% e, em 2027, em 3,5%.<\/p>\n<p>O boletim manteve a previs\u00e3o da taxa b\u00e1sica de juros, a Selic, para este ano. Segundo o Focus, a Selic deve fechar 2024 em 10,25%. Atualmente a <a href=\"https:\/\/agenciabrasil.ebc.com.br\/economia\/noticia\/2024-05\/copom-reduz-juros-basicos-da-economia-para-105-ao-ano\" target=\"_blank\" rel=\"noopener\">taxa est\u00e1 em 10,5%<\/a>.<\/p>\n<p>H\u00e1 quatro semanas a previs\u00e3o do mercado era que o \u00edndice ficasse em 9,75%.<\/p>\n<p>Os analistas mantiveram a previs\u00e3o do c\u00e2mbio para 2024\u00a0em R$ 5,05. H\u00e1\u00a0quatro semanas a previs\u00e3o era de que a moeda norte-americana ficasse em R$ 5,00.<\/p>\n<p>Para 2025, a proje\u00e7\u00e3o \u00e9 de que o d\u00f3lar permane\u00e7a em R$ 5,05. Para 2026, a estimativa\u00a0\u00e9 de que o c\u00e2mbio feche em R$ 5,10 e para 2027, em R$ 5,11.<\/p>\n<\/p><\/div>\n<p><br \/>\n<br \/><a href=\"https:\/\/agenciabrasil.ebc.com.br\/economia\/noticia\/2024-06\/mercado-aumenta-projecao-do-pib-para-2024\" rel=\"noopener\">Ag\u00eancia Brasil<\/a><\/p>\n","protected":false},"excerpt":{"rendered":"<p>O mercado financeiro elevou a previs\u00e3o para o crescimento da economia este ano. Segundo o boletim Focus, divulgado nesta segunda-feira (10) pelo Banco Central (BC), o crescimento do Produto Interno Bruto (PIB) fechar\u00e1 2024 em 2,09%, o mesmo \u00edndice de quatro semanas atr\u00e1s. Na semana passada, a estimativa foi de que o crescimento ficasse em [&hellip;]<\/p>\n","protected":false},"author":1,"featured_media":2497,"comment_status":"open","ping_status":"open","sticky":false,"template":"","format":"standard","meta":{"_jetpack_newsletter_access":"","_jetpack_dont_email_post_to_subs":false,"_jetpack_newsletter_tier_id":0,"_jetpack_memberships_contains_paywalled_content":false,"_mbp_banners":[],"_jetpack_feature_clip_id":0,"_jetpack_memberships_contains_paid_content":false,"footnotes":"","jetpack_publicize_message":"","jetpack_publicize_feature_enabled":true,"jetpack_social_post_already_shared":true,"jetpack_social_options":{"image_generator_settings":{"template":"highway","default_image_id":0,"font":"","enabled":false},"version":2},"jetpack_post_was_ever_published":false},"categories":[24],"tags":[],"class_list":["post-8021","post","type-post","status-publish","format-standard","has-post-thumbnail","category-economia"],"jetpack_publicize_connections":[],"jetpack-related-posts":[],"jetpack_shortlink":"https:\/\/wp.me\/p7Eq1F-25n","jetpack_sharing_enabled":true,"jetpack_featured_media_url":"https:\/\/i0.wp.com\/guialimeira.com.br\/news\/wp-content\/uploads\/2024\/04\/industria_automobilisticaautomovel_fabrica.jpg?fit=1600%2C800&ssl=1","_links":{"self":[{"href":"https:\/\/guialimeira.com.br\/news\/wp-json\/wp\/v2\/posts\/8021","targetHints":{"allow":["GET"]}}],"collection":[{"href":"https:\/\/guialimeira.com.br\/news\/wp-json\/wp\/v2\/posts"}],"about":[{"href":"https:\/\/guialimeira.com.br\/news\/wp-json\/wp\/v2\/types\/post"}],"author":[{"embeddable":true,"href":"https:\/\/guialimeira.com.br\/news\/wp-json\/wp\/v2\/users\/1"}],"replies":[{"embeddable":true,"href":"https:\/\/guialimeira.com.br\/news\/wp-json\/wp\/v2\/comments?post=8021"}],"version-history":[{"count":0,"href":"https:\/\/guialimeira.com.br\/news\/wp-json\/wp\/v2\/posts\/8021\/revisions"}],"wp:featuredmedia":[{"embeddable":true,"href":"https:\/\/guialimeira.com.br\/news\/wp-json\/wp\/v2\/media\/2497"}],"wp:attachment":[{"href":"https:\/\/guialimeira.com.br\/news\/wp-json\/wp\/v2\/media?parent=8021"}],"wp:term":[{"taxonomy":"category","embeddable":true,"href":"https:\/\/guialimeira.com.br\/news\/wp-json\/wp\/v2\/categories?post=8021"},{"taxonomy":"post_tag","embeddable":true,"href":"https:\/\/guialimeira.com.br\/news\/wp-json\/wp\/v2\/tags?post=8021"}],"curies":[{"name":"wp","href":"https:\/\/api.w.org\/{rel}","templated":true}]}}