{"id":8012,"date":"2024-06-10T00:30:42","date_gmt":"2024-06-10T03:30:42","guid":{"rendered":"https:\/\/guialimeira.com.br\/2024\/06\/10\/america-mg-derrota-ponte-preta-e-assume-lideranca-da-serie-b\/"},"modified":"2024-06-10T00:30:42","modified_gmt":"2024-06-10T03:30:42","slug":"america-mg-derrota-ponte-preta-e-assume-lideranca-da-serie-b","status":"publish","type":"post","link":"https:\/\/guialimeira.com.br\/news\/america-mg-derrota-ponte-preta-e-assume-lideranca-da-serie-b\/","title":{"rendered":"Am\u00e9rica-MG derrota Ponte Preta e assume lideran\u00e7a da S\u00e9rie B"},"content":{"rendered":"<p> <br \/>\n<\/p>\n<div>\n<p>Em partida que contou com a transmiss\u00e3o da <strong>TV Brasil<\/strong>, o Am\u00e9rica-MG derrotou a Ponte Preta por 2 a 0, na noite deste domingo (9) na Arena Independ\u00eancia, em Belo Horizonte. Com este triunfo, em partida v\u00e1lida pela 9\u00aa rodada da competi\u00e7\u00e3o, o Coelho chegou aos 18 pontos. J\u00e1 a Macaca permanece com nove pontos, na 14\u00aa coloca\u00e7\u00e3o, ap\u00f3s o rev\u00e9s.<img data-recalc-dims=\"1\" decoding=\"async\" src=\"https:\/\/i0.wp.com\/agenciabrasil.ebc.com.br\/ebc.png?w=696&#038;ssl=1\" style=\"width:1px; height:1px; display:inline;\"\/><img data-recalc-dims=\"1\" decoding=\"async\" src=\"https:\/\/i0.wp.com\/agenciabrasil.ebc.com.br\/ebc.gif?w=696&#038;ssl=1\" style=\"width:1px; height:1px; display:inline;\"\/><\/p>\n<blockquote class=\"twitter-tweet\">\n<p dir=\"ltr\" lang=\"pt\" xml:lang=\"pt\">VIT\u00d3RIA DO COELH\u00c3O, MEU FILHO!\ud83d\udc30\ud83d\udc9a<\/p>\n<p>Invicto na <a href=\"https:\/\/twitter.com\/arenaindepa?ref_src=twsrc%5Etfw\" rel=\"noopener\">@ArenaIndepa<\/a>, o Am\u00e9rica venceu a Ponte Preta, por 2 a 0, e conquistou +3 pontos no Brasileir\u00e3o! \ud83d\udcaa\ud83c\udfff<\/p>\n<p>VAMOS, COELH\u00c3O! \ud83d\udc30\ud83d\udc4a\ud83c\udfff\ud83d\udc9a<\/p>\n<p>\u26bd\ufe0f Gol contra<br \/>\u26bd\ufe0f Fabinho<\/p>\n<p>\ud83d\udcf8 Mour\u00e3o Panda \/ Am\u00e9rica <a href=\"https:\/\/twitter.com\/hashtag\/PraCimaDelesCoelho?src=hash&amp;ref_src=twsrc%5Etfw\" rel=\"noopener\">#PraCimaDelesCoelho<\/a><a href=\"https:\/\/twitter.com\/hashtag\/Am%C3%A9ricaDoBrasil?src=hash&amp;ref_src=twsrc%5Etfw\" rel=\"noopener\">#Am\u00e9ricaDoBrasil<\/a> <a href=\"https:\/\/t.co\/lOV8TKlP14\">pic.twitter.com\/lOV8TKlP14<\/a><\/p>\n<p>\u2014 Am\u00e9rica FC (@AmericaFC1912) <a href=\"https:\/\/twitter.com\/AmericaFC1912\/status\/1799946220313657763?ref_src=twsrc%5Etfw\" rel=\"noopener\">June 9, 2024<\/a><\/p><\/blockquote>\n<p>O Am\u00e9rica-MG abriu o placar aos 12 minutos do primeiro tempo, quando o lateral Dudu Vieira marcou contra ap\u00f3s boa trama envolvendo o volante Felipe Amaral e o lateral Daniel Borges. O segundo saiu aos cinco minutos da etapa final, quando o argentino Benitez tocou para o atacante Fabinho.<\/p>\n<h2>Empate sem gols<\/h2>\n<p>Tamb\u00e9m com transmiss\u00e3o da emissora p\u00fablica, Ava\u00ed e Chapecoense n\u00e3o sa\u00edram do 0 a 0 em jogo que teve como palco o est\u00e1dio da Ressacada, em Florian\u00f3polis. O resultado deixou o Le\u00e3o da Ilha na 3\u00aa posi\u00e7\u00e3o da classifica\u00e7\u00e3o com 17 pontos. J\u00e1 o Verd\u00e3o do Oeste \u00e9 o 13\u00ba com 11 pontos.<\/p>\n<blockquote class=\"twitter-tweet\">\n<p dir=\"ltr\" lang=\"pt\" xml:lang=\"pt\">VIT\u00d3RIA DO COELH\u00c3O, MEU FILHO!\ud83d\udc30\ud83d\udc9a<\/p>\n<p>Invicto na <a href=\"https:\/\/twitter.com\/arenaindepa?ref_src=twsrc%5Etfw\" rel=\"noopener\">@ArenaIndepa<\/a>, o Am\u00e9rica venceu a Ponte Preta, por 2 a 0, e conquistou +3 pontos no Brasileir\u00e3o! \ud83d\udcaa\ud83c\udfff<\/p>\n<p>VAMOS, COELH\u00c3O! \ud83d\udc30\ud83d\udc4a\ud83c\udfff\ud83d\udc9a<\/p>\n<p>\u26bd\ufe0f Gol contra<br \/>\u26bd\ufe0f Fabinho<\/p>\n<p>\ud83d\udcf8 Mour\u00e3o Panda \/ Am\u00e9rica <a href=\"https:\/\/twitter.com\/hashtag\/PraCimaDelesCoelho?src=hash&amp;ref_src=twsrc%5Etfw\" rel=\"noopener\">#PraCimaDelesCoelho<\/a><a href=\"https:\/\/twitter.com\/hashtag\/Am%C3%A9ricaDoBrasil?src=hash&amp;ref_src=twsrc%5Etfw\" rel=\"noopener\">#Am\u00e9ricaDoBrasil<\/a> <a href=\"https:\/\/t.co\/lOV8TKlP14\">pic.twitter.com\/lOV8TKlP14<\/a><\/p>\n<p>\u2014 Am\u00e9rica FC (@AmericaFC1912) <a href=\"https:\/\/twitter.com\/AmericaFC1912\/status\/1799946220313657763?ref_src=twsrc%5Etfw\" rel=\"noopener\">June 9, 2024<\/a><\/p><\/blockquote><\/div>\n<p><script async src=\"\/\/platform.twitter.com\/widgets.js\" charset=\"utf-8\"><\/script><br \/>\n<br \/><br \/>\n<br \/><a href=\"https:\/\/agenciabrasil.ebc.com.br\/esportes\/noticia\/2024-06\/america-mg-derrota-ponte-preta-e-assume-lideranca-da-serie-b\" rel=\"noopener\">Ag\u00eancia Brasil<\/a><\/p>\n","protected":false},"excerpt":{"rendered":"<p>Em partida que contou com a transmiss\u00e3o da TV Brasil, o Am\u00e9rica-MG derrotou a Ponte Preta por 2 a 0, na noite deste domingo (9) na Arena Independ\u00eancia, em Belo Horizonte. Com este triunfo, em partida v\u00e1lida pela 9\u00aa rodada da competi\u00e7\u00e3o, o Coelho chegou aos 18 pontos. J\u00e1 a Macaca permanece com nove pontos, [&hellip;]<\/p>\n","protected":false},"author":1,"featured_media":8013,"comment_status":"open","ping_status":"open","sticky":false,"template":"","format":"standard","meta":{"_jetpack_newsletter_access":"","_jetpack_dont_email_post_to_subs":false,"_jetpack_newsletter_tier_id":0,"_jetpack_memberships_contains_paywalled_content":false,"_mbp_banners":[],"_jetpack_feature_clip_id":0,"_jetpack_memberships_contains_paid_content":false,"footnotes":"","jetpack_publicize_message":"","jetpack_publicize_feature_enabled":true,"jetpack_social_post_already_shared":true,"jetpack_social_options":{"image_generator_settings":{"template":"highway","default_image_id":0,"font":"","enabled":false},"version":2},"jetpack_post_was_ever_published":false},"categories":[23],"tags":[],"class_list":["post-8012","post","type-post","status-publish","format-standard","has-post-thumbnail","category-esportes"],"jetpack_publicize_connections":[],"jetpack-related-posts":[],"jetpack_shortlink":"https:\/\/wp.me\/p7Eq1F-25e","jetpack_sharing_enabled":true,"jetpack_featured_media_url":"https:\/\/i0.wp.com\/guialimeira.com.br\/news\/wp-content\/uploads\/2024\/06\/53780529051_8ff602379e_o.jpg?fit=1600%2C800&ssl=1","_links":{"self":[{"href":"https:\/\/guialimeira.com.br\/news\/wp-json\/wp\/v2\/posts\/8012","targetHints":{"allow":["GET"]}}],"collection":[{"href":"https:\/\/guialimeira.com.br\/news\/wp-json\/wp\/v2\/posts"}],"about":[{"href":"https:\/\/guialimeira.com.br\/news\/wp-json\/wp\/v2\/types\/post"}],"author":[{"embeddable":true,"href":"https:\/\/guialimeira.com.br\/news\/wp-json\/wp\/v2\/users\/1"}],"replies":[{"embeddable":true,"href":"https:\/\/guialimeira.com.br\/news\/wp-json\/wp\/v2\/comments?post=8012"}],"version-history":[{"count":0,"href":"https:\/\/guialimeira.com.br\/news\/wp-json\/wp\/v2\/posts\/8012\/revisions"}],"wp:featuredmedia":[{"embeddable":true,"href":"https:\/\/guialimeira.com.br\/news\/wp-json\/wp\/v2\/media\/8013"}],"wp:attachment":[{"href":"https:\/\/guialimeira.com.br\/news\/wp-json\/wp\/v2\/media?parent=8012"}],"wp:term":[{"taxonomy":"category","embeddable":true,"href":"https:\/\/guialimeira.com.br\/news\/wp-json\/wp\/v2\/categories?post=8012"},{"taxonomy":"post_tag","embeddable":true,"href":"https:\/\/guialimeira.com.br\/news\/wp-json\/wp\/v2\/tags?post=8012"}],"curies":[{"name":"wp","href":"https:\/\/api.w.org\/{rel}","templated":true}]}}