{"id":7988,"date":"2024-06-09T13:30:44","date_gmt":"2024-06-09T16:30:44","guid":{"rendered":"https:\/\/guialimeira.com.br\/2024\/06\/09\/mario-botion-e-erika-tank-acompanham-corrida-sem-barreiras\/"},"modified":"2024-06-09T13:30:44","modified_gmt":"2024-06-09T16:30:44","slug":"mario-botion-e-erika-tank-acompanham-corrida-sem-barreiras","status":"publish","type":"post","link":"https:\/\/guialimeira.com.br\/news\/mario-botion-e-erika-tank-acompanham-corrida-sem-barreiras\/","title":{"rendered":"Mario Botion e Erika Tank acompanham Corrida Sem Barreiras"},"content":{"rendered":"<p> <br \/>\n<\/p>\n<div>\n            <main class=\"\">&#13;<br \/>\n                &#13;<br \/>\n&#13;<br \/>\n&#13;<br \/>\n&#13;<br \/>\n    <img data-recalc-dims=\"1\" decoding=\"async\" src=\"https:\/\/i0.wp.com\/ecrie.com.br\/sistema\/conteudos\/imagem\/m_137_7_1_09062024123725.jpg?w=696&#038;ssl=1\" alt=\"Mario Botion e Erika Tank acompanham Corrida Sem Barreiras\"\/>&#13;<br \/>\n&#13;<\/p>\n<p style=\"text-align: justify;\" align=\"justify\">O prefeito Mario Botion e a vice-prefeita Erika Tank acompanharam, neste domingo (9), a 16\u00aa Corrida Sem Barreiras. O evento, que reuniu cerca de 500 participantes, foi realizado pela Ainda (Associa\u00e7\u00e3o Integrada de Deficientes e Amigos), com apoio da Prefeitura de Limeira, Fundo Social e Ceprosom (Centro de Promo\u00e7\u00e3o Social Municipal). \u201cOs principais objetivos da iniciativa s\u00e3o promover a inclus\u00e3o por meio do esporte, incentivar a pr\u00e1tica de atividade f\u00edsica, al\u00e9m de arrecadar recursos para o trabalho desenvolvido pela entidade\u201d, afirmou o prefeito.<\/p>\n<p>&#13;<\/p>\n<p style=\"text-align: justify;\" align=\"justify\">A a\u00e7\u00e3o faz parte do projeto Parceria Solid\u00e1ria, que re\u00fane corridas de rua da Ainda, Aril (Associa\u00e7\u00e3o de Reabilita\u00e7\u00e3o Infantil Limeirense) e Apae (Associa\u00e7\u00e3o de Pais e Amigos dos Excepcionais de Limeira). \u201cA uni\u00e3o entre as entidades \u00e9 fundamental para que os eventos tenham resultados mais significativos. Parab\u00e9ns a todos que participaram da corrida\u201d, disse a vice-prefeita Erika Tank.<\/p>\n<p>&#13;<\/p>\n<p style=\"text-align: justify;\" align=\"justify\">Os participantes receberam medalhas. Em cada corrida da Parceria Solid\u00e1ria, eles ganhar\u00e3o parte de uma mandala que, ao final, ter\u00e1 o formato de um cora\u00e7\u00e3o, representando o projeto.<\/p>\n<p>&#13;<\/p>\n<p style=\"text-align: justify;\" align=\"justify\">Trof\u00e9us foram entregues aos cinco primeiros participantes que cruzaram a linha de chegada em cada categoria.<\/p>\n<p>&#13;<\/p>\n<p style=\"text-align: justify;\" align=\"justify\">O presidente da Ainda, Eder J\u00fanior, e a gestora de Projetos Sociais da entidade, Kedima Silva, tamb\u00e9m estiveram no evento.<\/p>\n<p>&#13;<\/p>\n<p style=\"text-align: justify;\" align=\"justify\">PERCURSO<\/p>\n<p>&#13;<\/p>\n<p style=\"text-align: justify;\" align=\"justify\">O evento teve as modalidades: corrida de 6 km, caminhada de 3 km, corredor Pernas Volunt\u00e1rias (participantes que empurram os atendidos da Ainda em triciclos) e corrida kids. O percurso foi em torno da Via Jurandyr Paix\u00e3o, com largada e chegada no Horto Florestal.<\/p>\n<p>&#13;<\/p>\n<p style=\"text-align: justify;\" align=\"justify\">\u00a0<\/p>\n<p>&#13;<br \/>\n&#13;<br \/>\n    &#13;<br \/>\n    &#13;<br \/>\n&#13;<br \/>\n&#13;<\/p>\n<aside class=\"list-related no-print\">&#13;<br \/>\n        &#13;<br \/>\n&#13;<\/p>\n<article class=\"list-item noticias \">&#13;<br \/>\n                    <a class=\"list-item__img\" href=\"https:\/\/limeira.sp.gov.br\/imprensa\/noticias\/gabinete-do-prefeito\/parque-cidade-recebe-projeto-prefeito-no-bairro\" tabindex=\"-1\" aria-hidden=\"true\" rel=\"noopener\">&#13;<br \/>\n                        <img data-recalc-dims=\"1\" decoding=\"async\" src=\"https:\/\/i0.wp.com\/ecrie.com.br\/sistema\/conteudos\/imagem\/m_137_1_3_08062024130559.jpg?w=696&#038;ssl=1\" alt=\"Parque Cidade recebe projeto Prefeito no Bairro\"\/>&#13;<br \/>\n                    <\/a>&#13;<br \/>\n&#13;<br \/>\n                &#13;<br \/>\n            <\/article>\n<p>&#13;<\/p>\n<article class=\"list-item noticias \">&#13;<br \/>\n                    <a class=\"list-item__img\" href=\"https:\/\/limeira.sp.gov.br\/imprensa\/noticias\/gabinete-do-prefeito\/avanca-interligacao-entre-santa-eulalia-e-gustavo-peccinini-local-tera-estrutura-de-lazer-e-esporte\" tabindex=\"-1\" aria-hidden=\"true\" rel=\"noopener\">&#13;<br \/>\n                        <img data-recalc-dims=\"1\" decoding=\"async\" src=\"https:\/\/i0.wp.com\/ecrie.com.br\/sistema\/conteudos\/imagem\/m_137_1_3_07062024160252.jpg?w=696&#038;ssl=1\" alt=\"Avan\u00e7a interliga\u00e7\u00e3o entre Santa Eul\u00e1lia e Gustavo Peccinini; local ter\u00e1 estrutura de lazer e esporte\"\/>&#13;<br \/>\n                    <\/a>&#13;<br \/>\n&#13;<br \/>\n                &#13;<br \/>\n            <\/article>\n<p>&#13;<\/p>\n<article class=\"list-item noticias \">&#13;<br \/>\n                    <a class=\"list-item__img\" href=\"https:\/\/limeira.sp.gov.br\/imprensa\/noticias\/gabinete-do-prefeito\/trecho-do-anel-viario-sera-recapeado-investimento-soma-r-13-milhao\" tabindex=\"-1\" aria-hidden=\"true\" rel=\"noopener\">&#13;<br \/>\n                        <img data-recalc-dims=\"1\" decoding=\"async\" src=\"https:\/\/i0.wp.com\/ecrie.com.br\/sistema\/conteudos\/imagem\/m_137_0_1_07062024164213.jpg?w=696&#038;ssl=1\" alt=\"Trecho do Anel Vi\u00e1rio ser\u00e1 recapeado; investimento soma R$ 1,3 milh\u00e3o\"\/>&#13;<br \/>\n                    <\/a>&#13;<br \/>\n&#13;<br \/>\n                &#13;<br \/>\n            <\/article>\n<p>&#13;<br \/>\n    <\/aside>\n<p>&#13;<br \/>\n&#13;<br \/>\n            <\/main><\/p><\/div>\n<p><br \/>\n<br \/><a href=\"https:\/\/limeira.sp.gov.br\/mario-botion-e-erika-tank-acompanham-corrida-sem-barreiras\" rel=\"noopener\">Informa\u00e7\u00f5es da PML <\/a><\/p>\n","protected":false},"excerpt":{"rendered":"<p>&#13; &#13; &#13; &#13; &#13; &#13; &#13; O prefeito Mario Botion e a vice-prefeita Erika Tank acompanharam, neste domingo (9), a 16\u00aa Corrida Sem Barreiras. O evento, que reuniu cerca de 500 participantes, foi realizado pela Ainda (Associa\u00e7\u00e3o Integrada de Deficientes e Amigos), com apoio da Prefeitura de Limeira, Fundo Social e Ceprosom (Centro de [&hellip;]<\/p>\n","protected":false},"author":1,"featured_media":7989,"comment_status":"open","ping_status":"open","sticky":false,"template":"","format":"standard","meta":{"_jetpack_newsletter_access":"","_jetpack_dont_email_post_to_subs":false,"_jetpack_newsletter_tier_id":0,"_jetpack_memberships_contains_paywalled_content":false,"_mbp_banners":[],"_jetpack_feature_clip_id":0,"_jetpack_memberships_contains_paid_content":false,"footnotes":"","jetpack_publicize_message":"","jetpack_publicize_feature_enabled":true,"jetpack_social_post_already_shared":true,"jetpack_social_options":{"image_generator_settings":{"template":"highway","default_image_id":0,"font":"","enabled":false},"version":2},"jetpack_post_was_ever_published":false},"categories":[16],"tags":[],"class_list":["post-7988","post","type-post","status-publish","format-standard","has-post-thumbnail","category-local"],"jetpack_publicize_connections":[],"jetpack-related-posts":[],"jetpack_shortlink":"https:\/\/wp.me\/p7Eq1F-24Q","jetpack_sharing_enabled":true,"jetpack_featured_media_url":"https:\/\/i0.wp.com\/guialimeira.com.br\/news\/wp-content\/uploads\/2024\/06\/m_137_7_1_09062024123725.jpg?fit=1318%2C857&ssl=1","_links":{"self":[{"href":"https:\/\/guialimeira.com.br\/news\/wp-json\/wp\/v2\/posts\/7988","targetHints":{"allow":["GET"]}}],"collection":[{"href":"https:\/\/guialimeira.com.br\/news\/wp-json\/wp\/v2\/posts"}],"about":[{"href":"https:\/\/guialimeira.com.br\/news\/wp-json\/wp\/v2\/types\/post"}],"author":[{"embeddable":true,"href":"https:\/\/guialimeira.com.br\/news\/wp-json\/wp\/v2\/users\/1"}],"replies":[{"embeddable":true,"href":"https:\/\/guialimeira.com.br\/news\/wp-json\/wp\/v2\/comments?post=7988"}],"version-history":[{"count":0,"href":"https:\/\/guialimeira.com.br\/news\/wp-json\/wp\/v2\/posts\/7988\/revisions"}],"wp:featuredmedia":[{"embeddable":true,"href":"https:\/\/guialimeira.com.br\/news\/wp-json\/wp\/v2\/media\/7989"}],"wp:attachment":[{"href":"https:\/\/guialimeira.com.br\/news\/wp-json\/wp\/v2\/media?parent=7988"}],"wp:term":[{"taxonomy":"category","embeddable":true,"href":"https:\/\/guialimeira.com.br\/news\/wp-json\/wp\/v2\/categories?post=7988"},{"taxonomy":"post_tag","embeddable":true,"href":"https:\/\/guialimeira.com.br\/news\/wp-json\/wp\/v2\/tags?post=7988"}],"curies":[{"name":"wp","href":"https:\/\/api.w.org\/{rel}","templated":true}]}}