{"id":7966,"date":"2024-06-09T09:15:41","date_gmt":"2024-06-09T12:15:41","guid":{"rendered":"https:\/\/guialimeira.com.br\/2024\/06\/09\/serie-b-tem-domingo-de-rodada-dupla-na-tela-da-tv-brasil\/"},"modified":"2024-06-09T09:15:41","modified_gmt":"2024-06-09T12:15:41","slug":"serie-b-tem-domingo-de-rodada-dupla-na-tela-da-tv-brasil","status":"publish","type":"post","link":"https:\/\/guialimeira.com.br\/news\/serie-b-tem-domingo-de-rodada-dupla-na-tela-da-tv-brasil\/","title":{"rendered":"S\u00e9rie B tem domingo de rodada dupla na tela da TV Brasil"},"content":{"rendered":"<p> <br \/>\n<\/p>\n<div>\n<p>Mirando a lideran\u00e7a da S\u00e9rie B do Campeonato Brasileiro, o Ava\u00ed recebe a Chapecoense, a partir das 16h (hor\u00e1rio de Bras\u00edlia) deste domingo (9) no est\u00e1dio da Ressacada, em partida v\u00e1lida pela 9\u00aa rodada da competi\u00e7\u00e3o que ter\u00e1 transmiss\u00e3o ao vivo da <strong>TV Brasil<\/strong>.<img data-recalc-dims=\"1\" decoding=\"async\" src=\"https:\/\/i0.wp.com\/agenciabrasil.ebc.com.br\/ebc.png?w=696&#038;ssl=1\" style=\"width:1px; height:1px; display:inline;\"\/><img data-recalc-dims=\"1\" decoding=\"async\" src=\"https:\/\/i0.wp.com\/agenciabrasil.ebc.com.br\/ebc.gif?w=696&#038;ssl=1\" style=\"width:1px; height:1px; display:inline;\"\/><\/p>\n<blockquote class=\"twitter-tweet\">\n<p dir=\"ltr\" lang=\"pt\" xml:lang=\"pt\">\ud83e\udd81\ud83d\udcaa\ud83c\udffb Imagens do treino desta tarde de sexta-feira, no gramado da Ressacada. <a href=\"https:\/\/twitter.com\/hashtag\/DaIlha%C3%89sOLe%C3%A3o?src=hash&amp;ref_src=twsrc%5Etfw\" rel=\"noopener\">#DaIlha\u00c9sOLe\u00e3o<\/a><a href=\"https:\/\/twitter.com\/hashtag\/PraCimaComARacaToda?src=hash&amp;ref_src=twsrc%5Etfw\" rel=\"noopener\">#PraCimaComARacaToda<\/a><a href=\"https:\/\/twitter.com\/hashtag\/SejaSocio?src=hash&amp;ref_src=twsrc%5Etfw\" rel=\"noopener\">#SejaSocio<\/a><br \/>\ud83d\udcf7: Leandro Boeira\/<a href=\"https:\/\/twitter.com\/AvaiFC?ref_src=twsrc%5Etfw\" rel=\"noopener\">@AvaiFC<\/a> <a href=\"https:\/\/t.co\/ctzzamRfWW\">pic.twitter.com\/ctzzamRfWW<\/a><\/p>\n<p>\u2014 Ava\u00ed Futebol Clube (@AvaiFC) <a href=\"https:\/\/twitter.com\/AvaiFC\/status\/1799174083990659493?ref_src=twsrc%5Etfw\" rel=\"noopener\">June 7, 2024<\/a><\/p><\/blockquote>\n<p>O Le\u00e3o da Ilha chega em \u00f3timo momento \u00e0 partida, ap\u00f3s completar uma sequ\u00eancia de cinco triunfos consecutivos que o levaram \u00e0 vice-lideran\u00e7a da classifica\u00e7\u00e3o com 16 pontos. J\u00e1 o Verd\u00e3o ocupa a 13\u00aa posi\u00e7\u00e3o com dez pontos.<\/p>\n<p>A partida ter\u00e1 narra\u00e7\u00e3o de Rodrigo Campos e coment\u00e1rios de Brenda Balbi e do convidado Luiz Ant\u00f4nio Zaluar.<\/p>\n<blockquote class=\"twitter-tweet\">\n<p dir=\"ltr\" lang=\"pt\" xml:lang=\"pt\">Mais um dia de treinamento na nossa casa! \ud83d\udc9a<a href=\"https:\/\/twitter.com\/hashtag\/VamosChape?src=hash&amp;ref_src=twsrc%5Etfw\" rel=\"noopener\">#VamosChape<\/a> <a href=\"https:\/\/t.co\/DAIIbCKhsH\">pic.twitter.com\/DAIIbCKhsH<\/a><\/p>\n<p>\u2014 Chapecoense (@ChapecoenseReal) <a href=\"https:\/\/twitter.com\/ChapecoenseReal\/status\/1799152223441559629?ref_src=twsrc%5Etfw\" rel=\"noopener\">June 7, 2024<\/a><\/p><\/blockquote>\n<h2>Rodada dupla<\/h2>\n<p>Na sequ\u00eancia, a emissora p\u00fablica transmite o encontro entre o Am\u00e9rica-MG e a Ponte Preta, na Arena Independ\u00eancia, em Belo Horizonte, a partir das 18h30. Andr\u00e9 Marques ser\u00e1 o respons\u00e1vel pela narra\u00e7\u00e3o e os coment\u00e1rios ser\u00e3o realizados pelos convidados Alexandre Vasconcellos e Lucho Nizzo.<\/p>\n<blockquote class=\"twitter-tweet\">\n<p dir=\"ltr\" lang=\"pt\" xml:lang=\"pt\">A tarde desta quinta-feira (6) foi de reapresenta\u00e7\u00e3o para o elenco americano!<\/p>\n<p>Dado o inicio na prepara\u00e7\u00e3o para enfrentar a Ponte Preta! Domingo \u00e9 dia de Coelh\u00e3o no Indepa! \ud83d\udc30\ud83d\udc4a\ud83c\udfff<\/p>\n<p>\ud83d\udcf8 Mour\u00e3o Panda \/ Am\u00e9rica <a href=\"https:\/\/twitter.com\/hashtag\/PraCimaDelesCoelho?src=hash&amp;ref_src=twsrc%5Etfw\" rel=\"noopener\">#PraCimaDelesCoelho<\/a> <a href=\"https:\/\/twitter.com\/hashtag\/Am%C3%A9ricaDoBrasil?src=hash&amp;ref_src=twsrc%5Etfw\" rel=\"noopener\">#Am\u00e9ricaDoBrasil<\/a> <a href=\"https:\/\/t.co\/O4H9OUdi6y\">pic.twitter.com\/O4H9OUdi6y<\/a><\/p>\n<p>\u2014 Am\u00e9rica FC (@AmericaFC1912) <a href=\"https:\/\/twitter.com\/AmericaFC1912\/status\/1798827901208727675?ref_src=twsrc%5Etfw\" rel=\"noopener\">June 6, 2024<\/a><\/p><\/blockquote>\n<p>O Am\u00e9rica-MG \u00e9 outra equipe que inicia a 9\u00aa rodada da S\u00e9rie B do Brasileiro mirando a lideran\u00e7a da competi\u00e7\u00e3o. Ocupando a 5\u00aa posi\u00e7\u00e3o com 15 pontos, o Coelho tem chances reais de ultrapassar o l\u00edder Goi\u00e1s, que tem 17 pontos e enfrenta o Mirassol. J\u00e1 a Ponte Preta chega ao confronto na 14\u00aa posi\u00e7\u00e3o com nove pontos.<\/p>\n<\/p><\/div>\n<p><script async src=\"\/\/platform.twitter.com\/widgets.js\" charset=\"utf-8\"><\/script><br \/>\n<br \/><br \/>\n<br \/><a href=\"https:\/\/agenciabrasil.ebc.com.br\/esportes\/noticia\/2024-06\/serie-b-tem-domingo-de-rodada-dupla-na-tela-da-tv-brasil\" rel=\"noopener\">Ag\u00eancia Brasil<\/a><\/p>\n","protected":false},"excerpt":{"rendered":"<p>Mirando a lideran\u00e7a da S\u00e9rie B do Campeonato Brasileiro, o Ava\u00ed recebe a Chapecoense, a partir das 16h (hor\u00e1rio de Bras\u00edlia) deste domingo (9) no est\u00e1dio da Ressacada, em partida v\u00e1lida pela 9\u00aa rodada da competi\u00e7\u00e3o que ter\u00e1 transmiss\u00e3o ao vivo da TV Brasil. \ud83e\udd81\ud83d\udcaa\ud83c\udffb Imagens do treino desta tarde de sexta-feira, no gramado da [&hellip;]<\/p>\n","protected":false},"author":1,"featured_media":7967,"comment_status":"open","ping_status":"open","sticky":false,"template":"","format":"standard","meta":{"_jetpack_newsletter_access":"","_jetpack_dont_email_post_to_subs":false,"_jetpack_newsletter_tier_id":0,"_jetpack_memberships_contains_paywalled_content":false,"_mbp_banners":[],"_jetpack_feature_clip_id":0,"_jetpack_memberships_contains_paid_content":false,"footnotes":"","jetpack_publicize_message":"","jetpack_publicize_feature_enabled":true,"jetpack_social_post_already_shared":true,"jetpack_social_options":{"image_generator_settings":{"template":"highway","default_image_id":0,"font":"","enabled":false},"version":2},"jetpack_post_was_ever_published":false},"categories":[23],"tags":[],"class_list":["post-7966","post","type-post","status-publish","format-standard","has-post-thumbnail","category-esportes"],"jetpack_publicize_connections":[],"jetpack-related-posts":[],"jetpack_shortlink":"https:\/\/wp.me\/p7Eq1F-24u","jetpack_sharing_enabled":true,"jetpack_featured_media_url":"https:\/\/i0.wp.com\/guialimeira.com.br\/news\/wp-content\/uploads\/2024\/06\/design-sem-nome-2.jpg?fit=1600%2C800&ssl=1","_links":{"self":[{"href":"https:\/\/guialimeira.com.br\/news\/wp-json\/wp\/v2\/posts\/7966","targetHints":{"allow":["GET"]}}],"collection":[{"href":"https:\/\/guialimeira.com.br\/news\/wp-json\/wp\/v2\/posts"}],"about":[{"href":"https:\/\/guialimeira.com.br\/news\/wp-json\/wp\/v2\/types\/post"}],"author":[{"embeddable":true,"href":"https:\/\/guialimeira.com.br\/news\/wp-json\/wp\/v2\/users\/1"}],"replies":[{"embeddable":true,"href":"https:\/\/guialimeira.com.br\/news\/wp-json\/wp\/v2\/comments?post=7966"}],"version-history":[{"count":0,"href":"https:\/\/guialimeira.com.br\/news\/wp-json\/wp\/v2\/posts\/7966\/revisions"}],"wp:featuredmedia":[{"embeddable":true,"href":"https:\/\/guialimeira.com.br\/news\/wp-json\/wp\/v2\/media\/7967"}],"wp:attachment":[{"href":"https:\/\/guialimeira.com.br\/news\/wp-json\/wp\/v2\/media?parent=7966"}],"wp:term":[{"taxonomy":"category","embeddable":true,"href":"https:\/\/guialimeira.com.br\/news\/wp-json\/wp\/v2\/categories?post=7966"},{"taxonomy":"post_tag","embeddable":true,"href":"https:\/\/guialimeira.com.br\/news\/wp-json\/wp\/v2\/tags?post=7966"}],"curies":[{"name":"wp","href":"https:\/\/api.w.org\/{rel}","templated":true}]}}